{"id":2536,"date":"2025-09-05T18:23:52","date_gmt":"2025-09-05T16:23:52","guid":{"rendered":"https:\/\/agora.xtec.cat\/esc-jverdaguer\/?p=2536"},"modified":"2025-09-05T18:23:52","modified_gmt":"2025-09-05T16:23:52","slug":"un-claustre-pedagogic-per-obrir-camins","status":"publish","type":"post","link":"https:\/\/agora.xtec.cat\/esc-jverdaguer\/portada\/un-claustre-pedagogic-per-obrir-camins\/","title":{"rendered":"Un claustre pedag\u00f2gic per obrir camins!"},"content":{"rendered":"<p align=\"justify\">Aquest divendres 5 de setembre de 2025, la biblioteca de l\u2019escola s\u2019ha omplert d\u2019idees, de debat i sobretot projectes compartits. Hem celebrat el primer claustre pedag\u00f2gic del curs, amb l\u2019objectiu de posar en com\u00fa els grans reptes que guiaran el nostre centre a curt, mitj\u00e0 i llarg termini.<\/p>\n<p align=\"justify\">Durant la sessi\u00f3 s\u2019han presentat quatre plans estrat\u00e8gics, elaborats a partir del treball conjunt del claustre:<\/p>\n<p align=\"justify\"><strong>-Pla d\u2019adequaci\u00f3 d\u2019espais<\/strong>: un projecte per repensar l\u2019escola com un entorn viu, acollidor i funcional, que respongui millor a les necessitats d\u2019aprenentatge i conviv\u00e8ncia del nostre alumnat.<\/p>\n<p align=\"justify\"><strong>-Pla de comunicaci\u00f3<\/strong>: una aposta per explicar-nos millor, tant dins com fora de l\u2019escola, amb canals clars, transparents i propers que reforcin el vincle amb tota la comunitat educativa.<\/p>\n<p align=\"justify\"><strong>-Pla de millora de la llengua catalana<\/strong>: un comprom\u00eds per potenciar la compet\u00e8ncia ling\u00fc\u00edstica del nostre alumnat, des d\u2019Educaci\u00f3 Infantil a Cicle Superior, garantint la cohesi\u00f3 i la riquesa cultural que ens defineix.<\/p>\n<p align=\"justify\"><strong>-Pla d\u2019atenci\u00f3 a la diversitat i la multiculturalitat<\/strong>: una mirada inclusiva i valenta que integra la diversitat com a motor d\u2019aprenentatge, fent de la nostra escola un espai on tothom t\u00e9 cabuda i pot cr\u00e9ixer.<\/p>\n<p>El claustre d\u2019avui ha estat una mostra clara de com es construeix escola: mestres que posen la seva experi\u00e8ncia, idees i energia al servei d\u2019un projecte com\u00fa. Gr\u00e0cies a aquesta implicaci\u00f3 col\u00b7lectiva, fem un <strong>gran salt endavant<\/strong> que ens permet enfortir el present i imaginar el futur amb confian\u00e7a.<\/p>\n<p>Aquests quatre eixos de treball seran sotmesos a consens i aprovaci\u00f3 al claustre i al Consell Escolar, amb la voluntat que esdevinguin la br\u00faixola que orienti el cam\u00ed de l\u2019escola els anys vinents.<\/p>\n<p>L\u2019escola continua avan\u00e7ant: \u00e9s i ser\u00e0 un projecte com\u00fa que ens fa cr\u00e9ixer a totes i tots!<\/p>\n<p><strong>Junts per construir, units per cr\u00e9ixer\u00a0 \u00a0<\/strong><\/p>\n<p><img loading=\"lazy\" decoding=\"async\" class=\"wp-image-2538 alignleft\" src=\"https:\/\/agora.xtec.cat\/esc-jverdaguer\/wp-content\/uploads\/usu831\/2025\/09\/89c59f24-98df-41fe-8a37-9875e454d118.jpeg\" alt=\"\" width=\"284\" height=\"342\" srcset=\"https:\/\/agora.xtec.cat\/esc-jverdaguer\/wp-content\/uploads\/usu831\/2025\/09\/89c59f24-98df-41fe-8a37-9875e454d118.jpeg 1162w, https:\/\/agora.xtec.cat\/esc-jverdaguer\/wp-content\/uploads\/usu831\/2025\/09\/89c59f24-98df-41fe-8a37-9875e454d118-249x300.jpeg 249w, https:\/\/agora.xtec.cat\/esc-jverdaguer\/wp-content\/uploads\/usu831\/2025\/09\/89c59f24-98df-41fe-8a37-9875e454d118-849x1024.jpeg 849w, https:\/\/agora.xtec.cat\/esc-jverdaguer\/wp-content\/uploads\/usu831\/2025\/09\/89c59f24-98df-41fe-8a37-9875e454d118-768x926.jpeg 768w\" sizes=\"auto, (max-width: 284px) 100vw, 284px\" \/><img loading=\"lazy\" decoding=\"async\" class=\"wp-image-2537 alignright\" src=\"https:\/\/agora.xtec.cat\/esc-jverdaguer\/wp-content\/uploads\/usu831\/2025\/09\/48e39990-b92a-4b14-8b18-4f6ecaf46ef7.jpeg\" alt=\"\" width=\"263\" height=\"350\" srcset=\"https:\/\/agora.xtec.cat\/esc-jverdaguer\/wp-content\/uploads\/usu831\/2025\/09\/48e39990-b92a-4b14-8b18-4f6ecaf46ef7.jpeg 1200w, https:\/\/agora.xtec.cat\/esc-jverdaguer\/wp-content\/uploads\/usu831\/2025\/09\/48e39990-b92a-4b14-8b18-4f6ecaf46ef7-225x300.jpeg 225w, https:\/\/agora.xtec.cat\/esc-jverdaguer\/wp-content\/uploads\/usu831\/2025\/09\/48e39990-b92a-4b14-8b18-4f6ecaf46ef7-768x1024.jpeg 768w, https:\/\/agora.xtec.cat\/esc-jverdaguer\/wp-content\/uploads\/usu831\/2025\/09\/48e39990-b92a-4b14-8b18-4f6ecaf46ef7-1152x1536.jpeg 1152w\" sizes=\"auto, (max-width: 263px) 100vw, 263px\" \/><\/p>\n","protected":false},"excerpt":{"rendered":"<p>Aquest divendres 5 de setembre de 2025, la biblioteca de l\u2019escola s\u2019ha omplert d\u2019idees, de debat i sobretot projectes compartits. Hem celebrat el primer claustre pedag\u00f2gic del curs, amb l\u2019objectiu de posar en com\u00fa els grans reptes que guiaran el nostre centre a curt, mitj\u00e0 i llarg termini. Durant la sessi\u00f3 s\u2019han presentat quatre plans [&hellip;]<\/p>\n","protected":false},"author":1,"featured_media":2538,"comment_status":"closed","ping_status":"open","sticky":false,"template":"","format":"standard","meta":{"_bbp_topic_count":0,"_bbp_reply_count":0,"_bbp_total_topic_count":0,"_bbp_total_reply_count":0,"_bbp_voice_count":0,"_bbp_anonymous_reply_count":0,"_bbp_topic_count_hidden":0,"_bbp_reply_count_hidden":0,"_bbp_forum_subforum_count":0,"site-sidebar-layout":"default","site-content-layout":"","ast-site-content-layout":"","site-content-style":"default","site-sidebar-style":"default","ast-global-header-display":"","ast-banner-title-visibility":"","ast-main-header-display":"","ast-hfb-above-header-display":"","ast-hfb-below-header-display":"","ast-hfb-mobile-header-display":"","site-post-title":"","ast-breadcrumbs-content":"","ast-featured-img":"","footer-sml-layout":"","theme-transparent-header-meta":"","adv-header-id-meta":"","stick-header-meta":"","header-above-stick-meta":"","header-main-stick-meta":"","header-below-stick-meta":"","astra-migrate-meta-layouts":"default","ast-page-background-enabled":"default","ast-page-background-meta":{"desktop":{"background-color":"var(--ast-global-color-4)","background-image":"","background-repeat":"repeat","background-position":"center center","background-size":"auto","background-attachment":"scroll","background-type":"","background-media":"","overlay-type":"","overlay-color":"","overlay-opacity":"","overlay-gradient":""},"tablet":{"background-color":"","background-image":"","background-repeat":"repeat","background-position":"center center","background-size":"auto","background-attachment":"scroll","background-type":"","background-media":"","overlay-type":"","overlay-color":"","overlay-opacity":"","overlay-gradient":""},"mobile":{"background-color":"","background-image":"","background-repeat":"repeat","background-position":"center center","background-size":"auto","background-attachment":"scroll","background-type":"","background-media":"","overlay-type":"","overlay-color":"","overlay-opacity":"","overlay-gradient":""}},"ast-content-background-meta":{"desktop":{"background-color":"var(--ast-global-color-5)","background-image":"","background-repeat":"repeat","background-position":"center center","background-size":"auto","background-attachment":"scroll","background-type":"","background-media":"","overlay-type":"","overlay-color":"","overlay-opacity":"","overlay-gradient":""},"tablet":{"background-color":"var(--ast-global-color-5)","background-image":"","background-repeat":"repeat","background-position":"center center","background-size":"auto","background-attachment":"scroll","background-type":"","background-media":"","overlay-type":"","overlay-color":"","overlay-opacity":"","overlay-gradient":""},"mobile":{"background-color":"var(--ast-global-color-5)","background-image":"","background-repeat":"repeat","background-position":"center center","background-size":"auto","background-attachment":"scroll","background-type":"","background-media":"","overlay-type":"","overlay-color":"","overlay-opacity":"","overlay-gradient":""}},"footnotes":""},"categories":[4],"tags":[],"class_list":["post-2536","post","type-post","status-publish","format-standard","has-post-thumbnail","hentry","category-portada"],"post_mailing_queue_ids":[],"_links":{"self":[{"href":"https:\/\/agora.xtec.cat\/esc-jverdaguer\/wp-json\/wp\/v2\/posts\/2536","targetHints":{"allow":["GET"]}}],"collection":[{"href":"https:\/\/agora.xtec.cat\/esc-jverdaguer\/wp-json\/wp\/v2\/posts"}],"about":[{"href":"https:\/\/agora.xtec.cat\/esc-jverdaguer\/wp-json\/wp\/v2\/types\/post"}],"author":[{"embeddable":true,"href":"https:\/\/agora.xtec.cat\/esc-jverdaguer\/wp-json\/wp\/v2\/users\/1"}],"replies":[{"embeddable":true,"href":"https:\/\/agora.xtec.cat\/esc-jverdaguer\/wp-json\/wp\/v2\/comments?post=2536"}],"version-history":[{"count":3,"href":"https:\/\/agora.xtec.cat\/esc-jverdaguer\/wp-json\/wp\/v2\/posts\/2536\/revisions"}],"predecessor-version":[{"id":2541,"href":"https:\/\/agora.xtec.cat\/esc-jverdaguer\/wp-json\/wp\/v2\/posts\/2536\/revisions\/2541"}],"wp:featuredmedia":[{"embeddable":true,"href":"https:\/\/agora.xtec.cat\/esc-jverdaguer\/wp-json\/wp\/v2\/media\/2538"}],"wp:attachment":[{"href":"https:\/\/agora.xtec.cat\/esc-jverdaguer\/wp-json\/wp\/v2\/media?parent=2536"}],"wp:term":[{"taxonomy":"category","embeddable":true,"href":"https:\/\/agora.xtec.cat\/esc-jverdaguer\/wp-json\/wp\/v2\/categories?post=2536"},{"taxonomy":"post_tag","embeddable":true,"href":"https:\/\/agora.xtec.cat\/esc-jverdaguer\/wp-json\/wp\/v2\/tags?post=2536"}],"curies":[{"name":"wp","href":"https:\/\/api.w.org\/{rel}","templated":true}]}}