{"id":2362,"date":"2025-04-11T09:08:36","date_gmt":"2025-04-11T07:08:36","guid":{"rendered":"https:\/\/agora.xtec.cat\/esc-jverdaguer\/?p=2362"},"modified":"2025-11-06T19:41:42","modified_gmt":"2025-11-06T18:41:42","slug":"presentacio-2n-els-animals-vertebrats-a-les-families","status":"publish","type":"post","link":"https:\/\/agora.xtec.cat\/esc-jverdaguer\/general\/presentacio-2n-els-animals-vertebrats-a-les-families\/","title":{"rendered":"PRESENTACI\u00d3 2n \u201cELS ANIMALS VERTEBRATS\u201d A LES FAM\u00cdLIES"},"content":{"rendered":"<p>Dijous va ser el torn del grup de 2n de presentar a les fam\u00edlies la seva apassionant situaci\u00f3 d\u2019aprenentatge \u201cEls animals vertebrats\u201d. El repte final d\u2019aquesta consistia a mostrar a un p\u00fablic real com s\u00f3n les fam\u00edlies tot el que envolta el nostre cos.<\/p>\n<p>En aquesta presentaci\u00f3 es pret\u00e9n fer una mostra de la feina del dia a dia a l\u2019aula, explicada pels seus propis protagonistes. A m\u00e9s a m\u00e9s, el grup de 2n ha afegit una innovaci\u00f3: un conteu interactiu! Les fam\u00edlies han hagut de participar. Ha resultat molt engrescador!<\/p>\n<p>Durant l\u2019exposici\u00f3 s\u2019ha explicat el que l\u2019alumnat ha apr\u00e8s envers les aus, els peixos, els mam\u00edfers, els amfibis i els r\u00e8ptils. S&#8217;ha explicat qu\u00e8 mengen, com es reprodueixen, com interaccionen i s&#8217;han citat alguns exemples, fins i tot en angl\u00e8s! A m\u00e9s a m\u00e9s de la presentaci\u00f3, l&#8217;alumnat ha treballat molt la decoraci\u00f3 i l&#8217;ambientaci\u00f3 per aquesta. El resultat ha estat espectacular! Com a tancament, l\u2019alumnat ha gaudit amb la visita de les seves fam\u00edlies, vivint una de les experi\u00e8ncies m\u00e9s motivadores que ens ofereix l\u2019escola.<\/p>\n<p>Us deixem unes quantes imatges i el v\u00eddeo de la presentaci\u00f3. Va ser una experi\u00e8ncia incre\u00efble per les fam\u00edlies i, sobretot, per a tot l\u2019alumnat.<\/p>\n<p><div class=\"ast-oembed-container \" style=\"height: 100%;\"><iframe loading=\"lazy\" title=\"Presentaci\u00f3 2n 24 25 b\" width=\"500\" height=\"281\" src=\"https:\/\/www.youtube.com\/embed\/EGusJjnFMos?feature=oembed\" frameborder=\"0\" allow=\"accelerometer; autoplay; clipboard-write; encrypted-media; gyroscope; picture-in-picture; web-share\" referrerpolicy=\"strict-origin-when-cross-origin\" allowfullscreen><\/iframe><\/div><\/p>\n\n\n<div class=\"wp-block-getwid-images-slider has-arrows-inside has-dots-inside is-carousel has-slides-gap-small has-images-center\"><div class=\"wp-block-getwid-images-slider__wrapper\" data-effect=\"slide\" data-slides-show=\"2\" data-slides-show-laptop=\"1\" data-slides-show-tablet=\"1\" data-slides-show-mobile=\"1\" data-slides-scroll=\"1\" data-autoplay=\"true\" data-pause-hover=\"false\" data-autoplay-speed=\"6000\" data-infinite=\"true\" data-animation-speed=\"800\" data-center-mode=\"false\" data-variable-width=\"false\" data-arrows=\"inside\" data-dots=\"inside\" data-spacing=\"small\"><div class=\"wp-block-getwid-images-slider__item\"><figure><img loading=\"lazy\" decoding=\"async\" width=\"640\" height=\"480\" src=\"https:\/\/agora.xtec.cat\/esc-jverdaguer\/wp-content\/uploads\/usu831\/2025\/04\/IMG_6615b.jpeg\" alt=\"\" data-id=\"2370\" data-link=\"https:\/\/agora.xtec.cat\/esc-jverdaguer\/general\/presentacio-2n-els-animals-vertebrats-a-les-families\/attachment\/img_6615b\/\" data-original-link=\"https:\/\/agora.xtec.cat\/esc-jverdaguer\/wp-content\/uploads\/usu831\/2025\/04\/IMG_6615b.jpeg\" class=\"wp-block-getwid-images-slider__image wp-image-2370\" srcset=\"https:\/\/agora.xtec.cat\/esc-jverdaguer\/wp-content\/uploads\/usu831\/2025\/04\/IMG_6615b.jpeg 640w, https:\/\/agora.xtec.cat\/esc-jverdaguer\/wp-content\/uploads\/usu831\/2025\/04\/IMG_6615b-300x225.jpeg 300w, https:\/\/agora.xtec.cat\/esc-jverdaguer\/wp-content\/uploads\/usu831\/2025\/04\/IMG_6615b-200x150.jpeg 200w\" sizes=\"auto, (max-width: 640px) 100vw, 640px\" \/><\/figure><\/div><div class=\"wp-block-getwid-images-slider__item\"><figure><img loading=\"lazy\" decoding=\"async\" width=\"640\" height=\"480\" src=\"https:\/\/agora.xtec.cat\/esc-jverdaguer\/wp-content\/uploads\/usu831\/2025\/04\/IMG_6616b.jpeg\" alt=\"\" data-id=\"2369\" data-link=\"https:\/\/agora.xtec.cat\/esc-jverdaguer\/general\/presentacio-2n-els-animals-vertebrats-a-les-families\/attachment\/img_6616b\/\" data-original-link=\"https:\/\/agora.xtec.cat\/esc-jverdaguer\/wp-content\/uploads\/usu831\/2025\/04\/IMG_6616b.jpeg\" class=\"wp-block-getwid-images-slider__image wp-image-2369\" srcset=\"https:\/\/agora.xtec.cat\/esc-jverdaguer\/wp-content\/uploads\/usu831\/2025\/04\/IMG_6616b.jpeg 640w, https:\/\/agora.xtec.cat\/esc-jverdaguer\/wp-content\/uploads\/usu831\/2025\/04\/IMG_6616b-300x225.jpeg 300w, https:\/\/agora.xtec.cat\/esc-jverdaguer\/wp-content\/uploads\/usu831\/2025\/04\/IMG_6616b-200x150.jpeg 200w\" sizes=\"auto, (max-width: 640px) 100vw, 640px\" \/><\/figure><\/div><div class=\"wp-block-getwid-images-slider__item\"><figure><img loading=\"lazy\" decoding=\"async\" width=\"640\" height=\"480\" src=\"https:\/\/agora.xtec.cat\/esc-jverdaguer\/wp-content\/uploads\/usu831\/2025\/04\/IMG_6618b.jpeg\" alt=\"\" data-id=\"2368\" data-link=\"https:\/\/agora.xtec.cat\/esc-jverdaguer\/general\/presentacio-2n-els-animals-vertebrats-a-les-families\/attachment\/img_6618b\/\" data-original-link=\"https:\/\/agora.xtec.cat\/esc-jverdaguer\/wp-content\/uploads\/usu831\/2025\/04\/IMG_6618b.jpeg\" class=\"wp-block-getwid-images-slider__image wp-image-2368\" srcset=\"https:\/\/agora.xtec.cat\/esc-jverdaguer\/wp-content\/uploads\/usu831\/2025\/04\/IMG_6618b.jpeg 640w, https:\/\/agora.xtec.cat\/esc-jverdaguer\/wp-content\/uploads\/usu831\/2025\/04\/IMG_6618b-300x225.jpeg 300w, https:\/\/agora.xtec.cat\/esc-jverdaguer\/wp-content\/uploads\/usu831\/2025\/04\/IMG_6618b-200x150.jpeg 200w\" sizes=\"auto, (max-width: 640px) 100vw, 640px\" \/><\/figure><\/div><div class=\"wp-block-getwid-images-slider__item\"><figure><img loading=\"lazy\" decoding=\"async\" width=\"640\" height=\"480\" src=\"https:\/\/agora.xtec.cat\/esc-jverdaguer\/wp-content\/uploads\/usu831\/2025\/04\/IMG_6613b.jpeg\" alt=\"\" data-id=\"2367\" data-link=\"https:\/\/agora.xtec.cat\/esc-jverdaguer\/general\/presentacio-2n-els-animals-vertebrats-a-les-families\/attachment\/img_6613b\/\" data-original-link=\"https:\/\/agora.xtec.cat\/esc-jverdaguer\/wp-content\/uploads\/usu831\/2025\/04\/IMG_6613b.jpeg\" class=\"wp-block-getwid-images-slider__image wp-image-2367\" srcset=\"https:\/\/agora.xtec.cat\/esc-jverdaguer\/wp-content\/uploads\/usu831\/2025\/04\/IMG_6613b.jpeg 640w, https:\/\/agora.xtec.cat\/esc-jverdaguer\/wp-content\/uploads\/usu831\/2025\/04\/IMG_6613b-300x225.jpeg 300w, https:\/\/agora.xtec.cat\/esc-jverdaguer\/wp-content\/uploads\/usu831\/2025\/04\/IMG_6613b-200x150.jpeg 200w\" sizes=\"auto, (max-width: 640px) 100vw, 640px\" \/><\/figure><\/div><div class=\"wp-block-getwid-images-slider__item\"><figure><img loading=\"lazy\" decoding=\"async\" width=\"480\" height=\"640\" src=\"https:\/\/agora.xtec.cat\/esc-jverdaguer\/wp-content\/uploads\/usu831\/2025\/04\/IMG_6611b-rotated.jpeg\" alt=\"\" data-id=\"2366\" data-link=\"https:\/\/agora.xtec.cat\/esc-jverdaguer\/general\/presentacio-2n-els-animals-vertebrats-a-les-families\/attachment\/img_6611b\/\" data-original-link=\"https:\/\/agora.xtec.cat\/esc-jverdaguer\/wp-content\/uploads\/usu831\/2025\/04\/IMG_6611b-rotated.jpeg\" class=\"wp-block-getwid-images-slider__image wp-image-2366\" srcset=\"https:\/\/agora.xtec.cat\/esc-jverdaguer\/wp-content\/uploads\/usu831\/2025\/04\/IMG_6611b-rotated.jpeg 480w, https:\/\/agora.xtec.cat\/esc-jverdaguer\/wp-content\/uploads\/usu831\/2025\/04\/IMG_6611b-225x300.jpeg 225w\" sizes=\"auto, (max-width: 480px) 100vw, 480px\" \/><\/figure><\/div><div class=\"wp-block-getwid-images-slider__item\"><figure><img loading=\"lazy\" decoding=\"async\" width=\"480\" height=\"640\" src=\"https:\/\/agora.xtec.cat\/esc-jverdaguer\/wp-content\/uploads\/usu831\/2025\/04\/IMG_6600b-rotated.jpeg\" alt=\"\" data-id=\"2365\" data-link=\"https:\/\/agora.xtec.cat\/esc-jverdaguer\/general\/presentacio-2n-els-animals-vertebrats-a-les-families\/attachment\/img_6600b\/\" data-original-link=\"https:\/\/agora.xtec.cat\/esc-jverdaguer\/wp-content\/uploads\/usu831\/2025\/04\/IMG_6600b-rotated.jpeg\" class=\"wp-block-getwid-images-slider__image wp-image-2365\" srcset=\"https:\/\/agora.xtec.cat\/esc-jverdaguer\/wp-content\/uploads\/usu831\/2025\/04\/IMG_6600b-rotated.jpeg 480w, https:\/\/agora.xtec.cat\/esc-jverdaguer\/wp-content\/uploads\/usu831\/2025\/04\/IMG_6600b-225x300.jpeg 225w\" sizes=\"auto, (max-width: 480px) 100vw, 480px\" \/><\/figure><\/div><div class=\"wp-block-getwid-images-slider__item\"><figure><img loading=\"lazy\" decoding=\"async\" width=\"480\" height=\"640\" src=\"https:\/\/agora.xtec.cat\/esc-jverdaguer\/wp-content\/uploads\/usu831\/2025\/04\/IMG_6606b-rotated.jpeg\" alt=\"\" data-id=\"2364\" data-link=\"https:\/\/agora.xtec.cat\/esc-jverdaguer\/general\/presentacio-2n-els-animals-vertebrats-a-les-families\/attachment\/img_6606b\/\" data-original-link=\"https:\/\/agora.xtec.cat\/esc-jverdaguer\/wp-content\/uploads\/usu831\/2025\/04\/IMG_6606b-rotated.jpeg\" class=\"wp-block-getwid-images-slider__image wp-image-2364\" srcset=\"https:\/\/agora.xtec.cat\/esc-jverdaguer\/wp-content\/uploads\/usu831\/2025\/04\/IMG_6606b-rotated.jpeg 480w, https:\/\/agora.xtec.cat\/esc-jverdaguer\/wp-content\/uploads\/usu831\/2025\/04\/IMG_6606b-225x300.jpeg 225w\" sizes=\"auto, (max-width: 480px) 100vw, 480px\" \/><\/figure><\/div><div class=\"wp-block-getwid-images-slider__item\"><figure><img loading=\"lazy\" decoding=\"async\" width=\"640\" height=\"480\" src=\"https:\/\/agora.xtec.cat\/esc-jverdaguer\/wp-content\/uploads\/usu831\/2025\/04\/IMG_6602b.jpeg\" alt=\"\" data-id=\"2363\" data-link=\"https:\/\/agora.xtec.cat\/esc-jverdaguer\/general\/presentacio-2n-els-animals-vertebrats-a-les-families\/attachment\/img_6602b\/\" data-original-link=\"https:\/\/agora.xtec.cat\/esc-jverdaguer\/wp-content\/uploads\/usu831\/2025\/04\/IMG_6602b.jpeg\" class=\"wp-block-getwid-images-slider__image wp-image-2363\" srcset=\"https:\/\/agora.xtec.cat\/esc-jverdaguer\/wp-content\/uploads\/usu831\/2025\/04\/IMG_6602b.jpeg 640w, https:\/\/agora.xtec.cat\/esc-jverdaguer\/wp-content\/uploads\/usu831\/2025\/04\/IMG_6602b-300x225.jpeg 300w, https:\/\/agora.xtec.cat\/esc-jverdaguer\/wp-content\/uploads\/usu831\/2025\/04\/IMG_6602b-200x150.jpeg 200w\" sizes=\"auto, (max-width: 640px) 100vw, 640px\" \/><\/figure><\/div><\/div><\/div>\n","protected":false},"excerpt":{"rendered":"<p>Dijous va ser el torn del grup de 2n de presentar a les fam\u00edlies la seva apassionant situaci\u00f3 d\u2019aprenentatge \u201cEls animals vertebrats\u201d. El repte final d\u2019aquesta consistia a mostrar a un p\u00fablic real com s\u00f3n les fam\u00edlies tot el que envolta el nostre cos. En aquesta presentaci\u00f3 es pret\u00e9n fer una mostra de la feina [&hellip;]<\/p>\n","protected":false},"author":1,"featured_media":2367,"comment_status":"closed","ping_status":"closed","sticky":false,"template":"","format":"standard","meta":{"_bbp_topic_count":0,"_bbp_reply_count":0,"_bbp_total_topic_count":0,"_bbp_total_reply_count":0,"_bbp_voice_count":0,"_bbp_anonymous_reply_count":0,"_bbp_topic_count_hidden":0,"_bbp_reply_count_hidden":0,"_bbp_forum_subforum_count":0,"site-sidebar-layout":"no-sidebar","site-content-layout":"","ast-site-content-layout":"default","site-content-style":"default","site-sidebar-style":"default","ast-global-header-display":"","ast-banner-title-visibility":"","ast-main-header-display":"","ast-hfb-above-header-display":"","ast-hfb-below-header-display":"","ast-hfb-mobile-header-display":"","site-post-title":"","ast-breadcrumbs-content":"","ast-featured-img":"","footer-sml-layout":"","theme-transparent-header-meta":"","adv-header-id-meta":"","stick-header-meta":"","header-above-stick-meta":"","header-main-stick-meta":"","header-below-stick-meta":"","astra-migrate-meta-layouts":"set","ast-page-background-enabled":"default","ast-page-background-meta":{"desktop":{"background-color":"var(--ast-global-color-4)","background-image":"","background-repeat":"repeat","background-position":"center center","background-size":"auto","background-attachment":"scroll","background-type":"","background-media":"","overlay-type":"","overlay-color":"","overlay-opacity":"","overlay-gradient":""},"tablet":{"background-color":"","background-image":"","background-repeat":"repeat","background-position":"center center","background-size":"auto","background-attachment":"scroll","background-type":"","background-media":"","overlay-type":"","overlay-color":"","overlay-opacity":"","overlay-gradient":""},"mobile":{"background-color":"","background-image":"","background-repeat":"repeat","background-position":"center center","background-size":"auto","background-attachment":"scroll","background-type":"","background-media":"","overlay-type":"","overlay-color":"","overlay-opacity":"","overlay-gradient":""}},"ast-content-background-meta":{"desktop":{"background-color":"var(--ast-global-color-5)","background-image":"","background-repeat":"repeat","background-position":"center center","background-size":"auto","background-attachment":"scroll","background-type":"","background-media":"","overlay-type":"","overlay-color":"","overlay-opacity":"","overlay-gradient":""},"tablet":{"background-color":"var(--ast-global-color-5)","background-image":"","background-repeat":"repeat","background-position":"center center","background-size":"auto","background-attachment":"scroll","background-type":"","background-media":"","overlay-type":"","overlay-color":"","overlay-opacity":"","overlay-gradient":""},"mobile":{"background-color":"var(--ast-global-color-5)","background-image":"","background-repeat":"repeat","background-position":"center center","background-size":"auto","background-attachment":"scroll","background-type":"","background-media":"","overlay-type":"","overlay-color":"","overlay-opacity":"","overlay-gradient":""}},"footnotes":""},"categories":[62,1,4,5],"tags":[],"class_list":["post-2362","post","type-post","status-publish","format-standard","has-post-thumbnail","hentry","category-comunitat-de-mitjans","category-general","category-portada","category-primaria"],"post_mailing_queue_ids":[],"_links":{"self":[{"href":"https:\/\/agora.xtec.cat\/esc-jverdaguer\/wp-json\/wp\/v2\/posts\/2362","targetHints":{"allow":["GET"]}}],"collection":[{"href":"https:\/\/agora.xtec.cat\/esc-jverdaguer\/wp-json\/wp\/v2\/posts"}],"about":[{"href":"https:\/\/agora.xtec.cat\/esc-jverdaguer\/wp-json\/wp\/v2\/types\/post"}],"author":[{"embeddable":true,"href":"https:\/\/agora.xtec.cat\/esc-jverdaguer\/wp-json\/wp\/v2\/users\/1"}],"replies":[{"embeddable":true,"href":"https:\/\/agora.xtec.cat\/esc-jverdaguer\/wp-json\/wp\/v2\/comments?post=2362"}],"version-history":[{"count":3,"href":"https:\/\/agora.xtec.cat\/esc-jverdaguer\/wp-json\/wp\/v2\/posts\/2362\/revisions"}],"predecessor-version":[{"id":2954,"href":"https:\/\/agora.xtec.cat\/esc-jverdaguer\/wp-json\/wp\/v2\/posts\/2362\/revisions\/2954"}],"wp:featuredmedia":[{"embeddable":true,"href":"https:\/\/agora.xtec.cat\/esc-jverdaguer\/wp-json\/wp\/v2\/media\/2367"}],"wp:attachment":[{"href":"https:\/\/agora.xtec.cat\/esc-jverdaguer\/wp-json\/wp\/v2\/media?parent=2362"}],"wp:term":[{"taxonomy":"category","embeddable":true,"href":"https:\/\/agora.xtec.cat\/esc-jverdaguer\/wp-json\/wp\/v2\/categories?post=2362"},{"taxonomy":"post_tag","embeddable":true,"href":"https:\/\/agora.xtec.cat\/esc-jverdaguer\/wp-json\/wp\/v2\/tags?post=2362"}],"curies":[{"name":"wp","href":"https:\/\/api.w.org\/{rel}","templated":true}]}}