{"id":2288,"date":"2024-12-20T10:18:02","date_gmt":"2024-12-20T09:18:02","guid":{"rendered":"https:\/\/agora.xtec.cat\/esc-jverdaguer\/?p=2288"},"modified":"2024-12-20T10:18:25","modified_gmt":"2024-12-20T09:18:25","slug":"actuacions-concerts-dhivern","status":"publish","type":"post","link":"https:\/\/agora.xtec.cat\/esc-jverdaguer\/general\/actuacions-concerts-dhivern\/","title":{"rendered":"ACTUACIONS CONCERTS D&#8217;HIVERN"},"content":{"rendered":"<p>Els concerts d&#8217;hivern han estat espectaculars. Des de l\u2019escola ens agradaria agrair-vos, fam\u00edlies, la vostra assist\u00e8ncia, el respecte i la comprensi\u00f3 durant tots els espectacles. Volem donar les gr\u00e0cies a l\u2019AMPA per la seva implicaci\u00f3 i col\u00b7laboraci\u00f3 a l\u2019hora de guarnir i decorar l\u2019escenari aix\u00ed com tota l\u2019escola, com organitzant diverses activitats per aquests darrers dies de trimestre. Tamb\u00e9 recon\u00e8ixer la tasca de tot l\u2019equip de mestres per la preparaci\u00f3 de les actuacions, especialment al mestre especialista de m\u00fasica.<\/p>\n<p>Desitgem que gaudiu dels enregistraments i us serveixin per tenir un bon record.<\/p>\n<p>Concert dimarts 17\/12:<\/p>\n<p><a href=\"https:\/\/youtu.be\/4_9ZfytOJ74\">Actuaci\u00f3 I3, I4 i I5<\/a><\/p>\n<p>&nbsp;<\/p>\n<p>Concert dimecres 18\/12:<\/p>\n<p><a href=\"https:\/\/youtu.be\/rHTQ44zPW_U\">Actuaci\u00f3 1r, 2n i 3r<\/a><\/p>\n<p>&nbsp;<\/p>\n<p>Concert dijous 19\/12:<\/p>\n<p><a href=\"https:\/\/youtu.be\/e7pWLAM5iZc\">Actuaci\u00f3 4t, 5\u00e8 i 6\u00e8<\/a><\/p>\n<p><img loading=\"lazy\" decoding=\"async\" class=\"aligncenter wp-image-2290 size-large\" src=\"https:\/\/agora.xtec.cat\/esc-jverdaguer\/wp-content\/uploads\/usu831\/2024\/12\/IMG_8129-724x1024.jpg\" alt=\"\" width=\"724\" height=\"1024\" srcset=\"https:\/\/agora.xtec.cat\/esc-jverdaguer\/wp-content\/uploads\/usu831\/2024\/12\/IMG_8129-724x1024.jpg 724w, https:\/\/agora.xtec.cat\/esc-jverdaguer\/wp-content\/uploads\/usu831\/2024\/12\/IMG_8129-212x300.jpg 212w, https:\/\/agora.xtec.cat\/esc-jverdaguer\/wp-content\/uploads\/usu831\/2024\/12\/IMG_8129-768x1086.jpg 768w, https:\/\/agora.xtec.cat\/esc-jverdaguer\/wp-content\/uploads\/usu831\/2024\/12\/IMG_8129-1086x1536.jpg 1086w, https:\/\/agora.xtec.cat\/esc-jverdaguer\/wp-content\/uploads\/usu831\/2024\/12\/IMG_8129.jpg 1414w\" sizes=\"auto, (max-width: 724px) 100vw, 724px\" \/><\/p>\n","protected":false},"excerpt":{"rendered":"<p>Els concerts d&#8217;hivern han estat espectaculars. Des de l\u2019escola ens agradaria agrair-vos, fam\u00edlies, la vostra assist\u00e8ncia, el respecte i la comprensi\u00f3 durant tots els espectacles. Volem donar les gr\u00e0cies a l\u2019AMPA per la seva implicaci\u00f3 i col\u00b7laboraci\u00f3 a l\u2019hora de guarnir i decorar l\u2019escenari aix\u00ed com tota l\u2019escola, com organitzant diverses activitats per aquests darrers [&hellip;]<\/p>\n","protected":false},"author":1,"featured_media":2290,"comment_status":"closed","ping_status":"closed","sticky":false,"template":"","format":"standard","meta":{"_bbp_topic_count":0,"_bbp_reply_count":0,"_bbp_total_topic_count":0,"_bbp_total_reply_count":0,"_bbp_voice_count":0,"_bbp_anonymous_reply_count":0,"_bbp_topic_count_hidden":0,"_bbp_reply_count_hidden":0,"_bbp_forum_subforum_count":0,"site-sidebar-layout":"default","site-content-layout":"","ast-site-content-layout":"","site-content-style":"default","site-sidebar-style":"default","ast-global-header-display":"","ast-banner-title-visibility":"","ast-main-header-display":"","ast-hfb-above-header-display":"","ast-hfb-below-header-display":"","ast-hfb-mobile-header-display":"","site-post-title":"","ast-breadcrumbs-content":"","ast-featured-img":"","footer-sml-layout":"","theme-transparent-header-meta":"","adv-header-id-meta":"","stick-header-meta":"","header-above-stick-meta":"","header-main-stick-meta":"","header-below-stick-meta":"","astra-migrate-meta-layouts":"default","ast-page-background-enabled":"default","ast-page-background-meta":{"desktop":{"background-color":"var(--ast-global-color-4)","background-image":"","background-repeat":"repeat","background-position":"center center","background-size":"auto","background-attachment":"scroll","background-type":"","background-media":"","overlay-type":"","overlay-color":"","overlay-opacity":"","overlay-gradient":""},"tablet":{"background-color":"","background-image":"","background-repeat":"repeat","background-position":"center center","background-size":"auto","background-attachment":"scroll","background-type":"","background-media":"","overlay-type":"","overlay-color":"","overlay-opacity":"","overlay-gradient":""},"mobile":{"background-color":"","background-image":"","background-repeat":"repeat","background-position":"center center","background-size":"auto","background-attachment":"scroll","background-type":"","background-media":"","overlay-type":"","overlay-color":"","overlay-opacity":"","overlay-gradient":""}},"ast-content-background-meta":{"desktop":{"background-color":"var(--ast-global-color-5)","background-image":"","background-repeat":"repeat","background-position":"center center","background-size":"auto","background-attachment":"scroll","background-type":"","background-media":"","overlay-type":"","overlay-color":"","overlay-opacity":"","overlay-gradient":""},"tablet":{"background-color":"var(--ast-global-color-5)","background-image":"","background-repeat":"repeat","background-position":"center center","background-size":"auto","background-attachment":"scroll","background-type":"","background-media":"","overlay-type":"","overlay-color":"","overlay-opacity":"","overlay-gradient":""},"mobile":{"background-color":"var(--ast-global-color-5)","background-image":"","background-repeat":"repeat","background-position":"center center","background-size":"auto","background-attachment":"scroll","background-type":"","background-media":"","overlay-type":"","overlay-color":"","overlay-opacity":"","overlay-gradient":""}},"footnotes":""},"categories":[1,4],"tags":[],"class_list":["post-2288","post","type-post","status-publish","format-standard","has-post-thumbnail","hentry","category-general","category-portada"],"post_mailing_queue_ids":[],"_links":{"self":[{"href":"https:\/\/agora.xtec.cat\/esc-jverdaguer\/wp-json\/wp\/v2\/posts\/2288","targetHints":{"allow":["GET"]}}],"collection":[{"href":"https:\/\/agora.xtec.cat\/esc-jverdaguer\/wp-json\/wp\/v2\/posts"}],"about":[{"href":"https:\/\/agora.xtec.cat\/esc-jverdaguer\/wp-json\/wp\/v2\/types\/post"}],"author":[{"embeddable":true,"href":"https:\/\/agora.xtec.cat\/esc-jverdaguer\/wp-json\/wp\/v2\/users\/1"}],"replies":[{"embeddable":true,"href":"https:\/\/agora.xtec.cat\/esc-jverdaguer\/wp-json\/wp\/v2\/comments?post=2288"}],"version-history":[{"count":6,"href":"https:\/\/agora.xtec.cat\/esc-jverdaguer\/wp-json\/wp\/v2\/posts\/2288\/revisions"}],"predecessor-version":[{"id":2295,"href":"https:\/\/agora.xtec.cat\/esc-jverdaguer\/wp-json\/wp\/v2\/posts\/2288\/revisions\/2295"}],"wp:featuredmedia":[{"embeddable":true,"href":"https:\/\/agora.xtec.cat\/esc-jverdaguer\/wp-json\/wp\/v2\/media\/2290"}],"wp:attachment":[{"href":"https:\/\/agora.xtec.cat\/esc-jverdaguer\/wp-json\/wp\/v2\/media?parent=2288"}],"wp:term":[{"taxonomy":"category","embeddable":true,"href":"https:\/\/agora.xtec.cat\/esc-jverdaguer\/wp-json\/wp\/v2\/categories?post=2288"},{"taxonomy":"post_tag","embeddable":true,"href":"https:\/\/agora.xtec.cat\/esc-jverdaguer\/wp-json\/wp\/v2\/tags?post=2288"}],"curies":[{"name":"wp","href":"https:\/\/api.w.org\/{rel}","templated":true}]}}