{"id":2219,"date":"2024-09-23T16:47:22","date_gmt":"2024-09-23T14:47:22","guid":{"rendered":"https:\/\/agora.xtec.cat\/esc-jverdaguer\/?p=2219"},"modified":"2024-09-23T16:47:22","modified_gmt":"2024-09-23T14:47:22","slug":"50e-aniversari-fotos-documental-premsa","status":"publish","type":"post","link":"https:\/\/agora.xtec.cat\/esc-jverdaguer\/general\/50e-aniversari-fotos-documental-premsa\/","title":{"rendered":"50\u00e8 ANIVERSARI: FOTOS, DOCUMENTAL, PREMSA"},"content":{"rendered":"<p>Aquests dies estem vivint moments molt emotius a l&#8217;escola. Dimecres 18 de setembre vam viure la festa del 50\u00e8 aniversari a l&#8217;escola, dins l&#8217;horari lectiu. Va ser una jornada plena d&#8217;activitats, l&#8217;acte institucional amb el protocol\u00b7lari tall de cinta, la inauguraci\u00f3 de l&#8217;exposici\u00f3 fotogr\u00e0fica, el visionat del documental del 50\u00e8 aniversari, les actuacions d&#8217;animaci\u00f3 i m\u00e0gia per l&#8217;alumnat, la presentaci\u00f3 del capgr\u00f2s de l&#8217;escola, la foto conjunta del 50 al pati i la cantada de l&#8217;himne del 50\u00e8 aniversari. Divendres 20 de setembre va ser el torn del sopar commemoratiu, on un munt de gent es va retrobar, va poder veure l&#8217;exposici\u00f3 i gaudir d&#8217;un plaent sopar a la fresca, on despr\u00e9s dels parlaments d&#8217;alcaldia i direcci\u00f3 vam gaudir de l&#8217;actuaci\u00f3 dels gegants i focs artificials per tancar la festa. Una celebraci\u00f3 molt maca i emotiva.<\/p>\n<p>Aqu\u00ed teniu la <a href=\"https:\/\/drive.google.com\/drive\/folders\/1m3uMaP50D5STwi1NFsNdPf6rOBtmZ2CI?usp=sharing\">carpeta amb totes les fotos<\/a> del 50\u00e8 aniversari, de dimecres 18 de setembre com tamb\u00e9 del sopar commemoratiu de divendres 20 de setembre.<\/p>\n<p>Us deixem a continuaci\u00f3 el v\u00eddeo documental del 50\u00e8 aniversari:<\/p>\n<div class=\"ast-oembed-container \" style=\"height: 100%;\"><iframe loading=\"lazy\" title=\"50\u00e8 aniversari Escola Jacint Verdaguer\" width=\"500\" height=\"281\" src=\"https:\/\/www.youtube.com\/embed\/rXLz_fxngmk?feature=oembed\" frameborder=\"0\" allow=\"accelerometer; autoplay; clipboard-write; encrypted-media; gyroscope; picture-in-picture; web-share\" referrerpolicy=\"strict-origin-when-cross-origin\" allowfullscreen><\/iframe><\/div>\n<p>Aqu\u00ed teniu l&#8217;enlla\u00e7 a les diferents not\u00edcies dels mitjans locals, el 9nou i VOTV:<\/p>\n<p><a href=\"https:\/\/el9nou.cat\/valles-oriental\/actualitat\/societat\/escola-jacint-verdaguer\/\">https:\/\/el9nou.cat\/valles-oriental\/actualitat\/societat\/escola-jacint-verdaguer\/<\/a><\/p>\n<p><a href=\"https:\/\/el9nou.cat\/valles-oriental\/actualitat\/lescola-jacint-verdaguer-de-canovelles-inicia-la-celebracio-dels-50-anys\/\">https:\/\/el9nou.cat\/valles-oriental\/actualitat\/lescola-jacint-verdaguer-de-canovelles-inicia-la-celebracio-dels-50-anys\/<\/a><\/p>\n<p><a href=\"https:\/\/el9nou.cat\/valles-oriental\/actualitat\/escola-jacint-verdaguer-canovelles-celebrar-50e-aniversari\/\">https:\/\/el9nou.cat\/valles-oriental\/actualitat\/escola-jacint-verdaguer-canovelles-celebrar-50e-aniversari\/<\/a><\/p>\n<blockquote class=\"wp-embedded-content\" data-secret=\"JMwyp3r2cK\"><p><a href=\"https:\/\/votv.cat\/lescola-jacint-verdaguer-de-canovelles-celebra-50-anys-de-vida\/\">L&#8217;escola Jacint Verdaguer de Canovelles celebra 50 anys de vida<\/a><\/p><\/blockquote>\n<p><iframe loading=\"lazy\" class=\"wp-embedded-content\" sandbox=\"allow-scripts\" security=\"restricted\" style=\"position: absolute; clip: rect(1px, 1px, 1px, 1px);\" title=\"&#8220;L&#8217;escola Jacint Verdaguer de Canovelles celebra 50 anys de vida&#8221; &#8212; VOTV\" src=\"https:\/\/votv.cat\/lescola-jacint-verdaguer-de-canovelles-celebra-50-anys-de-vida\/embed\/#?secret=uyZtp3mK9u#?secret=JMwyp3r2cK\" data-secret=\"JMwyp3r2cK\" width=\"500\" height=\"282\" frameborder=\"0\" marginwidth=\"0\" marginheight=\"0\" scrolling=\"no\"><\/iframe><\/p>\n<div class=\"ast-oembed-container \" style=\"height: 100%;\"><iframe loading=\"lazy\" title=\"VOTV - L&#039;escola Jacint Verdaguer de Canovelles celebra 50 anys de vida\" width=\"500\" height=\"281\" src=\"https:\/\/www.youtube.com\/embed\/NVXtV7agS20?feature=oembed\" frameborder=\"0\" allow=\"accelerometer; autoplay; clipboard-write; encrypted-media; gyroscope; picture-in-picture; web-share\" referrerpolicy=\"strict-origin-when-cross-origin\" allowfullscreen><\/iframe><\/div>\n<blockquote class=\"wp-embedded-content\" data-secret=\"rKeUZMctou\"><p><a href=\"https:\/\/votv.cat\/50-anys-de-lescola-jacint-verdaguer-de-canovelles\/\">50 anys de l&#8217;Escola Jacint Verdaguer de Canovelles<\/a><\/p><\/blockquote>\n<p><iframe loading=\"lazy\" class=\"wp-embedded-content\" sandbox=\"allow-scripts\" security=\"restricted\" style=\"position: absolute; clip: rect(1px, 1px, 1px, 1px);\" title=\"&#8220;50 anys de l&#8217;Escola Jacint Verdaguer de Canovelles&#8221; &#8212; VOTV\" src=\"https:\/\/votv.cat\/50-anys-de-lescola-jacint-verdaguer-de-canovelles\/embed\/#?secret=3RnmKKSpbb#?secret=rKeUZMctou\" data-secret=\"rKeUZMctou\" width=\"500\" height=\"282\" frameborder=\"0\" marginwidth=\"0\" marginheight=\"0\" scrolling=\"no\"><\/iframe><\/p>\n<div class=\"ast-oembed-container \" style=\"height: 100%;\"><iframe loading=\"lazy\" title=\"VOTV - 50 anys de l&#039;Escola Jacint Verdaguer de Canovelles\" width=\"500\" height=\"281\" src=\"https:\/\/www.youtube.com\/embed\/Hlw9pxVdgnQ?feature=oembed\" frameborder=\"0\" allow=\"accelerometer; autoplay; clipboard-write; encrypted-media; gyroscope; picture-in-picture; web-share\" referrerpolicy=\"strict-origin-when-cross-origin\" allowfullscreen><\/iframe><\/div>\n","protected":false},"excerpt":{"rendered":"<p>Aquests dies estem vivint moments molt emotius a l&#8217;escola. Dimecres 18 de setembre vam viure la festa del 50\u00e8 aniversari a l&#8217;escola, dins l&#8217;horari lectiu. Va ser una jornada plena d&#8217;activitats, l&#8217;acte institucional amb el protocol\u00b7lari tall de cinta, la inauguraci\u00f3 de l&#8217;exposici\u00f3 fotogr\u00e0fica, el visionat del documental del 50\u00e8 aniversari, les actuacions d&#8217;animaci\u00f3 i [&hellip;]<\/p>\n","protected":false},"author":1,"featured_media":2221,"comment_status":"closed","ping_status":"closed","sticky":false,"template":"","format":"standard","meta":{"_bbp_topic_count":0,"_bbp_reply_count":0,"_bbp_total_topic_count":0,"_bbp_total_reply_count":0,"_bbp_voice_count":0,"_bbp_anonymous_reply_count":0,"_bbp_topic_count_hidden":0,"_bbp_reply_count_hidden":0,"_bbp_forum_subforum_count":0,"site-sidebar-layout":"default","site-content-layout":"","ast-site-content-layout":"","site-content-style":"default","site-sidebar-style":"default","ast-global-header-display":"","ast-banner-title-visibility":"","ast-main-header-display":"","ast-hfb-above-header-display":"","ast-hfb-below-header-display":"","ast-hfb-mobile-header-display":"","site-post-title":"","ast-breadcrumbs-content":"","ast-featured-img":"","footer-sml-layout":"","theme-transparent-header-meta":"","adv-header-id-meta":"","stick-header-meta":"","header-above-stick-meta":"","header-main-stick-meta":"","header-below-stick-meta":"","astra-migrate-meta-layouts":"default","ast-page-background-enabled":"default","ast-page-background-meta":{"desktop":{"background-color":"var(--ast-global-color-4)","background-image":"","background-repeat":"repeat","background-position":"center center","background-size":"auto","background-attachment":"scroll","background-type":"","background-media":"","overlay-type":"","overlay-color":"","overlay-opacity":"","overlay-gradient":""},"tablet":{"background-color":"","background-image":"","background-repeat":"repeat","background-position":"center center","background-size":"auto","background-attachment":"scroll","background-type":"","background-media":"","overlay-type":"","overlay-color":"","overlay-opacity":"","overlay-gradient":""},"mobile":{"background-color":"","background-image":"","background-repeat":"repeat","background-position":"center center","background-size":"auto","background-attachment":"scroll","background-type":"","background-media":"","overlay-type":"","overlay-color":"","overlay-opacity":"","overlay-gradient":""}},"ast-content-background-meta":{"desktop":{"background-color":"var(--ast-global-color-5)","background-image":"","background-repeat":"repeat","background-position":"center center","background-size":"auto","background-attachment":"scroll","background-type":"","background-media":"","overlay-type":"","overlay-color":"","overlay-opacity":"","overlay-gradient":""},"tablet":{"background-color":"var(--ast-global-color-5)","background-image":"","background-repeat":"repeat","background-position":"center center","background-size":"auto","background-attachment":"scroll","background-type":"","background-media":"","overlay-type":"","overlay-color":"","overlay-opacity":"","overlay-gradient":""},"mobile":{"background-color":"var(--ast-global-color-5)","background-image":"","background-repeat":"repeat","background-position":"center center","background-size":"auto","background-attachment":"scroll","background-type":"","background-media":"","overlay-type":"","overlay-color":"","overlay-opacity":"","overlay-gradient":""}},"footnotes":""},"categories":[1,4],"tags":[],"class_list":["post-2219","post","type-post","status-publish","format-standard","has-post-thumbnail","hentry","category-general","category-portada"],"post_mailing_queue_ids":[],"_links":{"self":[{"href":"https:\/\/agora.xtec.cat\/esc-jverdaguer\/wp-json\/wp\/v2\/posts\/2219","targetHints":{"allow":["GET"]}}],"collection":[{"href":"https:\/\/agora.xtec.cat\/esc-jverdaguer\/wp-json\/wp\/v2\/posts"}],"about":[{"href":"https:\/\/agora.xtec.cat\/esc-jverdaguer\/wp-json\/wp\/v2\/types\/post"}],"author":[{"embeddable":true,"href":"https:\/\/agora.xtec.cat\/esc-jverdaguer\/wp-json\/wp\/v2\/users\/1"}],"replies":[{"embeddable":true,"href":"https:\/\/agora.xtec.cat\/esc-jverdaguer\/wp-json\/wp\/v2\/comments?post=2219"}],"version-history":[{"count":2,"href":"https:\/\/agora.xtec.cat\/esc-jverdaguer\/wp-json\/wp\/v2\/posts\/2219\/revisions"}],"predecessor-version":[{"id":2222,"href":"https:\/\/agora.xtec.cat\/esc-jverdaguer\/wp-json\/wp\/v2\/posts\/2219\/revisions\/2222"}],"wp:featuredmedia":[{"embeddable":true,"href":"https:\/\/agora.xtec.cat\/esc-jverdaguer\/wp-json\/wp\/v2\/media\/2221"}],"wp:attachment":[{"href":"https:\/\/agora.xtec.cat\/esc-jverdaguer\/wp-json\/wp\/v2\/media?parent=2219"}],"wp:term":[{"taxonomy":"category","embeddable":true,"href":"https:\/\/agora.xtec.cat\/esc-jverdaguer\/wp-json\/wp\/v2\/categories?post=2219"},{"taxonomy":"post_tag","embeddable":true,"href":"https:\/\/agora.xtec.cat\/esc-jverdaguer\/wp-json\/wp\/v2\/tags?post=2219"}],"curies":[{"name":"wp","href":"https:\/\/api.w.org\/{rel}","templated":true}]}}