{"id":2144,"date":"2024-05-13T15:12:47","date_gmt":"2024-05-13T13:12:47","guid":{"rendered":"https:\/\/agora.xtec.cat\/esc-jverdaguer\/?p=2144"},"modified":"2024-05-13T15:12:47","modified_gmt":"2024-05-13T13:12:47","slug":"mobilitat-erasmus-alumnat-terceira","status":"publish","type":"post","link":"https:\/\/agora.xtec.cat\/esc-jverdaguer\/general\/mobilitat-erasmus-alumnat-terceira\/","title":{"rendered":"MOBILITAT ERASMUS+ ALUMNAT TERCEIRA"},"content":{"rendered":"<p>El passat diumenge 5 de maig, els i les alumnes de les diferents escoles que formen part del Consorci Erasmus ALASVO, van viatjar a les A\u00e7ores per a comen\u00e7ar una estada de 6 dies a Portugal. En total set afortunats i afortunades van anar a viure aquesta experi\u00e8ncia. Entre elles, la Luc\u00eda, alumna de 5\u00e8 de la nostra escola.<\/p>\n<p>A Terceira, les fam\u00edlies els van rebre amb gran emoci\u00f3 i van acabar de passar el dia amb totes elles, fent un p\u00edcnic de germanor a la platja.<\/p>\n<p>El dilluns, l\u2019alumnat va assistir a l\u2019Escola B\u00e1sica Integrada Franscisco Ferreira Drummond, on van poder gaudir d\u2019un concert de benvinguda. Al mat\u00ed, van realitzar una gimcana que els va servir per a con\u00e8ixer l\u2019escola i, a la tarda, van anar a visitar la ciutat de Sao Sebastiao.<\/p>\n<p>El dimarts van anar a fer una ruta pel Monte Brasil, on van estar observant la fauna aut\u00f2ctona de la zona. En acabar, van visitar Montanheiros, on van poder entrar a la gruta d\u2019un volc\u00e0 i veure\u2019l des de dins.<\/p>\n<p>El dimecres al mat\u00ed, els companys i companyes portugueses els hi van preparar una petita sessi\u00f3 de surf i, a la tarda, tots junts van anar a visitar el Paul de Praia de Vit\u00f3ria, on els van parlar de les diferents aus que viuen all\u00e0 i on van poder observar alguna d\u2019elles.<\/p>\n<p>Dijous, en canvi, va ser un dia m\u00e9s tranquil, per\u00f2 molt profit\u00f3s. Els i les alumnes catalanes van poder assistir a diverses classes dels seus companys portuguesos i, a la tarda, van comen\u00e7ar a preparar el recull d\u2019evid\u00e8ncies de tot all\u00f2 apr\u00e8s i les activitats fetes durant la setmana.<\/p>\n<p>Divendres ja van comen\u00e7ar a preparar la tornada, sense cap mena de dubte un moment molt emotiu.<\/p>\n<p>No han parat de fer activitats i d\u2019aprendre un munt de coses durant tota la setmana, ha estat una setmana m\u00e0gica i inoblidable. Us deixem un seguit de fotografies que resumeixen la setmana:<\/p>\n<p><img loading=\"lazy\" decoding=\"async\" class=\"aligncenter size-full wp-image-2145\" src=\"https:\/\/agora.xtec.cat\/esc-jverdaguer\/wp-content\/uploads\/usu831\/2024\/05\/Terceira-1.jpeg\" alt=\"\" width=\"1280\" height=\"960\" srcset=\"https:\/\/agora.xtec.cat\/esc-jverdaguer\/wp-content\/uploads\/usu831\/2024\/05\/Terceira-1.jpeg 1280w, https:\/\/agora.xtec.cat\/esc-jverdaguer\/wp-content\/uploads\/usu831\/2024\/05\/Terceira-1-300x225.jpeg 300w, https:\/\/agora.xtec.cat\/esc-jverdaguer\/wp-content\/uploads\/usu831\/2024\/05\/Terceira-1-1024x768.jpeg 1024w, https:\/\/agora.xtec.cat\/esc-jverdaguer\/wp-content\/uploads\/usu831\/2024\/05\/Terceira-1-768x576.jpeg 768w, https:\/\/agora.xtec.cat\/esc-jverdaguer\/wp-content\/uploads\/usu831\/2024\/05\/Terceira-1-200x150.jpeg 200w\" sizes=\"auto, (max-width: 1280px) 100vw, 1280px\" \/><\/p>\n<p><img loading=\"lazy\" decoding=\"async\" class=\"aligncenter size-full wp-image-2146\" src=\"https:\/\/agora.xtec.cat\/esc-jverdaguer\/wp-content\/uploads\/usu831\/2024\/05\/Terceira-2.jpeg\" alt=\"\" width=\"1280\" height=\"960\" srcset=\"https:\/\/agora.xtec.cat\/esc-jverdaguer\/wp-content\/uploads\/usu831\/2024\/05\/Terceira-2.jpeg 1280w, https:\/\/agora.xtec.cat\/esc-jverdaguer\/wp-content\/uploads\/usu831\/2024\/05\/Terceira-2-300x225.jpeg 300w, https:\/\/agora.xtec.cat\/esc-jverdaguer\/wp-content\/uploads\/usu831\/2024\/05\/Terceira-2-1024x768.jpeg 1024w, https:\/\/agora.xtec.cat\/esc-jverdaguer\/wp-content\/uploads\/usu831\/2024\/05\/Terceira-2-768x576.jpeg 768w, https:\/\/agora.xtec.cat\/esc-jverdaguer\/wp-content\/uploads\/usu831\/2024\/05\/Terceira-2-200x150.jpeg 200w\" sizes=\"auto, (max-width: 1280px) 100vw, 1280px\" \/><\/p>\n<p><img loading=\"lazy\" decoding=\"async\" class=\"aligncenter size-full wp-image-2147\" src=\"https:\/\/agora.xtec.cat\/esc-jverdaguer\/wp-content\/uploads\/usu831\/2024\/05\/IMG_6789.jpeg\" alt=\"\" width=\"640\" height=\"480\" srcset=\"https:\/\/agora.xtec.cat\/esc-jverdaguer\/wp-content\/uploads\/usu831\/2024\/05\/IMG_6789.jpeg 640w, https:\/\/agora.xtec.cat\/esc-jverdaguer\/wp-content\/uploads\/usu831\/2024\/05\/IMG_6789-300x225.jpeg 300w, https:\/\/agora.xtec.cat\/esc-jverdaguer\/wp-content\/uploads\/usu831\/2024\/05\/IMG_6789-200x150.jpeg 200w\" sizes=\"auto, (max-width: 640px) 100vw, 640px\" \/><\/p>\n<p><img loading=\"lazy\" decoding=\"async\" class=\"aligncenter size-full wp-image-2148\" src=\"https:\/\/agora.xtec.cat\/esc-jverdaguer\/wp-content\/uploads\/usu831\/2024\/05\/IMG_6791.jpeg\" alt=\"\" width=\"640\" height=\"480\" srcset=\"https:\/\/agora.xtec.cat\/esc-jverdaguer\/wp-content\/uploads\/usu831\/2024\/05\/IMG_6791.jpeg 640w, https:\/\/agora.xtec.cat\/esc-jverdaguer\/wp-content\/uploads\/usu831\/2024\/05\/IMG_6791-300x225.jpeg 300w, https:\/\/agora.xtec.cat\/esc-jverdaguer\/wp-content\/uploads\/usu831\/2024\/05\/IMG_6791-200x150.jpeg 200w\" sizes=\"auto, (max-width: 640px) 100vw, 640px\" \/><\/p>\n<p><img loading=\"lazy\" decoding=\"async\" class=\"aligncenter size-full wp-image-2149\" src=\"https:\/\/agora.xtec.cat\/esc-jverdaguer\/wp-content\/uploads\/usu831\/2024\/05\/IMG_6790.jpeg\" alt=\"\" width=\"640\" height=\"480\" srcset=\"https:\/\/agora.xtec.cat\/esc-jverdaguer\/wp-content\/uploads\/usu831\/2024\/05\/IMG_6790.jpeg 640w, https:\/\/agora.xtec.cat\/esc-jverdaguer\/wp-content\/uploads\/usu831\/2024\/05\/IMG_6790-300x225.jpeg 300w, https:\/\/agora.xtec.cat\/esc-jverdaguer\/wp-content\/uploads\/usu831\/2024\/05\/IMG_6790-200x150.jpeg 200w\" sizes=\"auto, (max-width: 640px) 100vw, 640px\" \/><\/p>\n<p><img loading=\"lazy\" decoding=\"async\" class=\"aligncenter size-full wp-image-2150\" src=\"https:\/\/agora.xtec.cat\/esc-jverdaguer\/wp-content\/uploads\/usu831\/2024\/05\/IMG_6792.jpeg\" alt=\"\" width=\"480\" height=\"640\" srcset=\"https:\/\/agora.xtec.cat\/esc-jverdaguer\/wp-content\/uploads\/usu831\/2024\/05\/IMG_6792.jpeg 480w, https:\/\/agora.xtec.cat\/esc-jverdaguer\/wp-content\/uploads\/usu831\/2024\/05\/IMG_6792-225x300.jpeg 225w\" sizes=\"auto, (max-width: 480px) 100vw, 480px\" \/><\/p>\n","protected":false},"excerpt":{"rendered":"<p>El passat diumenge 5 de maig, els i les alumnes de les diferents escoles que formen part del Consorci Erasmus ALASVO, van viatjar a les A\u00e7ores per a comen\u00e7ar una estada de 6 dies a Portugal. En total set afortunats i afortunades van anar a viure aquesta experi\u00e8ncia. Entre elles, la Luc\u00eda, alumna de 5\u00e8 [&hellip;]<\/p>\n","protected":false},"author":1,"featured_media":2150,"comment_status":"closed","ping_status":"closed","sticky":false,"template":"","format":"standard","meta":{"_bbp_topic_count":0,"_bbp_reply_count":0,"_bbp_total_topic_count":0,"_bbp_total_reply_count":0,"_bbp_voice_count":0,"_bbp_anonymous_reply_count":0,"_bbp_topic_count_hidden":0,"_bbp_reply_count_hidden":0,"_bbp_forum_subforum_count":0,"site-sidebar-layout":"default","site-content-layout":"","ast-site-content-layout":"","site-content-style":"default","site-sidebar-style":"default","ast-global-header-display":"","ast-banner-title-visibility":"","ast-main-header-display":"","ast-hfb-above-header-display":"","ast-hfb-below-header-display":"","ast-hfb-mobile-header-display":"","site-post-title":"","ast-breadcrumbs-content":"","ast-featured-img":"","footer-sml-layout":"","theme-transparent-header-meta":"","adv-header-id-meta":"","stick-header-meta":"","header-above-stick-meta":"","header-main-stick-meta":"","header-below-stick-meta":"","astra-migrate-meta-layouts":"default","ast-page-background-enabled":"default","ast-page-background-meta":{"desktop":{"background-color":"var(--ast-global-color-4)","background-image":"","background-repeat":"repeat","background-position":"center center","background-size":"auto","background-attachment":"scroll","background-type":"","background-media":"","overlay-type":"","overlay-color":"","overlay-opacity":"","overlay-gradient":""},"tablet":{"background-color":"","background-image":"","background-repeat":"repeat","background-position":"center center","background-size":"auto","background-attachment":"scroll","background-type":"","background-media":"","overlay-type":"","overlay-color":"","overlay-opacity":"","overlay-gradient":""},"mobile":{"background-color":"","background-image":"","background-repeat":"repeat","background-position":"center center","background-size":"auto","background-attachment":"scroll","background-type":"","background-media":"","overlay-type":"","overlay-color":"","overlay-opacity":"","overlay-gradient":""}},"ast-content-background-meta":{"desktop":{"background-color":"var(--ast-global-color-5)","background-image":"","background-repeat":"repeat","background-position":"center center","background-size":"auto","background-attachment":"scroll","background-type":"","background-media":"","overlay-type":"","overlay-color":"","overlay-opacity":"","overlay-gradient":""},"tablet":{"background-color":"var(--ast-global-color-5)","background-image":"","background-repeat":"repeat","background-position":"center center","background-size":"auto","background-attachment":"scroll","background-type":"","background-media":"","overlay-type":"","overlay-color":"","overlay-opacity":"","overlay-gradient":""},"mobile":{"background-color":"var(--ast-global-color-5)","background-image":"","background-repeat":"repeat","background-position":"center center","background-size":"auto","background-attachment":"scroll","background-type":"","background-media":"","overlay-type":"","overlay-color":"","overlay-opacity":"","overlay-gradient":""}},"footnotes":""},"categories":[1,4],"tags":[],"class_list":["post-2144","post","type-post","status-publish","format-standard","has-post-thumbnail","hentry","category-general","category-portada"],"post_mailing_queue_ids":[],"_links":{"self":[{"href":"https:\/\/agora.xtec.cat\/esc-jverdaguer\/wp-json\/wp\/v2\/posts\/2144","targetHints":{"allow":["GET"]}}],"collection":[{"href":"https:\/\/agora.xtec.cat\/esc-jverdaguer\/wp-json\/wp\/v2\/posts"}],"about":[{"href":"https:\/\/agora.xtec.cat\/esc-jverdaguer\/wp-json\/wp\/v2\/types\/post"}],"author":[{"embeddable":true,"href":"https:\/\/agora.xtec.cat\/esc-jverdaguer\/wp-json\/wp\/v2\/users\/1"}],"replies":[{"embeddable":true,"href":"https:\/\/agora.xtec.cat\/esc-jverdaguer\/wp-json\/wp\/v2\/comments?post=2144"}],"version-history":[{"count":1,"href":"https:\/\/agora.xtec.cat\/esc-jverdaguer\/wp-json\/wp\/v2\/posts\/2144\/revisions"}],"predecessor-version":[{"id":2151,"href":"https:\/\/agora.xtec.cat\/esc-jverdaguer\/wp-json\/wp\/v2\/posts\/2144\/revisions\/2151"}],"wp:featuredmedia":[{"embeddable":true,"href":"https:\/\/agora.xtec.cat\/esc-jverdaguer\/wp-json\/wp\/v2\/media\/2150"}],"wp:attachment":[{"href":"https:\/\/agora.xtec.cat\/esc-jverdaguer\/wp-json\/wp\/v2\/media?parent=2144"}],"wp:term":[{"taxonomy":"category","embeddable":true,"href":"https:\/\/agora.xtec.cat\/esc-jverdaguer\/wp-json\/wp\/v2\/categories?post=2144"},{"taxonomy":"post_tag","embeddable":true,"href":"https:\/\/agora.xtec.cat\/esc-jverdaguer\/wp-json\/wp\/v2\/tags?post=2144"}],"curies":[{"name":"wp","href":"https:\/\/api.w.org\/{rel}","templated":true}]}}