{"id":2110,"date":"2024-03-20T09:45:15","date_gmt":"2024-03-20T08:45:15","guid":{"rendered":"https:\/\/agora.xtec.cat\/esc-jverdaguer\/?p=2110"},"modified":"2024-03-20T09:45:34","modified_gmt":"2024-03-20T08:45:34","slug":"mobilitat-erasmus-madeira","status":"publish","type":"post","link":"https:\/\/agora.xtec.cat\/esc-jverdaguer\/general\/mobilitat-erasmus-madeira\/","title":{"rendered":"MOBILITAT ERASMUS+ MADEIRA"},"content":{"rendered":"<p><span style=\"font-weight: 400;\">Com us vam dir dies enrere, l&#8217;escola aquest curs forma part del consorci Erasmus+ ALASVO (Active Leaders for Active Students in the 21st century). Durant la setmana de l&#8217;11 al 15 de mar\u00e7 s&#8217;ha dut a terme la segona mobilitat per part del professorat a l&#8217;illa de Madeira (Portugal). L&#8217;especialista i tutora de 5\u00e8, la Montse, s&#8217;ha despla\u00e7at amb dues mestres m\u00e9s d&#8217;altres centres educatius de la nostra zona. Han anat a fer aprenentatge per observaci\u00f3 a escoles de l&#8217;illa, concretament a l&#8217;escola Ladeira e Lamanceiros com a representant de la nostra escola.<\/span><\/p>\n<p><span style=\"font-weight: 400;\">L&#8217;objectiu principal d&#8217;aquesta viv\u00e8ncia \u00e9s con\u00e8ixer noves metodologies, recursos i extreure pr\u00e0ctiques que es puguin implementar en el nostre dia a dia a les aules.<\/span><\/p>\n<p><span style=\"font-weight: 400;\">Tot esperant la tercera mobilitat de l&#8217;alumnat que ens permeti acabar de recollir tota la informaci\u00f3, per tal de ser analitzada per tot el claustre, i decidir la viabilitat de l&#8217;aplicaci\u00f3 d&#8217;aquelles noves maneres de fer que puguin acompanyar millor al nostre alumnat.<\/span><\/p>\n<p><span style=\"font-weight: 400;\">Us deixem algunes imatges d&#8217;aquesta mobilitat.<img loading=\"lazy\" decoding=\"async\" class=\"aligncenter size-full wp-image-2111\" src=\"https:\/\/agora.xtec.cat\/esc-jverdaguer\/wp-content\/uploads\/usu831\/2024\/03\/Imatge1.jpg\" alt=\"\" width=\"404\" height=\"537\" srcset=\"https:\/\/agora.xtec.cat\/esc-jverdaguer\/wp-content\/uploads\/usu831\/2024\/03\/Imatge1.jpg 404w, https:\/\/agora.xtec.cat\/esc-jverdaguer\/wp-content\/uploads\/usu831\/2024\/03\/Imatge1-226x300.jpg 226w\" sizes=\"auto, (max-width: 404px) 100vw, 404px\" \/><\/span><\/p>\n<p><img loading=\"lazy\" decoding=\"async\" class=\"aligncenter size-full wp-image-2112\" src=\"https:\/\/agora.xtec.cat\/esc-jverdaguer\/wp-content\/uploads\/usu831\/2024\/03\/Imatge-3.jpg\" alt=\"\" width=\"1275\" height=\"541\" srcset=\"https:\/\/agora.xtec.cat\/esc-jverdaguer\/wp-content\/uploads\/usu831\/2024\/03\/Imatge-3.jpg 1275w, https:\/\/agora.xtec.cat\/esc-jverdaguer\/wp-content\/uploads\/usu831\/2024\/03\/Imatge-3-300x127.jpg 300w, https:\/\/agora.xtec.cat\/esc-jverdaguer\/wp-content\/uploads\/usu831\/2024\/03\/Imatge-3-1024x434.jpg 1024w, https:\/\/agora.xtec.cat\/esc-jverdaguer\/wp-content\/uploads\/usu831\/2024\/03\/Imatge-3-768x326.jpg 768w\" sizes=\"auto, (max-width: 1275px) 100vw, 1275px\" \/><\/p>\n<p><img loading=\"lazy\" decoding=\"async\" class=\"aligncenter size-full wp-image-2113\" src=\"https:\/\/agora.xtec.cat\/esc-jverdaguer\/wp-content\/uploads\/usu831\/2024\/03\/Imatge-2.jpg\" alt=\"\" width=\"959\" height=\"666\" srcset=\"https:\/\/agora.xtec.cat\/esc-jverdaguer\/wp-content\/uploads\/usu831\/2024\/03\/Imatge-2.jpg 959w, https:\/\/agora.xtec.cat\/esc-jverdaguer\/wp-content\/uploads\/usu831\/2024\/03\/Imatge-2-300x208.jpg 300w, https:\/\/agora.xtec.cat\/esc-jverdaguer\/wp-content\/uploads\/usu831\/2024\/03\/Imatge-2-768x533.jpg 768w\" sizes=\"auto, (max-width: 959px) 100vw, 959px\" \/><\/p>\n<p><img loading=\"lazy\" decoding=\"async\" class=\"aligncenter size-full wp-image-2114\" src=\"https:\/\/agora.xtec.cat\/esc-jverdaguer\/wp-content\/uploads\/usu831\/2024\/03\/Imatge-4.jpg\" alt=\"\" width=\"1295\" height=\"730\" srcset=\"https:\/\/agora.xtec.cat\/esc-jverdaguer\/wp-content\/uploads\/usu831\/2024\/03\/Imatge-4.jpg 1295w, https:\/\/agora.xtec.cat\/esc-jverdaguer\/wp-content\/uploads\/usu831\/2024\/03\/Imatge-4-300x169.jpg 300w, https:\/\/agora.xtec.cat\/esc-jverdaguer\/wp-content\/uploads\/usu831\/2024\/03\/Imatge-4-1024x577.jpg 1024w, https:\/\/agora.xtec.cat\/esc-jverdaguer\/wp-content\/uploads\/usu831\/2024\/03\/Imatge-4-768x433.jpg 768w\" sizes=\"auto, (max-width: 1295px) 100vw, 1295px\" \/><\/p>\n","protected":false},"excerpt":{"rendered":"<p>Com us vam dir dies enrere, l&#8217;escola aquest curs forma part del consorci Erasmus+ ALASVO (Active Leaders for Active Students in the 21st century). Durant la setmana de l&#8217;11 al 15 de mar\u00e7 s&#8217;ha dut a terme la segona mobilitat per part del professorat a l&#8217;illa de Madeira (Portugal). L&#8217;especialista i tutora de 5\u00e8, la [&hellip;]<\/p>\n","protected":false},"author":1,"featured_media":2111,"comment_status":"closed","ping_status":"closed","sticky":false,"template":"","format":"standard","meta":{"_bbp_topic_count":0,"_bbp_reply_count":0,"_bbp_total_topic_count":0,"_bbp_total_reply_count":0,"_bbp_voice_count":0,"_bbp_anonymous_reply_count":0,"_bbp_topic_count_hidden":0,"_bbp_reply_count_hidden":0,"_bbp_forum_subforum_count":0,"site-sidebar-layout":"default","site-content-layout":"","ast-site-content-layout":"","site-content-style":"default","site-sidebar-style":"default","ast-global-header-display":"","ast-banner-title-visibility":"","ast-main-header-display":"","ast-hfb-above-header-display":"","ast-hfb-below-header-display":"","ast-hfb-mobile-header-display":"","site-post-title":"","ast-breadcrumbs-content":"","ast-featured-img":"","footer-sml-layout":"","theme-transparent-header-meta":"","adv-header-id-meta":"","stick-header-meta":"","header-above-stick-meta":"","header-main-stick-meta":"","header-below-stick-meta":"","astra-migrate-meta-layouts":"default","ast-page-background-enabled":"default","ast-page-background-meta":{"desktop":{"background-color":"var(--ast-global-color-4)","background-image":"","background-repeat":"repeat","background-position":"center center","background-size":"auto","background-attachment":"scroll","background-type":"","background-media":"","overlay-type":"","overlay-color":"","overlay-opacity":"","overlay-gradient":""},"tablet":{"background-color":"","background-image":"","background-repeat":"repeat","background-position":"center center","background-size":"auto","background-attachment":"scroll","background-type":"","background-media":"","overlay-type":"","overlay-color":"","overlay-opacity":"","overlay-gradient":""},"mobile":{"background-color":"","background-image":"","background-repeat":"repeat","background-position":"center center","background-size":"auto","background-attachment":"scroll","background-type":"","background-media":"","overlay-type":"","overlay-color":"","overlay-opacity":"","overlay-gradient":""}},"ast-content-background-meta":{"desktop":{"background-color":"var(--ast-global-color-5)","background-image":"","background-repeat":"repeat","background-position":"center center","background-size":"auto","background-attachment":"scroll","background-type":"","background-media":"","overlay-type":"","overlay-color":"","overlay-opacity":"","overlay-gradient":""},"tablet":{"background-color":"var(--ast-global-color-5)","background-image":"","background-repeat":"repeat","background-position":"center center","background-size":"auto","background-attachment":"scroll","background-type":"","background-media":"","overlay-type":"","overlay-color":"","overlay-opacity":"","overlay-gradient":""},"mobile":{"background-color":"var(--ast-global-color-5)","background-image":"","background-repeat":"repeat","background-position":"center center","background-size":"auto","background-attachment":"scroll","background-type":"","background-media":"","overlay-type":"","overlay-color":"","overlay-opacity":"","overlay-gradient":""}},"footnotes":""},"categories":[1,4],"tags":[],"class_list":["post-2110","post","type-post","status-publish","format-standard","has-post-thumbnail","hentry","category-general","category-portada"],"post_mailing_queue_ids":[],"_links":{"self":[{"href":"https:\/\/agora.xtec.cat\/esc-jverdaguer\/wp-json\/wp\/v2\/posts\/2110","targetHints":{"allow":["GET"]}}],"collection":[{"href":"https:\/\/agora.xtec.cat\/esc-jverdaguer\/wp-json\/wp\/v2\/posts"}],"about":[{"href":"https:\/\/agora.xtec.cat\/esc-jverdaguer\/wp-json\/wp\/v2\/types\/post"}],"author":[{"embeddable":true,"href":"https:\/\/agora.xtec.cat\/esc-jverdaguer\/wp-json\/wp\/v2\/users\/1"}],"replies":[{"embeddable":true,"href":"https:\/\/agora.xtec.cat\/esc-jverdaguer\/wp-json\/wp\/v2\/comments?post=2110"}],"version-history":[{"count":1,"href":"https:\/\/agora.xtec.cat\/esc-jverdaguer\/wp-json\/wp\/v2\/posts\/2110\/revisions"}],"predecessor-version":[{"id":2115,"href":"https:\/\/agora.xtec.cat\/esc-jverdaguer\/wp-json\/wp\/v2\/posts\/2110\/revisions\/2115"}],"wp:featuredmedia":[{"embeddable":true,"href":"https:\/\/agora.xtec.cat\/esc-jverdaguer\/wp-json\/wp\/v2\/media\/2111"}],"wp:attachment":[{"href":"https:\/\/agora.xtec.cat\/esc-jverdaguer\/wp-json\/wp\/v2\/media?parent=2110"}],"wp:term":[{"taxonomy":"category","embeddable":true,"href":"https:\/\/agora.xtec.cat\/esc-jverdaguer\/wp-json\/wp\/v2\/categories?post=2110"},{"taxonomy":"post_tag","embeddable":true,"href":"https:\/\/agora.xtec.cat\/esc-jverdaguer\/wp-json\/wp\/v2\/tags?post=2110"}],"curies":[{"name":"wp","href":"https:\/\/api.w.org\/{rel}","templated":true}]}}