{"id":2087,"date":"2024-02-17T09:52:22","date_gmt":"2024-02-17T08:52:22","guid":{"rendered":"https:\/\/agora.xtec.cat\/esc-jverdaguer\/?p=2087"},"modified":"2024-02-27T09:52:37","modified_gmt":"2024-02-27T08:52:37","slug":"mobilitat-erasmus-estrasburg","status":"publish","type":"post","link":"https:\/\/agora.xtec.cat\/esc-jverdaguer\/general\/mobilitat-erasmus-estrasburg\/","title":{"rendered":"MOBILITAT ERASMUS+ ESTRASBURG"},"content":{"rendered":"<p>Des d&#8217;aquest curs l\u2019escola forma part del consorci Erasmus+ ALASVO (Active Leaders for Active Students in the 21st century) que va engegar el curs passat. Aquest programa comporta la mobilitat de part del professorat i d&#8217;alumnat a altres pa\u00efsos europeus, per tal de poder interioritzar estrat\u00e8gies que possibilitin la transformaci\u00f3 educativa al nostre centre pel que fa al lideratge i a la gesti\u00f3 educativa. Hi participem 7 escoles en consorci de Granollers, Les Franqueses, La Roca i Canovelles.<\/p>\n<p>Durant la setmana del 12 al 16 de febrer s&#8217;ha realitzat la primera mobilitat de professorat de la nostra escola. En Pau es va despla\u00e7ar fins a Estrasburg (Fran\u00e7a), per realitzar el curs estructurat anomenat: &#8220;Leadership and management for school principals&#8221;. Es tracta d&#8217;un curs orientat a la direcci\u00f3 educativa que pret\u00e9n dotar de recursos i aspectes clau per abordar envers aquesta tem\u00e0tica orientada a les escoles. No hi ha anat sol, tamb\u00e9 hi \u00e9s un company de l&#8217;equip directiu de l\u2019escola Pereanton de Granollers, tamb\u00e9 del consorci. Durant el curs vam tractar aspectes com la planificaci\u00f3 d&#8217;objectius educatius, estils de lideratge educatiu, la gesti\u00f3 del temps, recursos per treballar en equip i potenciar les habilitats de tothom, com afrontar el conflicte, estrat\u00e8gies de gesti\u00f3 de reunions, capacitat d&#8217;an\u00e0lisi d&#8217;errades o mancances&#8230; Com veieu, el programa era molt complet. L&#8217;entorn acompanyava molt, ja que el curs es feia a tocar del Parlament Europeu. A m\u00e9s a m\u00e9s dels aprenentatges propis del curs, vam poder compartir pr\u00e0ctiques i maneres de fer amb els companys i companyes de la formaci\u00f3, direccions d&#8217;altres pa\u00efsos com Alemanya, Portugal o Romania.<\/p>\n<p>Es torna amb l\u2019experi\u00e8ncia viscuda, amb una nova percepci\u00f3 del concepte de lideratge educatiu i amb moltes ganes de poder implementar i traslladar aspectes concrets a les nostres aules. L&#8217;escola continua organitzant les seg\u00fcents mobilitats, de professorat com tamb\u00e9 d&#8217;alumnat! Aix\u00ed doncs, ara toca fer trasp\u00e0s, reunir-nos i decidir qu\u00e8 podem fer per ajudar al nostre alumnat a ser m\u00e9s competent, garantint el seu \u00e8xit acad\u00e8mic i, en darrer terme, ajudant-los a esdevenir ciutadans i ciutadanes m\u00e9s feli\u00e7os i felices.<\/p>\n<p><em>Gr\u00e0cies Estrasburg, Thank you Strasbourg, Merci beaucoup Strasbourg!<\/em><\/p>\n<p><img loading=\"lazy\" decoding=\"async\" class=\"aligncenter size-full wp-image-2088\" src=\"https:\/\/agora.xtec.cat\/esc-jverdaguer\/wp-content\/uploads\/usu831\/2024\/02\/IMG_9361b.jpg\" alt=\"\" width=\"480\" height=\"640\" srcset=\"https:\/\/agora.xtec.cat\/esc-jverdaguer\/wp-content\/uploads\/usu831\/2024\/02\/IMG_9361b.jpg 480w, https:\/\/agora.xtec.cat\/esc-jverdaguer\/wp-content\/uploads\/usu831\/2024\/02\/IMG_9361b-225x300.jpg 225w\" sizes=\"auto, (max-width: 480px) 100vw, 480px\" \/><\/p>\n<p><img loading=\"lazy\" decoding=\"async\" class=\"aligncenter size-full wp-image-2089\" src=\"https:\/\/agora.xtec.cat\/esc-jverdaguer\/wp-content\/uploads\/usu831\/2024\/02\/IMG_9380b.jpg\" alt=\"\" width=\"480\" height=\"640\" srcset=\"https:\/\/agora.xtec.cat\/esc-jverdaguer\/wp-content\/uploads\/usu831\/2024\/02\/IMG_9380b.jpg 480w, https:\/\/agora.xtec.cat\/esc-jverdaguer\/wp-content\/uploads\/usu831\/2024\/02\/IMG_9380b-225x300.jpg 225w\" sizes=\"auto, (max-width: 480px) 100vw, 480px\" \/><\/p>\n<p><img loading=\"lazy\" decoding=\"async\" class=\"aligncenter size-full wp-image-2090\" src=\"https:\/\/agora.xtec.cat\/esc-jverdaguer\/wp-content\/uploads\/usu831\/2024\/02\/IMG_9320b.jpg\" alt=\"\" width=\"640\" height=\"480\" srcset=\"https:\/\/agora.xtec.cat\/esc-jverdaguer\/wp-content\/uploads\/usu831\/2024\/02\/IMG_9320b.jpg 640w, https:\/\/agora.xtec.cat\/esc-jverdaguer\/wp-content\/uploads\/usu831\/2024\/02\/IMG_9320b-300x225.jpg 300w, https:\/\/agora.xtec.cat\/esc-jverdaguer\/wp-content\/uploads\/usu831\/2024\/02\/IMG_9320b-200x150.jpg 200w\" sizes=\"auto, (max-width: 640px) 100vw, 640px\" \/><\/p>\n","protected":false},"excerpt":{"rendered":"<p>Des d&#8217;aquest curs l\u2019escola forma part del consorci Erasmus+ ALASVO (Active Leaders for Active Students in the 21st century) que va engegar el curs passat. Aquest programa comporta la mobilitat de part del professorat i d&#8217;alumnat a altres pa\u00efsos europeus, per tal de poder interioritzar estrat\u00e8gies que possibilitin la transformaci\u00f3 educativa al nostre centre pel [&hellip;]<\/p>\n","protected":false},"author":1,"featured_media":2091,"comment_status":"closed","ping_status":"closed","sticky":false,"template":"","format":"standard","meta":{"_bbp_topic_count":0,"_bbp_reply_count":0,"_bbp_total_topic_count":0,"_bbp_total_reply_count":0,"_bbp_voice_count":0,"_bbp_anonymous_reply_count":0,"_bbp_topic_count_hidden":0,"_bbp_reply_count_hidden":0,"_bbp_forum_subforum_count":0,"site-sidebar-layout":"default","site-content-layout":"","ast-site-content-layout":"","site-content-style":"default","site-sidebar-style":"default","ast-global-header-display":"","ast-banner-title-visibility":"","ast-main-header-display":"","ast-hfb-above-header-display":"","ast-hfb-below-header-display":"","ast-hfb-mobile-header-display":"","site-post-title":"","ast-breadcrumbs-content":"","ast-featured-img":"","footer-sml-layout":"","theme-transparent-header-meta":"","adv-header-id-meta":"","stick-header-meta":"","header-above-stick-meta":"","header-main-stick-meta":"","header-below-stick-meta":"","astra-migrate-meta-layouts":"default","ast-page-background-enabled":"default","ast-page-background-meta":{"desktop":{"background-color":"var(--ast-global-color-4)","background-image":"","background-repeat":"repeat","background-position":"center center","background-size":"auto","background-attachment":"scroll","background-type":"","background-media":"","overlay-type":"","overlay-color":"","overlay-opacity":"","overlay-gradient":""},"tablet":{"background-color":"","background-image":"","background-repeat":"repeat","background-position":"center center","background-size":"auto","background-attachment":"scroll","background-type":"","background-media":"","overlay-type":"","overlay-color":"","overlay-opacity":"","overlay-gradient":""},"mobile":{"background-color":"","background-image":"","background-repeat":"repeat","background-position":"center center","background-size":"auto","background-attachment":"scroll","background-type":"","background-media":"","overlay-type":"","overlay-color":"","overlay-opacity":"","overlay-gradient":""}},"ast-content-background-meta":{"desktop":{"background-color":"var(--ast-global-color-5)","background-image":"","background-repeat":"repeat","background-position":"center center","background-size":"auto","background-attachment":"scroll","background-type":"","background-media":"","overlay-type":"","overlay-color":"","overlay-opacity":"","overlay-gradient":""},"tablet":{"background-color":"var(--ast-global-color-5)","background-image":"","background-repeat":"repeat","background-position":"center center","background-size":"auto","background-attachment":"scroll","background-type":"","background-media":"","overlay-type":"","overlay-color":"","overlay-opacity":"","overlay-gradient":""},"mobile":{"background-color":"var(--ast-global-color-5)","background-image":"","background-repeat":"repeat","background-position":"center center","background-size":"auto","background-attachment":"scroll","background-type":"","background-media":"","overlay-type":"","overlay-color":"","overlay-opacity":"","overlay-gradient":""}},"footnotes":""},"categories":[1,4],"tags":[],"class_list":["post-2087","post","type-post","status-publish","format-standard","has-post-thumbnail","hentry","category-general","category-portada"],"post_mailing_queue_ids":[],"_links":{"self":[{"href":"https:\/\/agora.xtec.cat\/esc-jverdaguer\/wp-json\/wp\/v2\/posts\/2087","targetHints":{"allow":["GET"]}}],"collection":[{"href":"https:\/\/agora.xtec.cat\/esc-jverdaguer\/wp-json\/wp\/v2\/posts"}],"about":[{"href":"https:\/\/agora.xtec.cat\/esc-jverdaguer\/wp-json\/wp\/v2\/types\/post"}],"author":[{"embeddable":true,"href":"https:\/\/agora.xtec.cat\/esc-jverdaguer\/wp-json\/wp\/v2\/users\/1"}],"replies":[{"embeddable":true,"href":"https:\/\/agora.xtec.cat\/esc-jverdaguer\/wp-json\/wp\/v2\/comments?post=2087"}],"version-history":[{"count":1,"href":"https:\/\/agora.xtec.cat\/esc-jverdaguer\/wp-json\/wp\/v2\/posts\/2087\/revisions"}],"predecessor-version":[{"id":2092,"href":"https:\/\/agora.xtec.cat\/esc-jverdaguer\/wp-json\/wp\/v2\/posts\/2087\/revisions\/2092"}],"wp:featuredmedia":[{"embeddable":true,"href":"https:\/\/agora.xtec.cat\/esc-jverdaguer\/wp-json\/wp\/v2\/media\/2091"}],"wp:attachment":[{"href":"https:\/\/agora.xtec.cat\/esc-jverdaguer\/wp-json\/wp\/v2\/media?parent=2087"}],"wp:term":[{"taxonomy":"category","embeddable":true,"href":"https:\/\/agora.xtec.cat\/esc-jverdaguer\/wp-json\/wp\/v2\/categories?post=2087"},{"taxonomy":"post_tag","embeddable":true,"href":"https:\/\/agora.xtec.cat\/esc-jverdaguer\/wp-json\/wp\/v2\/tags?post=2087"}],"curies":[{"name":"wp","href":"https:\/\/api.w.org\/{rel}","templated":true}]}}