{"id":2071,"date":"2024-02-12T15:14:36","date_gmt":"2024-02-12T14:14:36","guid":{"rendered":"https:\/\/agora.xtec.cat\/esc-jverdaguer\/?p=2071"},"modified":"2024-03-05T10:14:17","modified_gmt":"2024-03-05T09:14:17","slug":"portes-obertes-2","status":"publish","type":"post","link":"https:\/\/agora.xtec.cat\/esc-jverdaguer\/general\/portes-obertes-2\/","title":{"rendered":"INFORMACI\u00d3, PRESENTACI\u00d3 I V\u00cdDEO PORTES OBERTES"},"content":{"rendered":"<p>Enguany la jornada de portes obertes es far\u00e0 la tarda de divendres 23 de febrer a partir de les 15:30h a l&#8217;escola. D&#8217;igual manera, qualsevol persona interessada pot contactar amb l&#8217;escola per concertar cita i\/o aclarir dubtes! Us hi esperem!<\/p>\n<p><img loading=\"lazy\" decoding=\"async\" class=\"aligncenter size-full wp-image-2073\" src=\"https:\/\/agora.xtec.cat\/esc-jverdaguer\/wp-content\/uploads\/usu831\/2024\/02\/Screenshot_20240209_144509_Chrome.jpg\" alt=\"\" width=\"929\" height=\"1527\" srcset=\"https:\/\/agora.xtec.cat\/esc-jverdaguer\/wp-content\/uploads\/usu831\/2024\/02\/Screenshot_20240209_144509_Chrome.jpg 929w, https:\/\/agora.xtec.cat\/esc-jverdaguer\/wp-content\/uploads\/usu831\/2024\/02\/Screenshot_20240209_144509_Chrome-183x300.jpg 183w, https:\/\/agora.xtec.cat\/esc-jverdaguer\/wp-content\/uploads\/usu831\/2024\/02\/Screenshot_20240209_144509_Chrome-623x1024.jpg 623w, https:\/\/agora.xtec.cat\/esc-jverdaguer\/wp-content\/uploads\/usu831\/2024\/02\/Screenshot_20240209_144509_Chrome-768x1262.jpg 768w\" sizes=\"auto, (max-width: 929px) 100vw, 929px\" \/><\/p>\n<p>V\u00eddeo portes obertes:<\/p>\n<div class=\"ast-oembed-container \" style=\"height: 100%;\"><iframe loading=\"lazy\" title=\"PORTES OBERTES 2024-2025\" width=\"500\" height=\"281\" src=\"https:\/\/www.youtube.com\/embed\/4ZxjzsjP1BQ?feature=oembed\" frameborder=\"0\" allow=\"accelerometer; autoplay; clipboard-write; encrypted-media; gyroscope; picture-in-picture; web-share\" referrerpolicy=\"strict-origin-when-cross-origin\" allowfullscreen><\/iframe><\/div>\n<p>En els seg\u00fcents documents trobareu informaci\u00f3 rellevant de l&#8217;escola aix\u00ed com la presentaci\u00f3 utilitzada a la jornada de Portes Obertes:<\/p>\n<p><a href=\"https:\/\/agora.xtec.cat\/esc-jverdaguer\/wp-content\/uploads\/usu831\/2024\/02\/llibret-portes-obertes-2024-2025.pdf\">Llibret portes obertes 2024-2025<\/a><\/p>\n<p><a href=\"https:\/\/agora.xtec.cat\/esc-jverdaguer\/wp-content\/uploads\/usu831\/2024\/02\/Presentacio-Portes-Obertes.pdf\">Presentaci\u00f3 Portes Obertes<\/a><\/p>\n<p><a href=\"https:\/\/drive.google.com\/file\/d\/14xHtbV9biFA_w7h2bBoqUBjtey6j2q0i\/view?usp=sharing\">Oferta inicial places 2024-2025<\/a><\/p>\n","protected":false},"excerpt":{"rendered":"<p>Enguany la jornada de portes obertes es far\u00e0 la tarda de divendres 23 de febrer a partir de les 15:30h a l&#8217;escola. D&#8217;igual manera, qualsevol persona interessada pot contactar amb l&#8217;escola per concertar cita i\/o aclarir dubtes! Us hi esperem! V\u00eddeo portes obertes: En els seg\u00fcents documents trobareu informaci\u00f3 rellevant de l&#8217;escola aix\u00ed com la [&hellip;]<\/p>\n","protected":false},"author":1,"featured_media":2073,"comment_status":"closed","ping_status":"closed","sticky":false,"template":"","format":"standard","meta":{"_bbp_topic_count":0,"_bbp_reply_count":0,"_bbp_total_topic_count":0,"_bbp_total_reply_count":0,"_bbp_voice_count":0,"_bbp_anonymous_reply_count":0,"_bbp_topic_count_hidden":0,"_bbp_reply_count_hidden":0,"_bbp_forum_subforum_count":0,"site-sidebar-layout":"default","site-content-layout":"","ast-site-content-layout":"","site-content-style":"default","site-sidebar-style":"default","ast-global-header-display":"","ast-banner-title-visibility":"","ast-main-header-display":"","ast-hfb-above-header-display":"","ast-hfb-below-header-display":"","ast-hfb-mobile-header-display":"","site-post-title":"","ast-breadcrumbs-content":"","ast-featured-img":"","footer-sml-layout":"","theme-transparent-header-meta":"","adv-header-id-meta":"","stick-header-meta":"","header-above-stick-meta":"","header-main-stick-meta":"","header-below-stick-meta":"","astra-migrate-meta-layouts":"default","ast-page-background-enabled":"default","ast-page-background-meta":{"desktop":{"background-color":"var(--ast-global-color-4)","background-image":"","background-repeat":"repeat","background-position":"center center","background-size":"auto","background-attachment":"scroll","background-type":"","background-media":"","overlay-type":"","overlay-color":"","overlay-opacity":"","overlay-gradient":""},"tablet":{"background-color":"","background-image":"","background-repeat":"repeat","background-position":"center center","background-size":"auto","background-attachment":"scroll","background-type":"","background-media":"","overlay-type":"","overlay-color":"","overlay-opacity":"","overlay-gradient":""},"mobile":{"background-color":"","background-image":"","background-repeat":"repeat","background-position":"center center","background-size":"auto","background-attachment":"scroll","background-type":"","background-media":"","overlay-type":"","overlay-color":"","overlay-opacity":"","overlay-gradient":""}},"ast-content-background-meta":{"desktop":{"background-color":"var(--ast-global-color-5)","background-image":"","background-repeat":"repeat","background-position":"center center","background-size":"auto","background-attachment":"scroll","background-type":"","background-media":"","overlay-type":"","overlay-color":"","overlay-opacity":"","overlay-gradient":""},"tablet":{"background-color":"var(--ast-global-color-5)","background-image":"","background-repeat":"repeat","background-position":"center center","background-size":"auto","background-attachment":"scroll","background-type":"","background-media":"","overlay-type":"","overlay-color":"","overlay-opacity":"","overlay-gradient":""},"mobile":{"background-color":"var(--ast-global-color-5)","background-image":"","background-repeat":"repeat","background-position":"center center","background-size":"auto","background-attachment":"scroll","background-type":"","background-media":"","overlay-type":"","overlay-color":"","overlay-opacity":"","overlay-gradient":""}},"footnotes":""},"categories":[1,4],"tags":[],"class_list":["post-2071","post","type-post","status-publish","format-standard","has-post-thumbnail","hentry","category-general","category-portada"],"post_mailing_queue_ids":[],"_links":{"self":[{"href":"https:\/\/agora.xtec.cat\/esc-jverdaguer\/wp-json\/wp\/v2\/posts\/2071","targetHints":{"allow":["GET"]}}],"collection":[{"href":"https:\/\/agora.xtec.cat\/esc-jverdaguer\/wp-json\/wp\/v2\/posts"}],"about":[{"href":"https:\/\/agora.xtec.cat\/esc-jverdaguer\/wp-json\/wp\/v2\/types\/post"}],"author":[{"embeddable":true,"href":"https:\/\/agora.xtec.cat\/esc-jverdaguer\/wp-json\/wp\/v2\/users\/1"}],"replies":[{"embeddable":true,"href":"https:\/\/agora.xtec.cat\/esc-jverdaguer\/wp-json\/wp\/v2\/comments?post=2071"}],"version-history":[{"count":6,"href":"https:\/\/agora.xtec.cat\/esc-jverdaguer\/wp-json\/wp\/v2\/posts\/2071\/revisions"}],"predecessor-version":[{"id":2100,"href":"https:\/\/agora.xtec.cat\/esc-jverdaguer\/wp-json\/wp\/v2\/posts\/2071\/revisions\/2100"}],"wp:featuredmedia":[{"embeddable":true,"href":"https:\/\/agora.xtec.cat\/esc-jverdaguer\/wp-json\/wp\/v2\/media\/2073"}],"wp:attachment":[{"href":"https:\/\/agora.xtec.cat\/esc-jverdaguer\/wp-json\/wp\/v2\/media?parent=2071"}],"wp:term":[{"taxonomy":"category","embeddable":true,"href":"https:\/\/agora.xtec.cat\/esc-jverdaguer\/wp-json\/wp\/v2\/categories?post=2071"},{"taxonomy":"post_tag","embeddable":true,"href":"https:\/\/agora.xtec.cat\/esc-jverdaguer\/wp-json\/wp\/v2\/tags?post=2071"}],"curies":[{"name":"wp","href":"https:\/\/api.w.org\/{rel}","templated":true}]}}