{"id":2061,"date":"2024-01-22T17:21:45","date_gmt":"2024-01-22T16:21:45","guid":{"rendered":"https:\/\/agora.xtec.cat\/esc-jverdaguer\/?p=2061"},"modified":"2024-01-22T17:22:25","modified_gmt":"2024-01-22T16:22:25","slug":"presentacio-6e-viatgem-per-europa-a-les-families","status":"publish","type":"post","link":"https:\/\/agora.xtec.cat\/esc-jverdaguer\/general\/presentacio-6e-viatgem-per-europa-a-les-families\/","title":{"rendered":"PRESENTACI\u00d3 6\u00e8 &#8220;VIATGEM PER EUROPA&#8221; A LES FAM\u00cdLIES"},"content":{"rendered":"<p>Com ja sabeu, durant aquest curs cada grup s\u2019encarrega de preparar una exposici\u00f3 oral adre\u00e7ada a les fam\u00edlies. En aquesta, es pret\u00e9n fer una mostra de la feina del dia a dia a l\u2019aula, explicada pels seus propis protagonistes. Aquest dilluns ha estat el torn dels dos grups de 6\u00e8. L&#8217;alumnat va realitzar l\u2019exposici\u00f3 oberta a les fam\u00edlies de la situaci\u00f3 d\u2019aprenentatge: \u201cViatgem per Europa\u201d.<\/p>\n<p>Aquesta situaci\u00f3 d\u2019aprenentatge va comen\u00e7ar analitzant qu\u00e8 coneixem del continent Europeu. A partir d&#8217;aquest repte va sorgir la necessitat de seguir descobrint molts m\u00e9s aspectes d&#8217;Europa. Ben engrescats, varen arribar a con\u00e8ixer els pa\u00efsos integrants de l&#8217;Uni\u00f3 Europea, la seva bandera, la seva capital, els seus costums, gentilicis, la seva gastronomia t\u00edpica aix\u00ed com tamb\u00e9 els monuments i edificis m\u00e9s emblem\u00e0tics. Treballant per comissions, van aprendre a organitzar-se i gestionar-se la feina, aix\u00ed com aprendre\u2019s el gui\u00f3 de l\u2019explicaci\u00f3 per transmetre-ho als seus companys i companyes de la classe, aprenent els uns dels altres. Com a tancament, l\u2019alumnat ha gaudit amb la visita de les seves fam\u00edlies, vivint la primera de les experi\u00e8ncies m\u00e9s motivadores que ens ofereix l\u2019escola.<\/p>\n<p>Us deixem unes quantes imatges del resultat final.\u00a0Va ser una experi\u00e8ncia incre\u00efble per les fam\u00edlies i, sobretot, per tot l\u2019alumnat.<\/p>\n<p><img loading=\"lazy\" decoding=\"async\" class=\"aligncenter size-full wp-image-2066\" src=\"https:\/\/agora.xtec.cat\/esc-jverdaguer\/wp-content\/uploads\/usu831\/2024\/01\/IMG_9165b.jpg\" alt=\"\" width=\"640\" height=\"480\" srcset=\"https:\/\/agora.xtec.cat\/esc-jverdaguer\/wp-content\/uploads\/usu831\/2024\/01\/IMG_9165b.jpg 640w, https:\/\/agora.xtec.cat\/esc-jverdaguer\/wp-content\/uploads\/usu831\/2024\/01\/IMG_9165b-300x225.jpg 300w, https:\/\/agora.xtec.cat\/esc-jverdaguer\/wp-content\/uploads\/usu831\/2024\/01\/IMG_9165b-200x150.jpg 200w\" sizes=\"auto, (max-width: 640px) 100vw, 640px\" \/> <img loading=\"lazy\" decoding=\"async\" class=\"aligncenter size-full wp-image-2067\" src=\"https:\/\/agora.xtec.cat\/esc-jverdaguer\/wp-content\/uploads\/usu831\/2024\/01\/IMG_9163b.jpg\" alt=\"\" width=\"640\" height=\"480\" srcset=\"https:\/\/agora.xtec.cat\/esc-jverdaguer\/wp-content\/uploads\/usu831\/2024\/01\/IMG_9163b.jpg 640w, https:\/\/agora.xtec.cat\/esc-jverdaguer\/wp-content\/uploads\/usu831\/2024\/01\/IMG_9163b-300x225.jpg 300w, https:\/\/agora.xtec.cat\/esc-jverdaguer\/wp-content\/uploads\/usu831\/2024\/01\/IMG_9163b-200x150.jpg 200w\" sizes=\"auto, (max-width: 640px) 100vw, 640px\" \/><img loading=\"lazy\" decoding=\"async\" class=\"aligncenter size-full wp-image-2065\" src=\"https:\/\/agora.xtec.cat\/esc-jverdaguer\/wp-content\/uploads\/usu831\/2024\/01\/IMG_9167b.jpg\" alt=\"\" width=\"640\" height=\"480\" srcset=\"https:\/\/agora.xtec.cat\/esc-jverdaguer\/wp-content\/uploads\/usu831\/2024\/01\/IMG_9167b.jpg 640w, https:\/\/agora.xtec.cat\/esc-jverdaguer\/wp-content\/uploads\/usu831\/2024\/01\/IMG_9167b-300x225.jpg 300w, https:\/\/agora.xtec.cat\/esc-jverdaguer\/wp-content\/uploads\/usu831\/2024\/01\/IMG_9167b-200x150.jpg 200w\" sizes=\"auto, (max-width: 640px) 100vw, 640px\" \/><img loading=\"lazy\" decoding=\"async\" class=\"aligncenter size-full wp-image-2064\" src=\"https:\/\/agora.xtec.cat\/esc-jverdaguer\/wp-content\/uploads\/usu831\/2024\/01\/IMG_9172b.jpg\" alt=\"\" width=\"640\" height=\"480\" srcset=\"https:\/\/agora.xtec.cat\/esc-jverdaguer\/wp-content\/uploads\/usu831\/2024\/01\/IMG_9172b.jpg 640w, https:\/\/agora.xtec.cat\/esc-jverdaguer\/wp-content\/uploads\/usu831\/2024\/01\/IMG_9172b-300x225.jpg 300w, https:\/\/agora.xtec.cat\/esc-jverdaguer\/wp-content\/uploads\/usu831\/2024\/01\/IMG_9172b-200x150.jpg 200w\" sizes=\"auto, (max-width: 640px) 100vw, 640px\" \/><img loading=\"lazy\" decoding=\"async\" class=\"aligncenter size-full wp-image-2063\" src=\"https:\/\/agora.xtec.cat\/esc-jverdaguer\/wp-content\/uploads\/usu831\/2024\/01\/IMG_9175b.jpg\" alt=\"\" width=\"640\" height=\"480\" srcset=\"https:\/\/agora.xtec.cat\/esc-jverdaguer\/wp-content\/uploads\/usu831\/2024\/01\/IMG_9175b.jpg 640w, https:\/\/agora.xtec.cat\/esc-jverdaguer\/wp-content\/uploads\/usu831\/2024\/01\/IMG_9175b-300x225.jpg 300w, https:\/\/agora.xtec.cat\/esc-jverdaguer\/wp-content\/uploads\/usu831\/2024\/01\/IMG_9175b-200x150.jpg 200w\" sizes=\"auto, (max-width: 640px) 100vw, 640px\" \/><img loading=\"lazy\" decoding=\"async\" class=\"aligncenter size-full wp-image-2062\" src=\"https:\/\/agora.xtec.cat\/esc-jverdaguer\/wp-content\/uploads\/usu831\/2024\/01\/IMG_9179b.jpg\" alt=\"\" width=\"640\" height=\"480\" srcset=\"https:\/\/agora.xtec.cat\/esc-jverdaguer\/wp-content\/uploads\/usu831\/2024\/01\/IMG_9179b.jpg 640w, https:\/\/agora.xtec.cat\/esc-jverdaguer\/wp-content\/uploads\/usu831\/2024\/01\/IMG_9179b-300x225.jpg 300w, https:\/\/agora.xtec.cat\/esc-jverdaguer\/wp-content\/uploads\/usu831\/2024\/01\/IMG_9179b-200x150.jpg 200w\" sizes=\"auto, (max-width: 640px) 100vw, 640px\" \/><\/p>\n","protected":false},"excerpt":{"rendered":"<p>Com ja sabeu, durant aquest curs cada grup s\u2019encarrega de preparar una exposici\u00f3 oral adre\u00e7ada a les fam\u00edlies. En aquesta, es pret\u00e9n fer una mostra de la feina del dia a dia a l\u2019aula, explicada pels seus propis protagonistes. Aquest dilluns ha estat el torn dels dos grups de 6\u00e8. L&#8217;alumnat va realitzar l\u2019exposici\u00f3 oberta [&hellip;]<\/p>\n","protected":false},"author":1,"featured_media":2067,"comment_status":"closed","ping_status":"closed","sticky":false,"template":"","format":"standard","meta":{"_bbp_topic_count":0,"_bbp_reply_count":0,"_bbp_total_topic_count":0,"_bbp_total_reply_count":0,"_bbp_voice_count":0,"_bbp_anonymous_reply_count":0,"_bbp_topic_count_hidden":0,"_bbp_reply_count_hidden":0,"_bbp_forum_subforum_count":0,"site-sidebar-layout":"default","site-content-layout":"","ast-site-content-layout":"","site-content-style":"default","site-sidebar-style":"default","ast-global-header-display":"","ast-banner-title-visibility":"","ast-main-header-display":"","ast-hfb-above-header-display":"","ast-hfb-below-header-display":"","ast-hfb-mobile-header-display":"","site-post-title":"","ast-breadcrumbs-content":"","ast-featured-img":"","footer-sml-layout":"","theme-transparent-header-meta":"","adv-header-id-meta":"","stick-header-meta":"","header-above-stick-meta":"","header-main-stick-meta":"","header-below-stick-meta":"","astra-migrate-meta-layouts":"default","ast-page-background-enabled":"default","ast-page-background-meta":{"desktop":{"background-color":"var(--ast-global-color-4)","background-image":"","background-repeat":"repeat","background-position":"center center","background-size":"auto","background-attachment":"scroll","background-type":"","background-media":"","overlay-type":"","overlay-color":"","overlay-opacity":"","overlay-gradient":""},"tablet":{"background-color":"","background-image":"","background-repeat":"repeat","background-position":"center center","background-size":"auto","background-attachment":"scroll","background-type":"","background-media":"","overlay-type":"","overlay-color":"","overlay-opacity":"","overlay-gradient":""},"mobile":{"background-color":"","background-image":"","background-repeat":"repeat","background-position":"center center","background-size":"auto","background-attachment":"scroll","background-type":"","background-media":"","overlay-type":"","overlay-color":"","overlay-opacity":"","overlay-gradient":""}},"ast-content-background-meta":{"desktop":{"background-color":"var(--ast-global-color-5)","background-image":"","background-repeat":"repeat","background-position":"center center","background-size":"auto","background-attachment":"scroll","background-type":"","background-media":"","overlay-type":"","overlay-color":"","overlay-opacity":"","overlay-gradient":""},"tablet":{"background-color":"var(--ast-global-color-5)","background-image":"","background-repeat":"repeat","background-position":"center center","background-size":"auto","background-attachment":"scroll","background-type":"","background-media":"","overlay-type":"","overlay-color":"","overlay-opacity":"","overlay-gradient":""},"mobile":{"background-color":"var(--ast-global-color-5)","background-image":"","background-repeat":"repeat","background-position":"center center","background-size":"auto","background-attachment":"scroll","background-type":"","background-media":"","overlay-type":"","overlay-color":"","overlay-opacity":"","overlay-gradient":""}},"footnotes":""},"categories":[15,1,4,5],"tags":[],"class_list":["post-2061","post","type-post","status-publish","format-standard","has-post-thumbnail","hentry","category-6e","category-general","category-portada","category-primaria"],"post_mailing_queue_ids":[],"_links":{"self":[{"href":"https:\/\/agora.xtec.cat\/esc-jverdaguer\/wp-json\/wp\/v2\/posts\/2061","targetHints":{"allow":["GET"]}}],"collection":[{"href":"https:\/\/agora.xtec.cat\/esc-jverdaguer\/wp-json\/wp\/v2\/posts"}],"about":[{"href":"https:\/\/agora.xtec.cat\/esc-jverdaguer\/wp-json\/wp\/v2\/types\/post"}],"author":[{"embeddable":true,"href":"https:\/\/agora.xtec.cat\/esc-jverdaguer\/wp-json\/wp\/v2\/users\/1"}],"replies":[{"embeddable":true,"href":"https:\/\/agora.xtec.cat\/esc-jverdaguer\/wp-json\/wp\/v2\/comments?post=2061"}],"version-history":[{"count":1,"href":"https:\/\/agora.xtec.cat\/esc-jverdaguer\/wp-json\/wp\/v2\/posts\/2061\/revisions"}],"predecessor-version":[{"id":2068,"href":"https:\/\/agora.xtec.cat\/esc-jverdaguer\/wp-json\/wp\/v2\/posts\/2061\/revisions\/2068"}],"wp:featuredmedia":[{"embeddable":true,"href":"https:\/\/agora.xtec.cat\/esc-jverdaguer\/wp-json\/wp\/v2\/media\/2067"}],"wp:attachment":[{"href":"https:\/\/agora.xtec.cat\/esc-jverdaguer\/wp-json\/wp\/v2\/media?parent=2061"}],"wp:term":[{"taxonomy":"category","embeddable":true,"href":"https:\/\/agora.xtec.cat\/esc-jverdaguer\/wp-json\/wp\/v2\/categories?post=2061"},{"taxonomy":"post_tag","embeddable":true,"href":"https:\/\/agora.xtec.cat\/esc-jverdaguer\/wp-json\/wp\/v2\/tags?post=2061"}],"curies":[{"name":"wp","href":"https:\/\/api.w.org\/{rel}","templated":true}]}}