{"id":1641,"date":"2020-04-16T16:18:22","date_gmt":"2020-04-16T14:18:22","guid":{"rendered":"http:\/\/agora.xtec.cat\/esc-jverdaguer\/?p=1641"},"modified":"2020-04-17T08:25:16","modified_gmt":"2020-04-17T06:25:16","slug":"informacions-3r-trimestre","status":"publish","type":"post","link":"https:\/\/agora.xtec.cat\/esc-jverdaguer\/portada\/informacions-3r-trimestre\/","title":{"rendered":"Informacions 3r Trimestre"},"content":{"rendered":"<p><span style=\"font-weight: 400;\">Benvolgudes fam\u00edlies,<\/span><\/p>\n<p><span style=\"font-weight: 400;\">Donada la situaci\u00f3 de perllongament sense data prevista de retorn a la normalitat de les classes presencials en el centre escolar, us volem informar de com ens organitzem per a aquest per\u00edode.<\/span><\/p>\n<p><span style=\"font-weight: 400;\">Des del Departament d\u2019Educaci\u00f3, ens comuniquen que un dels objectius principals \u00e9s continuar el vincle de l\u2019escola amb l\u2019alumnat, el curs no s\u2019ha acabat, l\u2019escola continua funcionant tot i que d\u2019una manera diferent. \u00c9s per aix\u00f2 que hem estat contactant amb vosaltres per fer acompanyament a l\u2019alumnat i les fam\u00edlies. Recordeu que habitualment fem aquestes trucades des de n\u00famero ocult.<\/span><\/p>\n<p><span style=\"font-weight: 400;\">Des de les tutories ja us hem anat informant de com funcionem, en funci\u00f3 de l\u2019edat de l\u2019alumnat:<\/span><\/p>\n<ul>\n<li style=\"font-weight: 400;\"><span style=\"font-weight: 400;\">Educaci\u00f3 Infantil i Cicle Inicial fan les propostes d\u2019activitats als blocs.<\/span><\/li>\n<li style=\"font-weight: 400;\"><span style=\"font-weight: 400;\">Cicle Mitj\u00e0 continuar\u00e0 fent servir el compte de correu corporatiu de l\u2019escola.<\/span><\/li>\n<li style=\"font-weight: 400;\"><span style=\"font-weight: 400;\">Cicle Superior obrir\u00e0, a partir de la setmana vinent, el google classroom que funciona tamb\u00e9 amb el compte de correu que cada alumne t\u00e9 obert des de l\u2019escola.<\/span><\/li>\n<\/ul>\n<p><span style=\"font-weight: 400;\">Les directrius rebudes des del Departament ens demanen dissenyar activitats i tasques globalitzades i competencials, tenint molt present que no es tracta de traspassar als domicilis el volum de feina que es fa habitualment a les aules.\u00a0<\/span><\/p>\n<p><span style=\"font-weight: 400;\">Cal tenir tamb\u00e9 present que totes aquestes tasques que es proposen s\u00f3n avaluables, per la qual cosa \u00e9s molt important que el professorat les rebi. Estem adequant els criteris d\u2019avaluaci\u00f3 per aquest tercer trimestre a la nova situaci\u00f3.<\/span><\/p>\n<p><span style=\"font-weight: 400;\">Juntament amb el Departament d\u2019Educaci\u00f3 i l&#8217;Ajuntament de Canovelles estem gestionant el pr\u00e9stec de maquinari inform\u00e0tic i connectivitat a aquelles fam\u00edlies que ens heu informat de la falta de mitjans t\u00e8cnics. Quan tinguem novetats de quan es far\u00e0 efectiu aquest pr\u00e9stec, us informarem a t\u00edtol individual.<\/span><\/p>\n<p><span style=\"font-weight: 400;\">Les col\u00f2nies previstes per aquest curs 2019-2020 queden anul\u00b7lades. Quan tornem a la normalitat valorarem les possibles alternatives.<\/span><\/p>\n<p><span style=\"font-weight: 400;\">De la mateixa manera, tal com us vam informar en un comunicat anterior, ens caldr\u00e0 revisar tamb\u00e9 la gesti\u00f3 de les aportacions econ\u00f2miques.<\/span><\/p>\n<p><span style=\"font-weight: 400;\">Des d\u2019aqu\u00ed, volem felicitar i agrair la participaci\u00f3 de l\u2019alumnat i les seves fam\u00edlies en les tasques que us hem anat proposant des del passat 13 de mar\u00e7 que vam comen\u00e7ar el confinament.\u00a0<\/span><\/p>\n<p><span style=\"font-weight: 400;\">Per \u00faltim, desitgem que tothom estigueu gaudint d\u2019un bon estat de salut. No dubteu en contactar amb nosaltres si creieu que us podem fer un cop de m\u00e0 en tot all\u00f2 que pugueu necessitar i estigui al nostre abast.<\/span><\/p>\n<p><span style=\"font-weight: 400;\">Desitjant poder-nos retrobar quan abans millor a la nostra escola,<\/span><\/p>\n<p><span style=\"font-weight: 400;\">cuideu-vos molt i cuideu dels vostres.<\/span><\/p>\n<p><span style=\"font-weight: 400;\">Claustre Escola Jacint Verdaguer<\/span><\/p>\n<p><span style=\"font-weight: 400;\">P:D: Us deixem l\u2019enlla\u00e7 a l\u2019entrevista amb el Conseller d\u2019Educaci\u00f3 on s\u2019amplia aquesta informaci\u00f3 (penjarem aquest enlla\u00e7 tamb\u00e9 a la web de l\u2019escola)<\/span><\/p>\n<p><a href=\"https:\/\/www.ccma.cat\/tv3\/alacarta\/tot-es-mou\/josep-bargallo-estic-convencut-que-podrem-obrir-els-centres-educatius-abans-de-sant-joan\/video\/6038935\/\"><span style=\"font-weight: 400;\">https:\/\/www.ccma.cat\/tv3\/alacarta\/tot-es-mou\/josep-bargallo-estic-convencut-que-podrem-obrir-els-centres-educatius-abans-de-sant-joan\/video\/603<\/span><\/a><\/p>\n","protected":false},"excerpt":{"rendered":"<p>Benvolgudes fam\u00edlies, Donada la situaci\u00f3 de perllongament sense data prevista de retorn a la normalitat de les classes presencials en el centre escolar, us volem informar de com ens organitzem per a aquest per\u00edode. Des del Departament d\u2019Educaci\u00f3, ens comuniquen que un dels objectius principals \u00e9s continuar el vincle de l\u2019escola amb l\u2019alumnat, el curs [&hellip;]<\/p>\n","protected":false},"author":1,"featured_media":0,"comment_status":"closed","ping_status":"closed","sticky":false,"template":"","format":"standard","meta":{"_bbp_topic_count":0,"_bbp_reply_count":0,"_bbp_total_topic_count":0,"_bbp_total_reply_count":0,"_bbp_voice_count":0,"_bbp_anonymous_reply_count":0,"_bbp_topic_count_hidden":0,"_bbp_reply_count_hidden":0,"_bbp_forum_subforum_count":0,"site-sidebar-layout":"default","site-content-layout":"","ast-site-content-layout":"","site-content-style":"default","site-sidebar-style":"default","ast-global-header-display":"","ast-banner-title-visibility":"","ast-main-header-display":"","ast-hfb-above-header-display":"","ast-hfb-below-header-display":"","ast-hfb-mobile-header-display":"","site-post-title":"","ast-breadcrumbs-content":"","ast-featured-img":"","footer-sml-layout":"","theme-transparent-header-meta":"","adv-header-id-meta":"","stick-header-meta":"","header-above-stick-meta":"","header-main-stick-meta":"","header-below-stick-meta":"","astra-migrate-meta-layouts":"default","ast-page-background-enabled":"default","ast-page-background-meta":{"desktop":{"background-color":"var(--ast-global-color-4)","background-image":"","background-repeat":"repeat","background-position":"center center","background-size":"auto","background-attachment":"scroll","background-type":"","background-media":"","overlay-type":"","overlay-color":"","overlay-opacity":"","overlay-gradient":""},"tablet":{"background-color":"","background-image":"","background-repeat":"repeat","background-position":"center center","background-size":"auto","background-attachment":"scroll","background-type":"","background-media":"","overlay-type":"","overlay-color":"","overlay-opacity":"","overlay-gradient":""},"mobile":{"background-color":"","background-image":"","background-repeat":"repeat","background-position":"center center","background-size":"auto","background-attachment":"scroll","background-type":"","background-media":"","overlay-type":"","overlay-color":"","overlay-opacity":"","overlay-gradient":""}},"ast-content-background-meta":{"desktop":{"background-color":"var(--ast-global-color-5)","background-image":"","background-repeat":"repeat","background-position":"center center","background-size":"auto","background-attachment":"scroll","background-type":"","background-media":"","overlay-type":"","overlay-color":"","overlay-opacity":"","overlay-gradient":""},"tablet":{"background-color":"var(--ast-global-color-5)","background-image":"","background-repeat":"repeat","background-position":"center center","background-size":"auto","background-attachment":"scroll","background-type":"","background-media":"","overlay-type":"","overlay-color":"","overlay-opacity":"","overlay-gradient":""},"mobile":{"background-color":"var(--ast-global-color-5)","background-image":"","background-repeat":"repeat","background-position":"center center","background-size":"auto","background-attachment":"scroll","background-type":"","background-media":"","overlay-type":"","overlay-color":"","overlay-opacity":"","overlay-gradient":""}},"footnotes":""},"categories":[4],"tags":[],"class_list":["post-1641","post","type-post","status-publish","format-standard","hentry","category-portada"],"post_mailing_queue_ids":[],"_links":{"self":[{"href":"https:\/\/agora.xtec.cat\/esc-jverdaguer\/wp-json\/wp\/v2\/posts\/1641","targetHints":{"allow":["GET"]}}],"collection":[{"href":"https:\/\/agora.xtec.cat\/esc-jverdaguer\/wp-json\/wp\/v2\/posts"}],"about":[{"href":"https:\/\/agora.xtec.cat\/esc-jverdaguer\/wp-json\/wp\/v2\/types\/post"}],"author":[{"embeddable":true,"href":"https:\/\/agora.xtec.cat\/esc-jverdaguer\/wp-json\/wp\/v2\/users\/1"}],"replies":[{"embeddable":true,"href":"https:\/\/agora.xtec.cat\/esc-jverdaguer\/wp-json\/wp\/v2\/comments?post=1641"}],"version-history":[{"count":1,"href":"https:\/\/agora.xtec.cat\/esc-jverdaguer\/wp-json\/wp\/v2\/posts\/1641\/revisions"}],"predecessor-version":[{"id":1642,"href":"https:\/\/agora.xtec.cat\/esc-jverdaguer\/wp-json\/wp\/v2\/posts\/1641\/revisions\/1642"}],"wp:attachment":[{"href":"https:\/\/agora.xtec.cat\/esc-jverdaguer\/wp-json\/wp\/v2\/media?parent=1641"}],"wp:term":[{"taxonomy":"category","embeddable":true,"href":"https:\/\/agora.xtec.cat\/esc-jverdaguer\/wp-json\/wp\/v2\/categories?post=1641"},{"taxonomy":"post_tag","embeddable":true,"href":"https:\/\/agora.xtec.cat\/esc-jverdaguer\/wp-json\/wp\/v2\/tags?post=1641"}],"curies":[{"name":"wp","href":"https:\/\/api.w.org\/{rel}","templated":true}]}}