{"id":19453,"date":"2026-04-20T13:01:50","date_gmt":"2026-04-20T11:01:50","guid":{"rendered":"https:\/\/agora.xtec.cat\/esc-joaquimruyra-blanes\/?p=19453"},"modified":"2026-04-20T13:01:50","modified_gmt":"2026-04-20T11:01:50","slug":"el-viatge-de-loctavi-cicle-inicial-participa-al-concurs-gust-per-la-lectura","status":"publish","type":"post","link":"https:\/\/agora.xtec.cat\/esc-joaquimruyra-blanes\/portada\/el-viatge-de-loctavi-cicle-inicial-participa-al-concurs-gust-per-la-lectura\/","title":{"rendered":"El viatge de l&#8217;Octavi: Cicle Inicial participa al Concurs &#8220;Gust per la lectura&#8221;"},"content":{"rendered":"<p>Enguany les tutores de Cicle Inicial presenten, en la categoria A i modalitat A2, un treball de vocabulari (la definici\u00f3) i d&#8217;estructura narrativa (el viatge inici\u00e0tic) realitzat a partir de la lectura guiada i compartida de Rebaves!, de l&#8217;autor Jordi Fenosa. El concurs &#8220;Gust per la lectura&#8221; \u00e9s convocat anualment pel Departament d&#8217;Educaci\u00f3.<\/p>\n<p><img loading=\"lazy\" decoding=\"async\" class=\"aligncenter\" src=\"https:\/\/www.jollibre.com\/uploads\/2020\/12\/9788416661909-rebaves.jpg\" alt=\"Rebaves!\" width=\"109\" height=\"160\" \/><img loading=\"lazy\" decoding=\"async\" class=\"aligncenter wp-image-19455\" src=\"https:\/\/agora.xtec.cat\/esc-joaquimruyra-blanes\/wp-content\/uploads\/usu757\/2026\/04\/CMYK-2026-LOGO_Petit-HI-PARTICIPEM-300x300.png\" alt=\"\" width=\"189\" height=\"189\" srcset=\"https:\/\/agora.xtec.cat\/esc-joaquimruyra-blanes\/wp-content\/uploads\/usu757\/2026\/04\/CMYK-2026-LOGO_Petit-HI-PARTICIPEM-300x300.png 300w, https:\/\/agora.xtec.cat\/esc-joaquimruyra-blanes\/wp-content\/uploads\/usu757\/2026\/04\/CMYK-2026-LOGO_Petit-HI-PARTICIPEM-150x150.png 150w, https:\/\/agora.xtec.cat\/esc-joaquimruyra-blanes\/wp-content\/uploads\/usu757\/2026\/04\/CMYK-2026-LOGO_Petit-HI-PARTICIPEM.png 375w\" sizes=\"auto, (max-width: 189px) 100vw, 189px\" \/><\/p>\n<p>La lectura d&#8217;aquesta obra ens ha suposat un repte, ja que l&#8217;alumnat de 2n desconeixia el significat de moltes de les paraules amb qu\u00e8 ens an\u00e0vem topant durant la lectura. \u00c9s per aix\u00f2, que vam decidir crear una Capsa de paraules per anar-les-hi desant.<\/p>\n<p><img loading=\"lazy\" decoding=\"async\" class=\"aligncenter size-medium wp-image-19454\" src=\"https:\/\/agora.xtec.cat\/esc-joaquimruyra-blanes\/wp-content\/uploads\/usu757\/2026\/04\/WhatsApp-Image-2026-04-19-at-19.52.59-1-300x135.jpeg\" alt=\"\" width=\"300\" height=\"135\" srcset=\"https:\/\/agora.xtec.cat\/esc-joaquimruyra-blanes\/wp-content\/uploads\/usu757\/2026\/04\/WhatsApp-Image-2026-04-19-at-19.52.59-1-300x135.jpeg 300w, https:\/\/agora.xtec.cat\/esc-joaquimruyra-blanes\/wp-content\/uploads\/usu757\/2026\/04\/WhatsApp-Image-2026-04-19-at-19.52.59-1-1024x461.jpeg 1024w, https:\/\/agora.xtec.cat\/esc-joaquimruyra-blanes\/wp-content\/uploads\/usu757\/2026\/04\/WhatsApp-Image-2026-04-19-at-19.52.59-1-768x346.jpeg 768w, https:\/\/agora.xtec.cat\/esc-joaquimruyra-blanes\/wp-content\/uploads\/usu757\/2026\/04\/WhatsApp-Image-2026-04-19-at-19.52.59-1-1536x691.jpeg 1536w, https:\/\/agora.xtec.cat\/esc-joaquimruyra-blanes\/wp-content\/uploads\/usu757\/2026\/04\/WhatsApp-Image-2026-04-19-at-19.52.59-1.jpeg 2040w\" sizes=\"auto, (max-width: 300px) 100vw, 300px\" \/><\/p>\n<p>Amb cada paraula desconeguda, pod\u00edem fer el seg\u00fcent:<\/p>\n<ul>\n<li>Buscar el seu significat al diccionari,<\/li>\n<li>Demanar el seu significat a una &#8220;persona experta&#8221;,<\/li>\n<li>Deduir-ne el significat segons el context.<\/li>\n<\/ul>\n<p>Un cop coneguts tots els significats, els alumnes per parelles van redactar les seves pr\u00f2pies definicions.<\/p>\n\n\t\t<style type=\"text\/css\">\n\t\t\t#gallery-1 {\n\t\t\t\tmargin: auto;\n\t\t\t}\n\t\t\t#gallery-1 .gallery-item {\n\t\t\t\tfloat: left;\n\t\t\t\tmargin-top: 10px;\n\t\t\t\ttext-align: center;\n\t\t\t\twidth: 50%;\n\t\t\t}\n\t\t\t#gallery-1 img {\n\t\t\t\tborder: 2px solid #cfcfcf;\n\t\t\t}\n\t\t\t#gallery-1 .gallery-caption {\n\t\t\t\tmargin-left: 0;\n\t\t\t}\n\t\t\t\/* see gallery_shortcode() in wp-includes\/media.php *\/\n\t\t<\/style>\n\t\t<div id='gallery-1' class='gallery galleryid-19453 gallery-columns-2 gallery-size-medium'><dl class='gallery-item'>\n\t\t\t<dt class='gallery-icon portrait'>\n\t\t\t\t<a href='https:\/\/agora.xtec.cat\/esc-joaquimruyra-blanes\/portada\/el-viatge-de-loctavi-cicle-inicial-participa-al-concurs-gust-per-la-lectura\/attachment\/whatsapp-image-2026-04-19-at-19-38-46-1\/'><img loading=\"lazy\" decoding=\"async\" width=\"135\" height=\"300\" src=\"https:\/\/agora.xtec.cat\/esc-joaquimruyra-blanes\/wp-content\/uploads\/usu757\/2026\/04\/WhatsApp-Image-2026-04-19-at-19.38.46-1-135x300.jpeg\" class=\"attachment-medium size-medium\" alt=\"\" srcset=\"https:\/\/agora.xtec.cat\/esc-joaquimruyra-blanes\/wp-content\/uploads\/usu757\/2026\/04\/WhatsApp-Image-2026-04-19-at-19.38.46-1-135x300.jpeg 135w, https:\/\/agora.xtec.cat\/esc-joaquimruyra-blanes\/wp-content\/uploads\/usu757\/2026\/04\/WhatsApp-Image-2026-04-19-at-19.38.46-1-461x1024.jpeg 461w, https:\/\/agora.xtec.cat\/esc-joaquimruyra-blanes\/wp-content\/uploads\/usu757\/2026\/04\/WhatsApp-Image-2026-04-19-at-19.38.46-1-768x1707.jpeg 768w, https:\/\/agora.xtec.cat\/esc-joaquimruyra-blanes\/wp-content\/uploads\/usu757\/2026\/04\/WhatsApp-Image-2026-04-19-at-19.38.46-1-691x1536.jpeg 691w, https:\/\/agora.xtec.cat\/esc-joaquimruyra-blanes\/wp-content\/uploads\/usu757\/2026\/04\/WhatsApp-Image-2026-04-19-at-19.38.46-1.jpeg 918w\" sizes=\"auto, (max-width: 135px) 100vw, 135px\" \/><\/a>\n\t\t\t<\/dt><\/dl><dl class='gallery-item'>\n\t\t\t<dt class='gallery-icon portrait'>\n\t\t\t\t<a href='https:\/\/agora.xtec.cat\/esc-joaquimruyra-blanes\/portada\/el-viatge-de-loctavi-cicle-inicial-participa-al-concurs-gust-per-la-lectura\/attachment\/whatsapp-image-2026-04-19-at-19-38-47\/'><img loading=\"lazy\" decoding=\"async\" width=\"135\" height=\"300\" src=\"https:\/\/agora.xtec.cat\/esc-joaquimruyra-blanes\/wp-content\/uploads\/usu757\/2026\/04\/WhatsApp-Image-2026-04-19-at-19.38.47-135x300.jpeg\" class=\"attachment-medium size-medium\" alt=\"\" srcset=\"https:\/\/agora.xtec.cat\/esc-joaquimruyra-blanes\/wp-content\/uploads\/usu757\/2026\/04\/WhatsApp-Image-2026-04-19-at-19.38.47-135x300.jpeg 135w, https:\/\/agora.xtec.cat\/esc-joaquimruyra-blanes\/wp-content\/uploads\/usu757\/2026\/04\/WhatsApp-Image-2026-04-19-at-19.38.47-461x1024.jpeg 461w, https:\/\/agora.xtec.cat\/esc-joaquimruyra-blanes\/wp-content\/uploads\/usu757\/2026\/04\/WhatsApp-Image-2026-04-19-at-19.38.47-768x1707.jpeg 768w, https:\/\/agora.xtec.cat\/esc-joaquimruyra-blanes\/wp-content\/uploads\/usu757\/2026\/04\/WhatsApp-Image-2026-04-19-at-19.38.47-691x1536.jpeg 691w, https:\/\/agora.xtec.cat\/esc-joaquimruyra-blanes\/wp-content\/uploads\/usu757\/2026\/04\/WhatsApp-Image-2026-04-19-at-19.38.47.jpeg 918w\" sizes=\"auto, (max-width: 135px) 100vw, 135px\" \/><\/a>\n\t\t\t<\/dt><\/dl><br style=\"clear: both\" \/>\n\t\t<\/div>\n\n<p>I un cop corregides les definicions per part de la mestra, les vam passar a net en els targetons que anirien desats dins la capsa de paraules.<\/p>\n\n\t\t<style type=\"text\/css\">\n\t\t\t#gallery-2 {\n\t\t\t\tmargin: auto;\n\t\t\t}\n\t\t\t#gallery-2 .gallery-item {\n\t\t\t\tfloat: left;\n\t\t\t\tmargin-top: 10px;\n\t\t\t\ttext-align: center;\n\t\t\t\twidth: 25%;\n\t\t\t}\n\t\t\t#gallery-2 img {\n\t\t\t\tborder: 2px solid #cfcfcf;\n\t\t\t}\n\t\t\t#gallery-2 .gallery-caption {\n\t\t\t\tmargin-left: 0;\n\t\t\t}\n\t\t\t\/* see gallery_shortcode() in wp-includes\/media.php *\/\n\t\t<\/style>\n\t\t<div id='gallery-2' class='gallery galleryid-19453 gallery-columns-4 gallery-size-medium'><dl class='gallery-item'>\n\t\t\t<dt class='gallery-icon portrait'>\n\t\t\t\t<a href='https:\/\/agora.xtec.cat\/esc-joaquimruyra-blanes\/portada\/el-viatge-de-loctavi-cicle-inicial-participa-al-concurs-gust-per-la-lectura\/attachment\/whatsapp-image-2026-04-19-at-19-38-45-2\/'><img loading=\"lazy\" decoding=\"async\" width=\"135\" height=\"300\" src=\"https:\/\/agora.xtec.cat\/esc-joaquimruyra-blanes\/wp-content\/uploads\/usu757\/2026\/04\/WhatsApp-Image-2026-04-19-at-19.38.45-2-135x300.jpeg\" class=\"attachment-medium size-medium\" alt=\"\" srcset=\"https:\/\/agora.xtec.cat\/esc-joaquimruyra-blanes\/wp-content\/uploads\/usu757\/2026\/04\/WhatsApp-Image-2026-04-19-at-19.38.45-2-135x300.jpeg 135w, https:\/\/agora.xtec.cat\/esc-joaquimruyra-blanes\/wp-content\/uploads\/usu757\/2026\/04\/WhatsApp-Image-2026-04-19-at-19.38.45-2-461x1024.jpeg 461w, https:\/\/agora.xtec.cat\/esc-joaquimruyra-blanes\/wp-content\/uploads\/usu757\/2026\/04\/WhatsApp-Image-2026-04-19-at-19.38.45-2-768x1707.jpeg 768w, https:\/\/agora.xtec.cat\/esc-joaquimruyra-blanes\/wp-content\/uploads\/usu757\/2026\/04\/WhatsApp-Image-2026-04-19-at-19.38.45-2-691x1536.jpeg 691w, https:\/\/agora.xtec.cat\/esc-joaquimruyra-blanes\/wp-content\/uploads\/usu757\/2026\/04\/WhatsApp-Image-2026-04-19-at-19.38.45-2.jpeg 918w\" sizes=\"auto, (max-width: 135px) 100vw, 135px\" \/><\/a>\n\t\t\t<\/dt><\/dl><dl class='gallery-item'>\n\t\t\t<dt class='gallery-icon portrait'>\n\t\t\t\t<a href='https:\/\/agora.xtec.cat\/esc-joaquimruyra-blanes\/portada\/el-viatge-de-loctavi-cicle-inicial-participa-al-concurs-gust-per-la-lectura\/attachment\/whatsapp-image-2026-04-19-at-19-38-45\/'><img loading=\"lazy\" decoding=\"async\" width=\"135\" height=\"300\" src=\"https:\/\/agora.xtec.cat\/esc-joaquimruyra-blanes\/wp-content\/uploads\/usu757\/2026\/04\/WhatsApp-Image-2026-04-19-at-19.38.45-135x300.jpeg\" class=\"attachment-medium size-medium\" alt=\"\" srcset=\"https:\/\/agora.xtec.cat\/esc-joaquimruyra-blanes\/wp-content\/uploads\/usu757\/2026\/04\/WhatsApp-Image-2026-04-19-at-19.38.45-135x300.jpeg 135w, https:\/\/agora.xtec.cat\/esc-joaquimruyra-blanes\/wp-content\/uploads\/usu757\/2026\/04\/WhatsApp-Image-2026-04-19-at-19.38.45-461x1024.jpeg 461w, https:\/\/agora.xtec.cat\/esc-joaquimruyra-blanes\/wp-content\/uploads\/usu757\/2026\/04\/WhatsApp-Image-2026-04-19-at-19.38.45-768x1707.jpeg 768w, https:\/\/agora.xtec.cat\/esc-joaquimruyra-blanes\/wp-content\/uploads\/usu757\/2026\/04\/WhatsApp-Image-2026-04-19-at-19.38.45-691x1536.jpeg 691w, https:\/\/agora.xtec.cat\/esc-joaquimruyra-blanes\/wp-content\/uploads\/usu757\/2026\/04\/WhatsApp-Image-2026-04-19-at-19.38.45.jpeg 918w\" sizes=\"auto, (max-width: 135px) 100vw, 135px\" \/><\/a>\n\t\t\t<\/dt><\/dl><dl class='gallery-item'>\n\t\t\t<dt class='gallery-icon portrait'>\n\t\t\t\t<a href='https:\/\/agora.xtec.cat\/esc-joaquimruyra-blanes\/portada\/el-viatge-de-loctavi-cicle-inicial-participa-al-concurs-gust-per-la-lectura\/attachment\/whatsapp-image-2026-04-19-at-19-38-44\/'><img loading=\"lazy\" decoding=\"async\" width=\"135\" height=\"300\" src=\"https:\/\/agora.xtec.cat\/esc-joaquimruyra-blanes\/wp-content\/uploads\/usu757\/2026\/04\/WhatsApp-Image-2026-04-19-at-19.38.44-135x300.jpeg\" class=\"attachment-medium size-medium\" alt=\"\" srcset=\"https:\/\/agora.xtec.cat\/esc-joaquimruyra-blanes\/wp-content\/uploads\/usu757\/2026\/04\/WhatsApp-Image-2026-04-19-at-19.38.44-135x300.jpeg 135w, https:\/\/agora.xtec.cat\/esc-joaquimruyra-blanes\/wp-content\/uploads\/usu757\/2026\/04\/WhatsApp-Image-2026-04-19-at-19.38.44-461x1024.jpeg 461w, https:\/\/agora.xtec.cat\/esc-joaquimruyra-blanes\/wp-content\/uploads\/usu757\/2026\/04\/WhatsApp-Image-2026-04-19-at-19.38.44-768x1707.jpeg 768w, https:\/\/agora.xtec.cat\/esc-joaquimruyra-blanes\/wp-content\/uploads\/usu757\/2026\/04\/WhatsApp-Image-2026-04-19-at-19.38.44-691x1536.jpeg 691w, https:\/\/agora.xtec.cat\/esc-joaquimruyra-blanes\/wp-content\/uploads\/usu757\/2026\/04\/WhatsApp-Image-2026-04-19-at-19.38.44.jpeg 918w\" sizes=\"auto, (max-width: 135px) 100vw, 135px\" \/><\/a>\n\t\t\t<\/dt><\/dl><dl class='gallery-item'>\n\t\t\t<dt class='gallery-icon portrait'>\n\t\t\t\t<a href='https:\/\/agora.xtec.cat\/esc-joaquimruyra-blanes\/portada\/el-viatge-de-loctavi-cicle-inicial-participa-al-concurs-gust-per-la-lectura\/attachment\/whatsapp-image-2026-04-19-at-19-38-43\/'><img loading=\"lazy\" decoding=\"async\" width=\"135\" height=\"300\" src=\"https:\/\/agora.xtec.cat\/esc-joaquimruyra-blanes\/wp-content\/uploads\/usu757\/2026\/04\/WhatsApp-Image-2026-04-19-at-19.38.43-135x300.jpeg\" class=\"attachment-medium size-medium\" alt=\"\" srcset=\"https:\/\/agora.xtec.cat\/esc-joaquimruyra-blanes\/wp-content\/uploads\/usu757\/2026\/04\/WhatsApp-Image-2026-04-19-at-19.38.43-135x300.jpeg 135w, https:\/\/agora.xtec.cat\/esc-joaquimruyra-blanes\/wp-content\/uploads\/usu757\/2026\/04\/WhatsApp-Image-2026-04-19-at-19.38.43-461x1024.jpeg 461w, https:\/\/agora.xtec.cat\/esc-joaquimruyra-blanes\/wp-content\/uploads\/usu757\/2026\/04\/WhatsApp-Image-2026-04-19-at-19.38.43-768x1707.jpeg 768w, https:\/\/agora.xtec.cat\/esc-joaquimruyra-blanes\/wp-content\/uploads\/usu757\/2026\/04\/WhatsApp-Image-2026-04-19-at-19.38.43-691x1536.jpeg 691w, https:\/\/agora.xtec.cat\/esc-joaquimruyra-blanes\/wp-content\/uploads\/usu757\/2026\/04\/WhatsApp-Image-2026-04-19-at-19.38.43.jpeg 918w\" sizes=\"auto, (max-width: 135px) 100vw, 135px\" \/><\/a>\n\t\t\t<\/dt><\/dl><br style=\"clear: both\" \/>\n\t\t<\/div>\n\n<p><img loading=\"lazy\" decoding=\"async\" class=\"aligncenter size-medium wp-image-19460\" src=\"https:\/\/agora.xtec.cat\/esc-joaquimruyra-blanes\/wp-content\/uploads\/usu757\/2026\/04\/WhatsApp-Image-2026-04-19-at-19.52.59-300x135.jpeg\" alt=\"\" width=\"300\" height=\"135\" srcset=\"https:\/\/agora.xtec.cat\/esc-joaquimruyra-blanes\/wp-content\/uploads\/usu757\/2026\/04\/WhatsApp-Image-2026-04-19-at-19.52.59-300x135.jpeg 300w, https:\/\/agora.xtec.cat\/esc-joaquimruyra-blanes\/wp-content\/uploads\/usu757\/2026\/04\/WhatsApp-Image-2026-04-19-at-19.52.59-1024x461.jpeg 1024w, https:\/\/agora.xtec.cat\/esc-joaquimruyra-blanes\/wp-content\/uploads\/usu757\/2026\/04\/WhatsApp-Image-2026-04-19-at-19.52.59-768x346.jpeg 768w, https:\/\/agora.xtec.cat\/esc-joaquimruyra-blanes\/wp-content\/uploads\/usu757\/2026\/04\/WhatsApp-Image-2026-04-19-at-19.52.59-1536x691.jpeg 1536w, https:\/\/agora.xtec.cat\/esc-joaquimruyra-blanes\/wp-content\/uploads\/usu757\/2026\/04\/WhatsApp-Image-2026-04-19-at-19.52.59.jpeg 2040w\" sizes=\"auto, (max-width: 300px) 100vw, 300px\" \/><\/p>\n<p>A m\u00e9s del treball de vocabulari, durant la lectura compartida ens va sorgir un altre repte: recordar tots els llocs pels quals passava el nostre protagonista durant la narraci\u00f3! \u00c9s per aix\u00f2 que vam crear un mural amb cada ubicaci\u00f3 del personatge protagonista, l&#8217;Octavi, un llimac ben desorientat.<\/p>\n\n\t\t<style type=\"text\/css\">\n\t\t\t#gallery-3 {\n\t\t\t\tmargin: auto;\n\t\t\t}\n\t\t\t#gallery-3 .gallery-item {\n\t\t\t\tfloat: left;\n\t\t\t\tmargin-top: 10px;\n\t\t\t\ttext-align: center;\n\t\t\t\twidth: 50%;\n\t\t\t}\n\t\t\t#gallery-3 img {\n\t\t\t\tborder: 2px solid #cfcfcf;\n\t\t\t}\n\t\t\t#gallery-3 .gallery-caption {\n\t\t\t\tmargin-left: 0;\n\t\t\t}\n\t\t\t\/* see gallery_shortcode() in wp-includes\/media.php *\/\n\t\t<\/style>\n\t\t<div id='gallery-3' class='gallery galleryid-19453 gallery-columns-2 gallery-size-medium'><dl class='gallery-item'>\n\t\t\t<dt class='gallery-icon landscape'>\n\t\t\t\t<a href='https:\/\/agora.xtec.cat\/esc-joaquimruyra-blanes\/portada\/el-viatge-de-loctavi-cicle-inicial-participa-al-concurs-gust-per-la-lectura\/attachment\/whatsapp-image-2026-04-19-at-19-38-36\/'><img loading=\"lazy\" decoding=\"async\" width=\"300\" height=\"135\" src=\"https:\/\/agora.xtec.cat\/esc-joaquimruyra-blanes\/wp-content\/uploads\/usu757\/2026\/04\/WhatsApp-Image-2026-04-19-at-19.38.36-300x135.jpeg\" class=\"attachment-medium size-medium\" alt=\"\" srcset=\"https:\/\/agora.xtec.cat\/esc-joaquimruyra-blanes\/wp-content\/uploads\/usu757\/2026\/04\/WhatsApp-Image-2026-04-19-at-19.38.36-300x135.jpeg 300w, https:\/\/agora.xtec.cat\/esc-joaquimruyra-blanes\/wp-content\/uploads\/usu757\/2026\/04\/WhatsApp-Image-2026-04-19-at-19.38.36-1024x461.jpeg 1024w, https:\/\/agora.xtec.cat\/esc-joaquimruyra-blanes\/wp-content\/uploads\/usu757\/2026\/04\/WhatsApp-Image-2026-04-19-at-19.38.36-768x346.jpeg 768w, https:\/\/agora.xtec.cat\/esc-joaquimruyra-blanes\/wp-content\/uploads\/usu757\/2026\/04\/WhatsApp-Image-2026-04-19-at-19.38.36-1536x691.jpeg 1536w, https:\/\/agora.xtec.cat\/esc-joaquimruyra-blanes\/wp-content\/uploads\/usu757\/2026\/04\/WhatsApp-Image-2026-04-19-at-19.38.36.jpeg 2040w\" sizes=\"auto, (max-width: 300px) 100vw, 300px\" \/><\/a>\n\t\t\t<\/dt><\/dl><dl class='gallery-item'>\n\t\t\t<dt class='gallery-icon landscape'>\n\t\t\t\t<a href='https:\/\/agora.xtec.cat\/esc-joaquimruyra-blanes\/portada\/el-viatge-de-loctavi-cicle-inicial-participa-al-concurs-gust-per-la-lectura\/attachment\/whatsapp-image-2026-04-19-at-19-38-38\/'><img loading=\"lazy\" decoding=\"async\" width=\"300\" height=\"135\" src=\"https:\/\/agora.xtec.cat\/esc-joaquimruyra-blanes\/wp-content\/uploads\/usu757\/2026\/04\/WhatsApp-Image-2026-04-19-at-19.38.38-300x135.jpeg\" class=\"attachment-medium size-medium\" alt=\"\" srcset=\"https:\/\/agora.xtec.cat\/esc-joaquimruyra-blanes\/wp-content\/uploads\/usu757\/2026\/04\/WhatsApp-Image-2026-04-19-at-19.38.38-300x135.jpeg 300w, https:\/\/agora.xtec.cat\/esc-joaquimruyra-blanes\/wp-content\/uploads\/usu757\/2026\/04\/WhatsApp-Image-2026-04-19-at-19.38.38-1024x461.jpeg 1024w, https:\/\/agora.xtec.cat\/esc-joaquimruyra-blanes\/wp-content\/uploads\/usu757\/2026\/04\/WhatsApp-Image-2026-04-19-at-19.38.38-768x346.jpeg 768w, https:\/\/agora.xtec.cat\/esc-joaquimruyra-blanes\/wp-content\/uploads\/usu757\/2026\/04\/WhatsApp-Image-2026-04-19-at-19.38.38-1536x691.jpeg 1536w, https:\/\/agora.xtec.cat\/esc-joaquimruyra-blanes\/wp-content\/uploads\/usu757\/2026\/04\/WhatsApp-Image-2026-04-19-at-19.38.38.jpeg 2040w\" sizes=\"auto, (max-width: 300px) 100vw, 300px\" \/><\/a>\n\t\t\t<\/dt><\/dl><br style=\"clear: both\" \/>\n\t\t<\/div>\n\n<p>A m\u00e9s del recorregut del viatge, vam decidir afegir els targetons amb les definicions durant el cam\u00ed. Despr\u00e9s ho vam portar a l&#8217;alumnat de 1r i els ho vam regalar perqu\u00e8 aix\u00ed els seria m\u00e9s f\u00e0cil seguir i comprendre la lectura del llibre.<\/p>\n<p style=\"text-align: center;\"><img loading=\"lazy\" decoding=\"async\" class=\"aligncenter wp-image-19469 size-large\" src=\"https:\/\/agora.xtec.cat\/esc-joaquimruyra-blanes\/wp-content\/uploads\/usu757\/2026\/04\/WhatsApp-Image-2026-04-19-at-19.38.36-1-461x1024.jpeg\" alt=\"\" width=\"461\" height=\"1024\" srcset=\"https:\/\/agora.xtec.cat\/esc-joaquimruyra-blanes\/wp-content\/uploads\/usu757\/2026\/04\/WhatsApp-Image-2026-04-19-at-19.38.36-1-461x1024.jpeg 461w, https:\/\/agora.xtec.cat\/esc-joaquimruyra-blanes\/wp-content\/uploads\/usu757\/2026\/04\/WhatsApp-Image-2026-04-19-at-19.38.36-1-135x300.jpeg 135w, https:\/\/agora.xtec.cat\/esc-joaquimruyra-blanes\/wp-content\/uploads\/usu757\/2026\/04\/WhatsApp-Image-2026-04-19-at-19.38.36-1-768x1707.jpeg 768w, https:\/\/agora.xtec.cat\/esc-joaquimruyra-blanes\/wp-content\/uploads\/usu757\/2026\/04\/WhatsApp-Image-2026-04-19-at-19.38.36-1-691x1536.jpeg 691w, https:\/\/agora.xtec.cat\/esc-joaquimruyra-blanes\/wp-content\/uploads\/usu757\/2026\/04\/WhatsApp-Image-2026-04-19-at-19.38.36-1.jpeg 918w\" sizes=\"auto, (max-width: 461px) 100vw, 461px\" \/><\/p>\n<p>Ara nom\u00e9s ens queda esperar que arribi el 7 de maig, ja que l&#8217;autor ens visita a l&#8217;escola i tenim moltes ganes d&#8217;ensenyar-li el treball que hem fet amb el seu llibre!<\/p>\n","protected":false},"excerpt":{"rendered":"<p>Enguany les tutores de Cicle Inicial presenten, en la categoria A i modalitat A2, un treball de vocabulari (la definici\u00f3) i d&#8217;estructura narrativa (el viatge inici\u00e0tic) realitzat a partir de la lectura guiada i compartida de Rebaves!, de l&#8217;autor Jordi Fenosa. El concurs &#8220;Gust per&hellip;  <a href=\"https:\/\/agora.xtec.cat\/esc-joaquimruyra-blanes\/portada\/el-viatge-de-loctavi-cicle-inicial-participa-al-concurs-gust-per-la-lectura\/\" title=\"Read El viatge de l&#8217;Octavi: Cicle Inicial participa al Concurs &#8220;Gust per la lectura&#8221;\">Llegeix m\u00e9s\u00bb<\/a><\/p>\n","protected":false},"author":16,"featured_media":19469,"comment_status":"closed","ping_status":"closed","sticky":false,"template":"","format":"standard","meta":{"_bbp_topic_count":0,"_bbp_reply_count":0,"_bbp_total_topic_count":0,"_bbp_total_reply_count":0,"_bbp_voice_count":0,"_bbp_anonymous_reply_count":0,"_bbp_topic_count_hidden":0,"_bbp_reply_count_hidden":0,"_bbp_forum_subforum_count":0,"footnotes":""},"categories":[24,23,267,4,39],"tags":[114,269,268,271,211,270],"class_list":["post-19453","post","type-post","status-publish","format-standard","has-post-thumbnail","hentry","category-1r","category-2n","category-curs-25-26","category-portada","category-primaria","tag-cicle-inicial","tag-concurs","tag-gust-per-la-lectura","tag-jordi-fenosa","tag-lectura","tag-rebaves"],"post_mailing_queue_ids":[],"_links":{"self":[{"href":"https:\/\/agora.xtec.cat\/esc-joaquimruyra-blanes\/wp-json\/wp\/v2\/posts\/19453","targetHints":{"allow":["GET"]}}],"collection":[{"href":"https:\/\/agora.xtec.cat\/esc-joaquimruyra-blanes\/wp-json\/wp\/v2\/posts"}],"about":[{"href":"https:\/\/agora.xtec.cat\/esc-joaquimruyra-blanes\/wp-json\/wp\/v2\/types\/post"}],"author":[{"embeddable":true,"href":"https:\/\/agora.xtec.cat\/esc-joaquimruyra-blanes\/wp-json\/wp\/v2\/users\/16"}],"replies":[{"embeddable":true,"href":"https:\/\/agora.xtec.cat\/esc-joaquimruyra-blanes\/wp-json\/wp\/v2\/comments?post=19453"}],"version-history":[{"count":2,"href":"https:\/\/agora.xtec.cat\/esc-joaquimruyra-blanes\/wp-json\/wp\/v2\/posts\/19453\/revisions"}],"predecessor-version":[{"id":19471,"href":"https:\/\/agora.xtec.cat\/esc-joaquimruyra-blanes\/wp-json\/wp\/v2\/posts\/19453\/revisions\/19471"}],"wp:featuredmedia":[{"embeddable":true,"href":"https:\/\/agora.xtec.cat\/esc-joaquimruyra-blanes\/wp-json\/wp\/v2\/media\/19469"}],"wp:attachment":[{"href":"https:\/\/agora.xtec.cat\/esc-joaquimruyra-blanes\/wp-json\/wp\/v2\/media?parent=19453"}],"wp:term":[{"taxonomy":"category","embeddable":true,"href":"https:\/\/agora.xtec.cat\/esc-joaquimruyra-blanes\/wp-json\/wp\/v2\/categories?post=19453"},{"taxonomy":"post_tag","embeddable":true,"href":"https:\/\/agora.xtec.cat\/esc-joaquimruyra-blanes\/wp-json\/wp\/v2\/tags?post=19453"}],"curies":[{"name":"wp","href":"https:\/\/api.w.org\/{rel}","templated":true}]}}