{"id":19415,"date":"2026-04-08T15:23:11","date_gmt":"2026-04-08T13:23:11","guid":{"rendered":"https:\/\/agora.xtec.cat\/esc-joaquimruyra-blanes\/?p=19415"},"modified":"2026-04-08T15:24:36","modified_gmt":"2026-04-08T13:24:36","slug":"entrega-de-premis-matematics","status":"publish","type":"post","link":"https:\/\/agora.xtec.cat\/esc-joaquimruyra-blanes\/general\/entrega-de-premis-matematics\/","title":{"rendered":"ENTREGA DE PREMIS MATEM\u00c0TICS"},"content":{"rendered":"<h3><span style=\"font-weight: 400; color: #000000;\">Una de les propostes m\u00e9s destacades de la celebraci\u00f3 del dia PI va ser el concurs de dibuix matem\u00e0tic, en qu\u00e8 els i les alumnes van poder expressar la seva visi\u00f3 de les matem\u00e0tiques a trav\u00e9s de l\u2019art. Les obres presentades han demostrat una gran imaginaci\u00f3, originalitat i capacitat per relacionar conceptes matem\u00e0tics.<\/span><\/h3>\n<h3><span style=\"font-weight: 400; color: #000000;\">Despr\u00e9s d\u2019una acurada deliberaci\u00f3,\u00a0 s&#8217;ha fet entrega dels premis als dibuixos m\u00e9s destacats, valorant tant la creativitat com la vinculaci\u00f3 amb el m\u00f3n matem\u00e0tic.<\/span><\/h3>\n<h3><span style=\"font-weight: 400; color: #000000;\">Volem felicitar tot l&#8217;alumnat participant per la seva implicaci\u00f3 i entusiasme!!!<\/span><\/h3>\n<h3><span style=\"font-weight: 400; color: #000000;\">Per veure les fotos dels guanyadors i guanyadores, cliqueu la foto.<\/span><\/h3>\n<h3><strong><img decoding=\"async\" class=\"alignnone size-full wp-image-19431\" src=\"https:\/\/agora.xtec.cat\/esc-joaquimruyra-blanes\/wp-content\/uploads\/usu757\/2026\/04\/Copia-de-IMG_7505-1.heic\" alt=\"\" \/><\/strong> <a href=\"https:\/\/photos.app.goo.gl\/NMerfGU5hZeNmCbz8\"><img loading=\"lazy\" decoding=\"async\" class=\"wp-image-19432 aligncenter\" src=\"https:\/\/agora.xtec.cat\/esc-joaquimruyra-blanes\/wp-content\/uploads\/usu757\/2026\/04\/Copia-de-IMG_7505-2-1024x768.jpg\" alt=\"\" width=\"277\" height=\"208\" srcset=\"https:\/\/agora.xtec.cat\/esc-joaquimruyra-blanes\/wp-content\/uploads\/usu757\/2026\/04\/Copia-de-IMG_7505-2-1024x768.jpg 1024w, https:\/\/agora.xtec.cat\/esc-joaquimruyra-blanes\/wp-content\/uploads\/usu757\/2026\/04\/Copia-de-IMG_7505-2-300x225.jpg 300w, https:\/\/agora.xtec.cat\/esc-joaquimruyra-blanes\/wp-content\/uploads\/usu757\/2026\/04\/Copia-de-IMG_7505-2-768x576.jpg 768w, https:\/\/agora.xtec.cat\/esc-joaquimruyra-blanes\/wp-content\/uploads\/usu757\/2026\/04\/Copia-de-IMG_7505-2-1536x1152.jpg 1536w, https:\/\/agora.xtec.cat\/esc-joaquimruyra-blanes\/wp-content\/uploads\/usu757\/2026\/04\/Copia-de-IMG_7505-2-2048x1536.jpg 2048w, https:\/\/agora.xtec.cat\/esc-joaquimruyra-blanes\/wp-content\/uploads\/usu757\/2026\/04\/Copia-de-IMG_7505-2-200x150.jpg 200w\" sizes=\"auto, (max-width: 277px) 100vw, 277px\" \/><\/a><\/h3>\n","protected":false},"excerpt":{"rendered":"<p>Una de les propostes m\u00e9s destacades de la celebraci\u00f3 del dia PI va ser el concurs de dibuix matem\u00e0tic, en qu\u00e8 els i les alumnes van poder expressar la seva visi\u00f3 de les matem\u00e0tiques a trav\u00e9s de l\u2019art. Les obres presentades han demostrat una gran&hellip;  <a href=\"https:\/\/agora.xtec.cat\/esc-joaquimruyra-blanes\/general\/entrega-de-premis-matematics\/\" title=\"Read ENTREGA DE PREMIS MATEM\u00c0TICS\">Llegeix m\u00e9s\u00bb<\/a><\/p>\n","protected":false},"author":66,"featured_media":19432,"comment_status":"closed","ping_status":"closed","sticky":false,"template":"","format":"standard","meta":{"_bbp_topic_count":0,"_bbp_reply_count":0,"_bbp_total_topic_count":0,"_bbp_total_reply_count":0,"_bbp_voice_count":0,"_bbp_anonymous_reply_count":0,"_bbp_topic_count_hidden":0,"_bbp_reply_count_hidden":0,"_bbp_forum_subforum_count":0,"footnotes":""},"categories":[1,4],"tags":[],"class_list":["post-19415","post","type-post","status-publish","format-standard","has-post-thumbnail","hentry","category-general","category-portada"],"post_mailing_queue_ids":[],"_links":{"self":[{"href":"https:\/\/agora.xtec.cat\/esc-joaquimruyra-blanes\/wp-json\/wp\/v2\/posts\/19415","targetHints":{"allow":["GET"]}}],"collection":[{"href":"https:\/\/agora.xtec.cat\/esc-joaquimruyra-blanes\/wp-json\/wp\/v2\/posts"}],"about":[{"href":"https:\/\/agora.xtec.cat\/esc-joaquimruyra-blanes\/wp-json\/wp\/v2\/types\/post"}],"author":[{"embeddable":true,"href":"https:\/\/agora.xtec.cat\/esc-joaquimruyra-blanes\/wp-json\/wp\/v2\/users\/66"}],"replies":[{"embeddable":true,"href":"https:\/\/agora.xtec.cat\/esc-joaquimruyra-blanes\/wp-json\/wp\/v2\/comments?post=19415"}],"version-history":[{"count":4,"href":"https:\/\/agora.xtec.cat\/esc-joaquimruyra-blanes\/wp-json\/wp\/v2\/posts\/19415\/revisions"}],"predecessor-version":[{"id":19436,"href":"https:\/\/agora.xtec.cat\/esc-joaquimruyra-blanes\/wp-json\/wp\/v2\/posts\/19415\/revisions\/19436"}],"wp:featuredmedia":[{"embeddable":true,"href":"https:\/\/agora.xtec.cat\/esc-joaquimruyra-blanes\/wp-json\/wp\/v2\/media\/19432"}],"wp:attachment":[{"href":"https:\/\/agora.xtec.cat\/esc-joaquimruyra-blanes\/wp-json\/wp\/v2\/media?parent=19415"}],"wp:term":[{"taxonomy":"category","embeddable":true,"href":"https:\/\/agora.xtec.cat\/esc-joaquimruyra-blanes\/wp-json\/wp\/v2\/categories?post=19415"},{"taxonomy":"post_tag","embeddable":true,"href":"https:\/\/agora.xtec.cat\/esc-joaquimruyra-blanes\/wp-json\/wp\/v2\/tags?post=19415"}],"curies":[{"name":"wp","href":"https:\/\/api.w.org\/{rel}","templated":true}]}}