{"id":19370,"date":"2026-03-13T09:29:15","date_gmt":"2026-03-13T08:29:15","guid":{"rendered":"https:\/\/agora.xtec.cat\/esc-joaquimruyra-blanes\/?p=19370"},"modified":"2026-03-13T09:29:15","modified_gmt":"2026-03-13T08:29:15","slug":"cicle-inicial-va-a-teatre","status":"publish","type":"post","link":"https:\/\/agora.xtec.cat\/esc-joaquimruyra-blanes\/general\/cicle-inicial-va-a-teatre\/","title":{"rendered":"Cicle Inicial va a teatre!"},"content":{"rendered":"<p>El passat dimecres 11 de mar\u00e7, l&#8217;alumnat de Cicle Inicial va assistir a una funci\u00f3 teatral programada dins el Pla Educatiu d&#8217;Entorn.<\/p>\n<p style=\"text-align: center;\"><img loading=\"lazy\" decoding=\"async\" class=\"aligncenter size-medium wp-image-19371\" src=\"https:\/\/agora.xtec.cat\/esc-joaquimruyra-blanes\/wp-content\/uploads\/usu757\/2026\/03\/WhatsApp-Image-2026-03-11-at-14.57.58-225x300.jpeg\" alt=\"\" width=\"225\" height=\"300\" srcset=\"https:\/\/agora.xtec.cat\/esc-joaquimruyra-blanes\/wp-content\/uploads\/usu757\/2026\/03\/WhatsApp-Image-2026-03-11-at-14.57.58-225x300.jpeg 225w, https:\/\/agora.xtec.cat\/esc-joaquimruyra-blanes\/wp-content\/uploads\/usu757\/2026\/03\/WhatsApp-Image-2026-03-11-at-14.57.58-768x1024.jpeg 768w, https:\/\/agora.xtec.cat\/esc-joaquimruyra-blanes\/wp-content\/uploads\/usu757\/2026\/03\/WhatsApp-Image-2026-03-11-at-14.57.58-1152x1536.jpeg 1152w, https:\/\/agora.xtec.cat\/esc-joaquimruyra-blanes\/wp-content\/uploads\/usu757\/2026\/03\/WhatsApp-Image-2026-03-11-at-14.57.58.jpeg 1536w\" sizes=\"auto, (max-width: 225px) 100vw, 225px\" \/><\/p>\n<p>L&#8217;obra que van veure \u00e9s &#8220;Llepafils&#8221;, de la companyia Teatre al Detall, amb 20 anys de traject\u00f2ria art\u00edstica. El Llu\u00efset \u00e9s un nen molt llepafils, no menja res, nom\u00e9s li agraden les patates fregides!<\/p>\n<p style=\"text-align: center;\"><img loading=\"lazy\" decoding=\"async\" class=\"aligncenter size-medium wp-image-19372\" src=\"https:\/\/agora.xtec.cat\/esc-joaquimruyra-blanes\/wp-content\/uploads\/usu757\/2026\/03\/WhatsApp-Image-2026-03-11-at-16.38.07-225x300.jpeg\" alt=\"\" width=\"225\" height=\"300\" srcset=\"https:\/\/agora.xtec.cat\/esc-joaquimruyra-blanes\/wp-content\/uploads\/usu757\/2026\/03\/WhatsApp-Image-2026-03-11-at-16.38.07-225x300.jpeg 225w, https:\/\/agora.xtec.cat\/esc-joaquimruyra-blanes\/wp-content\/uploads\/usu757\/2026\/03\/WhatsApp-Image-2026-03-11-at-16.38.07-767x1024.jpeg 767w, https:\/\/agora.xtec.cat\/esc-joaquimruyra-blanes\/wp-content\/uploads\/usu757\/2026\/03\/WhatsApp-Image-2026-03-11-at-16.38.07-768x1025.jpeg 768w, https:\/\/agora.xtec.cat\/esc-joaquimruyra-blanes\/wp-content\/uploads\/usu757\/2026\/03\/WhatsApp-Image-2026-03-11-at-16.38.07-1151x1536.jpeg 1151w, https:\/\/agora.xtec.cat\/esc-joaquimruyra-blanes\/wp-content\/uploads\/usu757\/2026\/03\/WhatsApp-Image-2026-03-11-at-16.38.07.jpeg 1199w\" sizes=\"auto, (max-width: 225px) 100vw, 225px\" \/><\/p>\n<p>Despr\u00e9s de la representaci\u00f3, vam poder parlar amb els actors, en Xavi Id\u00e1\u00f1ez i la Txell Botey, i ensenyar-los el nostre llibre de receptes. Ens van escriure una dedicat\u00f2ria al llibre i nosaltres li vam recomanar receptes al Llu\u00efset perqu\u00e8 vagi tastant gustos nous.<\/p>\n<p style=\"text-align: center;\"><img loading=\"lazy\" decoding=\"async\" class=\"aligncenter size-medium wp-image-19373\" src=\"https:\/\/agora.xtec.cat\/esc-joaquimruyra-blanes\/wp-content\/uploads\/usu757\/2026\/03\/WhatsApp-Image-2026-03-12-at-15.56.32-135x300.jpeg\" alt=\"\" width=\"135\" height=\"300\" srcset=\"https:\/\/agora.xtec.cat\/esc-joaquimruyra-blanes\/wp-content\/uploads\/usu757\/2026\/03\/WhatsApp-Image-2026-03-12-at-15.56.32-135x300.jpeg 135w, https:\/\/agora.xtec.cat\/esc-joaquimruyra-blanes\/wp-content\/uploads\/usu757\/2026\/03\/WhatsApp-Image-2026-03-12-at-15.56.32-461x1024.jpeg 461w, https:\/\/agora.xtec.cat\/esc-joaquimruyra-blanes\/wp-content\/uploads\/usu757\/2026\/03\/WhatsApp-Image-2026-03-12-at-15.56.32-768x1707.jpeg 768w, https:\/\/agora.xtec.cat\/esc-joaquimruyra-blanes\/wp-content\/uploads\/usu757\/2026\/03\/WhatsApp-Image-2026-03-12-at-15.56.32-691x1536.jpeg 691w, https:\/\/agora.xtec.cat\/esc-joaquimruyra-blanes\/wp-content\/uploads\/usu757\/2026\/03\/WhatsApp-Image-2026-03-12-at-15.56.32.jpeg 918w\" sizes=\"auto, (max-width: 135px) 100vw, 135px\" \/><\/p>\n<p>Gr\u00e0cies, Txell i Xavi, per la vostra amabilitat!<\/p>\n","protected":false},"excerpt":{"rendered":"<p>El passat dimecres 11 de mar\u00e7, l&#8217;alumnat de Cicle Inicial va assistir a una funci\u00f3 teatral programada dins el Pla Educatiu d&#8217;Entorn.<\/p>\n<p>L&#8217;obra que van veure \u00e9s &#8220;Llepafils&#8221;, de la companyia Teatre al Detall, amb 20 anys de traject\u00f2ria art\u00edstica. El Llu\u00efset \u00e9s un nen molt&hellip;  <a href=\"https:\/\/agora.xtec.cat\/esc-joaquimruyra-blanes\/general\/cicle-inicial-va-a-teatre\/\" title=\"Read Cicle Inicial va a teatre!\">Llegeix m\u00e9s\u00bb<\/a><\/p>\n","protected":false},"author":16,"featured_media":19372,"comment_status":"closed","ping_status":"closed","sticky":false,"template":"","format":"standard","meta":{"_bbp_topic_count":0,"_bbp_reply_count":0,"_bbp_total_topic_count":0,"_bbp_total_reply_count":0,"_bbp_voice_count":0,"_bbp_anonymous_reply_count":0,"_bbp_topic_count_hidden":0,"_bbp_reply_count_hidden":0,"_bbp_forum_subforum_count":0,"footnotes":""},"categories":[24,23,267,1,4,39],"tags":[],"class_list":["post-19370","post","type-post","status-publish","format-standard","has-post-thumbnail","hentry","category-1r","category-2n","category-curs-25-26","category-general","category-portada","category-primaria"],"post_mailing_queue_ids":[],"_links":{"self":[{"href":"https:\/\/agora.xtec.cat\/esc-joaquimruyra-blanes\/wp-json\/wp\/v2\/posts\/19370","targetHints":{"allow":["GET"]}}],"collection":[{"href":"https:\/\/agora.xtec.cat\/esc-joaquimruyra-blanes\/wp-json\/wp\/v2\/posts"}],"about":[{"href":"https:\/\/agora.xtec.cat\/esc-joaquimruyra-blanes\/wp-json\/wp\/v2\/types\/post"}],"author":[{"embeddable":true,"href":"https:\/\/agora.xtec.cat\/esc-joaquimruyra-blanes\/wp-json\/wp\/v2\/users\/16"}],"replies":[{"embeddable":true,"href":"https:\/\/agora.xtec.cat\/esc-joaquimruyra-blanes\/wp-json\/wp\/v2\/comments?post=19370"}],"version-history":[{"count":1,"href":"https:\/\/agora.xtec.cat\/esc-joaquimruyra-blanes\/wp-json\/wp\/v2\/posts\/19370\/revisions"}],"predecessor-version":[{"id":19374,"href":"https:\/\/agora.xtec.cat\/esc-joaquimruyra-blanes\/wp-json\/wp\/v2\/posts\/19370\/revisions\/19374"}],"wp:featuredmedia":[{"embeddable":true,"href":"https:\/\/agora.xtec.cat\/esc-joaquimruyra-blanes\/wp-json\/wp\/v2\/media\/19372"}],"wp:attachment":[{"href":"https:\/\/agora.xtec.cat\/esc-joaquimruyra-blanes\/wp-json\/wp\/v2\/media?parent=19370"}],"wp:term":[{"taxonomy":"category","embeddable":true,"href":"https:\/\/agora.xtec.cat\/esc-joaquimruyra-blanes\/wp-json\/wp\/v2\/categories?post=19370"},{"taxonomy":"post_tag","embeddable":true,"href":"https:\/\/agora.xtec.cat\/esc-joaquimruyra-blanes\/wp-json\/wp\/v2\/tags?post=19370"}],"curies":[{"name":"wp","href":"https:\/\/api.w.org\/{rel}","templated":true}]}}