{"id":19104,"date":"2025-12-04T12:15:34","date_gmt":"2025-12-04T11:15:34","guid":{"rendered":"https:\/\/agora.xtec.cat\/esc-joaquimruyra-blanes\/?p=19104"},"modified":"2025-12-04T14:50:56","modified_gmt":"2025-12-04T13:50:56","slug":"us-presentemels-personatges-fulla","status":"publish","type":"post","link":"https:\/\/agora.xtec.cat\/esc-joaquimruyra-blanes\/general\/us-presentemels-personatges-fulla\/","title":{"rendered":"Us presentem\u2026ELS PERSONATGES FULLA"},"content":{"rendered":"<p>Benvolgudes fam\u00edlies,<\/p>\n<p style=\"text-align: justify;\">A l\u2019\u00e0rea de pl\u00e0stica hem fet una activitat per fomentar la imaginaci\u00f3 i la creativitat.<br \/>\nUs volem compartir aquest v\u00eddeo en el que podreu veure els personatges que els vostres fills i filles han creat a partir del dibuix d\u2019una fulla. Els infants han deixat anar la seva imaginaci\u00f3 i el resultat ha estat molt divertit.<br \/>\nPer posar animaci\u00f3 als personatges hem utilitzat l\u2019aplicaci\u00f3 <strong>AnimatedDrawing. \u00a0<\/strong>Si us animeu la podeu utilitzar gratu\u00eftament i podeu experimentar amb altres dibuixos.<br \/>\nEsperem que us agradi.<br \/>\nEndavant la desfilada de personatges fulla. Que comenci la funci\u00f3!<\/p>\n<p style=\"text-align: justify;\"><iframe loading=\"lazy\" title=\"Personatges fulla\" width=\"500\" height=\"281\" src=\"https:\/\/www.youtube.com\/embed\/w0cS4r6eHVk?feature=oembed\" frameborder=\"0\" allow=\"accelerometer; autoplay; clipboard-write; encrypted-media; gyroscope; picture-in-picture; web-share\" referrerpolicy=\"strict-origin-when-cross-origin\" allowfullscreen><\/iframe><\/p>\n<p>&nbsp;<\/p>\n","protected":false},"excerpt":{"rendered":"<p>Benvolgudes fam\u00edlies,<br \/>\nA l\u2019\u00e0rea de pl\u00e0stica hem fet una activitat per fomentar la imaginaci\u00f3 i la creativitat.<br \/>\nUs volem compartir aquest v\u00eddeo en el que podreu veure els personatges que els vostres fills i filles han creat a partir del dibuix d\u2019una fulla. Els infants han deixat&hellip;  <a href=\"https:\/\/agora.xtec.cat\/esc-joaquimruyra-blanes\/general\/us-presentemels-personatges-fulla\/\" title=\"Read Us presentem\u2026ELS PERSONATGES FULLA\">Llegeix m\u00e9s\u00bb<\/a><\/p>\n","protected":false},"author":20,"featured_media":19112,"comment_status":"closed","ping_status":"closed","sticky":false,"template":"","format":"standard","meta":{"_bbp_topic_count":0,"_bbp_reply_count":0,"_bbp_total_topic_count":0,"_bbp_total_reply_count":0,"_bbp_voice_count":0,"_bbp_anonymous_reply_count":0,"_bbp_topic_count_hidden":0,"_bbp_reply_count_hidden":0,"_bbp_forum_subforum_count":0,"footnotes":""},"categories":[23,1,4],"tags":[],"class_list":["post-19104","post","type-post","status-publish","format-standard","has-post-thumbnail","hentry","category-2n","category-general","category-portada"],"post_mailing_queue_ids":[],"_links":{"self":[{"href":"https:\/\/agora.xtec.cat\/esc-joaquimruyra-blanes\/wp-json\/wp\/v2\/posts\/19104","targetHints":{"allow":["GET"]}}],"collection":[{"href":"https:\/\/agora.xtec.cat\/esc-joaquimruyra-blanes\/wp-json\/wp\/v2\/posts"}],"about":[{"href":"https:\/\/agora.xtec.cat\/esc-joaquimruyra-blanes\/wp-json\/wp\/v2\/types\/post"}],"author":[{"embeddable":true,"href":"https:\/\/agora.xtec.cat\/esc-joaquimruyra-blanes\/wp-json\/wp\/v2\/users\/20"}],"replies":[{"embeddable":true,"href":"https:\/\/agora.xtec.cat\/esc-joaquimruyra-blanes\/wp-json\/wp\/v2\/comments?post=19104"}],"version-history":[{"count":6,"href":"https:\/\/agora.xtec.cat\/esc-joaquimruyra-blanes\/wp-json\/wp\/v2\/posts\/19104\/revisions"}],"predecessor-version":[{"id":19116,"href":"https:\/\/agora.xtec.cat\/esc-joaquimruyra-blanes\/wp-json\/wp\/v2\/posts\/19104\/revisions\/19116"}],"wp:featuredmedia":[{"embeddable":true,"href":"https:\/\/agora.xtec.cat\/esc-joaquimruyra-blanes\/wp-json\/wp\/v2\/media\/19112"}],"wp:attachment":[{"href":"https:\/\/agora.xtec.cat\/esc-joaquimruyra-blanes\/wp-json\/wp\/v2\/media?parent=19104"}],"wp:term":[{"taxonomy":"category","embeddable":true,"href":"https:\/\/agora.xtec.cat\/esc-joaquimruyra-blanes\/wp-json\/wp\/v2\/categories?post=19104"},{"taxonomy":"post_tag","embeddable":true,"href":"https:\/\/agora.xtec.cat\/esc-joaquimruyra-blanes\/wp-json\/wp\/v2\/tags?post=19104"}],"curies":[{"name":"wp","href":"https:\/\/api.w.org\/{rel}","templated":true}]}}