{"id":19089,"date":"2025-11-27T09:22:31","date_gmt":"2025-11-27T08:22:31","guid":{"rendered":"https:\/\/agora.xtec.cat\/esc-joaquimruyra-blanes\/?p=19089"},"modified":"2025-11-27T10:24:46","modified_gmt":"2025-11-27T09:24:46","slug":"portes-obertes-1r-trimestre","status":"publish","type":"post","link":"https:\/\/agora.xtec.cat\/esc-joaquimruyra-blanes\/general\/portes-obertes-1r-trimestre\/","title":{"rendered":"Portes obertes 1r trimestre"},"content":{"rendered":"<p style=\"text-align: justify;\">Aquest dimecres 26 de novembre vam celebrar el &#8220;dia de les portes obertes&#8221;, un dia especial en qu\u00e8 vam compartir les manualitats creades durant la setmana art\u00edstica, aix\u00ed com les activitats realitzades aquest trimestre.<\/p>\n<p style=\"text-align: justify;\">Va ser una tarda en qu\u00e8 el nostre alumnat va poder compartir i gaudir d\u2019un moment \u00fanic i especial amb les fam\u00edlies.<\/p>\n<p><iframe loading=\"lazy\" title=\"Portes obertes 1r trimestre.\" width=\"500\" height=\"281\" src=\"https:\/\/www.youtube.com\/embed\/vZC9gi2YsDw?feature=oembed\" frameborder=\"0\" allow=\"accelerometer; autoplay; clipboard-write; encrypted-media; gyroscope; picture-in-picture; web-share\" referrerpolicy=\"strict-origin-when-cross-origin\" allowfullscreen><\/iframe><\/p>\n","protected":false},"excerpt":{"rendered":"<p>Aquest dimecres 26 de novembre vam celebrar el &#8220;dia de les portes obertes&#8221;, un dia especial en qu\u00e8 vam compartir les manualitats creades durant la setmana art\u00edstica, aix\u00ed com les activitats realitzades aquest trimestre.<br \/>\nVa ser una tarda en qu\u00e8 el nostre alumnat va poder compartir&hellip;  <a href=\"https:\/\/agora.xtec.cat\/esc-joaquimruyra-blanes\/general\/portes-obertes-1r-trimestre\/\" title=\"Read Portes obertes 1r trimestre\">Llegeix m\u00e9s\u00bb<\/a><\/p>\n","protected":false},"author":11,"featured_media":19092,"comment_status":"closed","ping_status":"closed","sticky":false,"template":"","format":"standard","meta":{"_bbp_topic_count":0,"_bbp_reply_count":0,"_bbp_total_topic_count":0,"_bbp_total_reply_count":0,"_bbp_voice_count":0,"_bbp_anonymous_reply_count":0,"_bbp_topic_count_hidden":0,"_bbp_reply_count_hidden":0,"_bbp_forum_subforum_count":0,"footnotes":""},"categories":[1,32,4,39],"tags":[],"class_list":["post-19089","post","type-post","status-publish","format-standard","has-post-thumbnail","hentry","category-general","category-infantil","category-portada","category-primaria"],"post_mailing_queue_ids":[],"_links":{"self":[{"href":"https:\/\/agora.xtec.cat\/esc-joaquimruyra-blanes\/wp-json\/wp\/v2\/posts\/19089","targetHints":{"allow":["GET"]}}],"collection":[{"href":"https:\/\/agora.xtec.cat\/esc-joaquimruyra-blanes\/wp-json\/wp\/v2\/posts"}],"about":[{"href":"https:\/\/agora.xtec.cat\/esc-joaquimruyra-blanes\/wp-json\/wp\/v2\/types\/post"}],"author":[{"embeddable":true,"href":"https:\/\/agora.xtec.cat\/esc-joaquimruyra-blanes\/wp-json\/wp\/v2\/users\/11"}],"replies":[{"embeddable":true,"href":"https:\/\/agora.xtec.cat\/esc-joaquimruyra-blanes\/wp-json\/wp\/v2\/comments?post=19089"}],"version-history":[{"count":5,"href":"https:\/\/agora.xtec.cat\/esc-joaquimruyra-blanes\/wp-json\/wp\/v2\/posts\/19089\/revisions"}],"predecessor-version":[{"id":19096,"href":"https:\/\/agora.xtec.cat\/esc-joaquimruyra-blanes\/wp-json\/wp\/v2\/posts\/19089\/revisions\/19096"}],"wp:featuredmedia":[{"embeddable":true,"href":"https:\/\/agora.xtec.cat\/esc-joaquimruyra-blanes\/wp-json\/wp\/v2\/media\/19092"}],"wp:attachment":[{"href":"https:\/\/agora.xtec.cat\/esc-joaquimruyra-blanes\/wp-json\/wp\/v2\/media?parent=19089"}],"wp:term":[{"taxonomy":"category","embeddable":true,"href":"https:\/\/agora.xtec.cat\/esc-joaquimruyra-blanes\/wp-json\/wp\/v2\/categories?post=19089"},{"taxonomy":"post_tag","embeddable":true,"href":"https:\/\/agora.xtec.cat\/esc-joaquimruyra-blanes\/wp-json\/wp\/v2\/tags?post=19089"}],"curies":[{"name":"wp","href":"https:\/\/api.w.org\/{rel}","templated":true}]}}