{"id":18939,"date":"2025-10-14T08:35:44","date_gmt":"2025-10-14T06:35:44","guid":{"rendered":"https:\/\/agora.xtec.cat\/esc-joaquimruyra-blanes\/?p=18939"},"modified":"2025-10-14T11:05:24","modified_gmt":"2025-10-14T09:05:24","slug":"els-primers-dies-a-lescola-di3","status":"publish","type":"post","link":"https:\/\/agora.xtec.cat\/esc-joaquimruyra-blanes\/general\/els-primers-dies-a-lescola-di3\/","title":{"rendered":"Els primers dies d&#8217;I3 a l&#8217;escola"},"content":{"rendered":"<p><span style=\"font-weight: 400;\">Els primers dies d\u2019I3 estan plens de noves emocions: retrobades, mirades curioses, rialles i alguna ll\u00e0grima que s\u2019esvaeix r\u00e0pidament amb una abra\u00e7ada. A poc a poc, els infants van descobrint un m\u00f3n nou: els companys i companyes amb qui compartiran tants moments, les mestres que els acompanyaran amb estima, i els espais que mica en mica es converteixen en llocs familiars on se senten segurs.<\/span><\/p>\n<p><span style=\"font-weight: 400;\">Juguem, pintem, cantem can\u00e7ons, expliquem contes i descobrim petits tresors cada dia. Cadasc\u00fa al seu ritme, per\u00f2 tots avan\u00e7ant junts, fent cam\u00ed cap a aquesta gran aventura que \u00e9s comen\u00e7ar l\u2019escola.<\/span><\/p>\n<p><span style=\"font-weight: 400;\">Entre jocs, colors i somriures, comencem a construir vincles, confian\u00e7a i moments que quedaran a la mem\u00f2ria. <\/span><\/p>\n<p><span style=\"font-weight: 400;\">Benvinguts i benvingudes a I3! \ud83c\udf08<\/span><\/p>\n<p style=\"text-align: center;\"><em><strong>Clica damunt la foto per\u00a0 veure el v\u00eddeo.<\/strong><\/em><a href=\"https:\/\/youtu.be\/NjJg1Gcf8zE\"><img loading=\"lazy\" decoding=\"async\" class=\"wp-image-18941 aligncenter\" src=\"https:\/\/agora.xtec.cat\/esc-joaquimruyra-blanes\/wp-content\/uploads\/usu757\/2025\/10\/aula-i3-1024x769.jpg\" alt=\"\" width=\"530\" height=\"398\" srcset=\"https:\/\/agora.xtec.cat\/esc-joaquimruyra-blanes\/wp-content\/uploads\/usu757\/2025\/10\/aula-i3-1024x769.jpg 1024w, https:\/\/agora.xtec.cat\/esc-joaquimruyra-blanes\/wp-content\/uploads\/usu757\/2025\/10\/aula-i3-300x225.jpg 300w, https:\/\/agora.xtec.cat\/esc-joaquimruyra-blanes\/wp-content\/uploads\/usu757\/2025\/10\/aula-i3-768x577.jpg 768w, https:\/\/agora.xtec.cat\/esc-joaquimruyra-blanes\/wp-content\/uploads\/usu757\/2025\/10\/aula-i3-1536x1154.jpg 1536w, https:\/\/agora.xtec.cat\/esc-joaquimruyra-blanes\/wp-content\/uploads\/usu757\/2025\/10\/aula-i3-200x150.jpg 200w, https:\/\/agora.xtec.cat\/esc-joaquimruyra-blanes\/wp-content\/uploads\/usu757\/2025\/10\/aula-i3.jpg 2000w\" sizes=\"auto, (max-width: 530px) 100vw, 530px\" \/><\/a><\/p>\n","protected":false},"excerpt":{"rendered":"<p>Els primers dies d\u2019I3 estan plens de noves emocions: retrobades, mirades curioses, rialles i alguna ll\u00e0grima que s\u2019esvaeix r\u00e0pidament amb una abra\u00e7ada. A poc a poc, els infants van descobrint un m\u00f3n nou: els companys i companyes amb qui compartiran tants moments, les mestres que&hellip;  <a href=\"https:\/\/agora.xtec.cat\/esc-joaquimruyra-blanes\/general\/els-primers-dies-a-lescola-di3\/\" title=\"Read Els primers dies d&#8217;I3 a l&#8217;escola\">Llegeix m\u00e9s\u00bb<\/a><\/p>\n","protected":false},"author":75,"featured_media":18943,"comment_status":"closed","ping_status":"closed","sticky":false,"template":"","format":"standard","meta":{"_bbp_topic_count":0,"_bbp_reply_count":0,"_bbp_total_topic_count":0,"_bbp_total_reply_count":0,"_bbp_voice_count":0,"_bbp_anonymous_reply_count":0,"_bbp_topic_count_hidden":0,"_bbp_reply_count_hidden":0,"_bbp_forum_subforum_count":0,"footnotes":""},"categories":[1,195,32,4],"tags":[],"class_list":["post-18939","post","type-post","status-publish","format-standard","has-post-thumbnail","hentry","category-general","category-i3","category-infantil","category-portada"],"post_mailing_queue_ids":[],"_links":{"self":[{"href":"https:\/\/agora.xtec.cat\/esc-joaquimruyra-blanes\/wp-json\/wp\/v2\/posts\/18939","targetHints":{"allow":["GET"]}}],"collection":[{"href":"https:\/\/agora.xtec.cat\/esc-joaquimruyra-blanes\/wp-json\/wp\/v2\/posts"}],"about":[{"href":"https:\/\/agora.xtec.cat\/esc-joaquimruyra-blanes\/wp-json\/wp\/v2\/types\/post"}],"author":[{"embeddable":true,"href":"https:\/\/agora.xtec.cat\/esc-joaquimruyra-blanes\/wp-json\/wp\/v2\/users\/75"}],"replies":[{"embeddable":true,"href":"https:\/\/agora.xtec.cat\/esc-joaquimruyra-blanes\/wp-json\/wp\/v2\/comments?post=18939"}],"version-history":[{"count":6,"href":"https:\/\/agora.xtec.cat\/esc-joaquimruyra-blanes\/wp-json\/wp\/v2\/posts\/18939\/revisions"}],"predecessor-version":[{"id":18950,"href":"https:\/\/agora.xtec.cat\/esc-joaquimruyra-blanes\/wp-json\/wp\/v2\/posts\/18939\/revisions\/18950"}],"wp:featuredmedia":[{"embeddable":true,"href":"https:\/\/agora.xtec.cat\/esc-joaquimruyra-blanes\/wp-json\/wp\/v2\/media\/18943"}],"wp:attachment":[{"href":"https:\/\/agora.xtec.cat\/esc-joaquimruyra-blanes\/wp-json\/wp\/v2\/media?parent=18939"}],"wp:term":[{"taxonomy":"category","embeddable":true,"href":"https:\/\/agora.xtec.cat\/esc-joaquimruyra-blanes\/wp-json\/wp\/v2\/categories?post=18939"},{"taxonomy":"post_tag","embeddable":true,"href":"https:\/\/agora.xtec.cat\/esc-joaquimruyra-blanes\/wp-json\/wp\/v2\/tags?post=18939"}],"curies":[{"name":"wp","href":"https:\/\/api.w.org\/{rel}","templated":true}]}}