{"id":18850,"date":"2025-06-20T08:49:51","date_gmt":"2025-06-20T06:49:51","guid":{"rendered":"https:\/\/agora.xtec.cat\/esc-joaquimruyra-blanes\/?p=18850"},"modified":"2025-06-20T08:49:51","modified_gmt":"2025-06-20T06:49:51","slug":"trobades-esportives-interescolars","status":"publish","type":"post","link":"https:\/\/agora.xtec.cat\/esc-joaquimruyra-blanes\/general\/trobades-esportives-interescolars\/","title":{"rendered":"Trobades esportives interescolars"},"content":{"rendered":"<p style=\"text-align: justify;\">L&#8217;alumnat de sis\u00e8 aquest trimestre ha pogut gaudir d&#8217;un tastet de diferents esports a la Ciutat Esportiva gr\u00e0cies al grup de treball d&#8217;Educaci\u00f3 F\u00edsica amb el suport de la Ciutat Esportiva, l&#8217;Ajuntament i el Servei Educatiu de la Selva II i especialment a les diferents entitats esportives del poble. A part de poder gaudir de dues taules rodones amb els esportistes convidats: Roger Badia (Campi\u00f3 d\u2019Espanya d\u2019hoquei adaptat) i Miquel Luque (Guanyador de 7 medalles en els Jocs Paral\u00edmpics).<\/p>\n<p><iframe loading=\"lazy\" title=\"Ciutat esportiva sis\u00e8.\" width=\"500\" height=\"281\" src=\"https:\/\/www.youtube.com\/embed\/XgZ5jDQlXZc?feature=oembed\" frameborder=\"0\" allow=\"accelerometer; autoplay; clipboard-write; encrypted-media; gyroscope; picture-in-picture; web-share\" referrerpolicy=\"strict-origin-when-cross-origin\" allowfullscreen><\/iframe><\/p>\n<p>I amb cinqu\u00e8 vam participar de la jornada a la platja <b><i>Mulla\u2019t per l\u2019esport<\/i><\/b>\u00a0 practicant diferents esports i jocs a la platja. Les activitats van ser un \u00e8xit i vam gaudir remullant-nos per atenuar la calor.<\/p>\n<p>Us deixem un recull d&#8217;imatges perqu\u00e8 veieu que b\u00e9 ens ho hem passat!!<\/p>\n<p><iframe loading=\"lazy\" title=\"Mulla&#039;t per l&#039;EF.\" width=\"500\" height=\"281\" src=\"https:\/\/www.youtube.com\/embed\/RfOmsREpLxA?feature=oembed\" frameborder=\"0\" allow=\"accelerometer; autoplay; clipboard-write; encrypted-media; gyroscope; picture-in-picture; web-share\" referrerpolicy=\"strict-origin-when-cross-origin\" allowfullscreen><\/iframe><\/p>\n<p>&nbsp;<\/p>\n<p style=\"text-align: justify;\">Aprofitem per donar les gr\u00e0cies a tots els mestres i persones implicades perqu\u00e8 tot an\u00e9s tan b\u00e9.<\/p>\n","protected":false},"excerpt":{"rendered":"<p>L&#8217;alumnat de sis\u00e8 aquest trimestre ha pogut gaudir d&#8217;un tastet de diferents esports a la Ciutat Esportiva gr\u00e0cies al grup de treball d&#8217;Educaci\u00f3 F\u00edsica amb el suport de la Ciutat Esportiva, l&#8217;Ajuntament i el Servei Educatiu de la Selva II i especialment a les diferents&hellip;  <a href=\"https:\/\/agora.xtec.cat\/esc-joaquimruyra-blanes\/general\/trobades-esportives-interescolars\/\" title=\"Read Trobades esportives interescolars\">Llegeix m\u00e9s\u00bb<\/a><\/p>\n","protected":false},"author":11,"featured_media":18855,"comment_status":"closed","ping_status":"closed","sticky":false,"template":"","format":"standard","meta":{"_bbp_topic_count":0,"_bbp_reply_count":0,"_bbp_total_topic_count":0,"_bbp_total_reply_count":0,"_bbp_voice_count":0,"_bbp_anonymous_reply_count":0,"_bbp_topic_count_hidden":0,"_bbp_reply_count_hidden":0,"_bbp_forum_subforum_count":0,"footnotes":""},"categories":[253,1,4,39],"tags":[],"class_list":["post-18850","post","type-post","status-publish","format-standard","has-post-thumbnail","hentry","category-cicle-superior","category-general","category-portada","category-primaria"],"post_mailing_queue_ids":[],"_links":{"self":[{"href":"https:\/\/agora.xtec.cat\/esc-joaquimruyra-blanes\/wp-json\/wp\/v2\/posts\/18850","targetHints":{"allow":["GET"]}}],"collection":[{"href":"https:\/\/agora.xtec.cat\/esc-joaquimruyra-blanes\/wp-json\/wp\/v2\/posts"}],"about":[{"href":"https:\/\/agora.xtec.cat\/esc-joaquimruyra-blanes\/wp-json\/wp\/v2\/types\/post"}],"author":[{"embeddable":true,"href":"https:\/\/agora.xtec.cat\/esc-joaquimruyra-blanes\/wp-json\/wp\/v2\/users\/11"}],"replies":[{"embeddable":true,"href":"https:\/\/agora.xtec.cat\/esc-joaquimruyra-blanes\/wp-json\/wp\/v2\/comments?post=18850"}],"version-history":[{"count":4,"href":"https:\/\/agora.xtec.cat\/esc-joaquimruyra-blanes\/wp-json\/wp\/v2\/posts\/18850\/revisions"}],"predecessor-version":[{"id":18854,"href":"https:\/\/agora.xtec.cat\/esc-joaquimruyra-blanes\/wp-json\/wp\/v2\/posts\/18850\/revisions\/18854"}],"wp:featuredmedia":[{"embeddable":true,"href":"https:\/\/agora.xtec.cat\/esc-joaquimruyra-blanes\/wp-json\/wp\/v2\/media\/18855"}],"wp:attachment":[{"href":"https:\/\/agora.xtec.cat\/esc-joaquimruyra-blanes\/wp-json\/wp\/v2\/media?parent=18850"}],"wp:term":[{"taxonomy":"category","embeddable":true,"href":"https:\/\/agora.xtec.cat\/esc-joaquimruyra-blanes\/wp-json\/wp\/v2\/categories?post=18850"},{"taxonomy":"post_tag","embeddable":true,"href":"https:\/\/agora.xtec.cat\/esc-joaquimruyra-blanes\/wp-json\/wp\/v2\/tags?post=18850"}],"curies":[{"name":"wp","href":"https:\/\/api.w.org\/{rel}","templated":true}]}}