{"id":18551,"date":"2025-05-05T16:11:41","date_gmt":"2025-05-05T14:11:41","guid":{"rendered":"https:\/\/agora.xtec.cat\/esc-joaquimruyra-blanes\/?p=18551"},"modified":"2025-05-05T16:11:41","modified_gmt":"2025-05-05T14:11:41","slug":"concurs-portada-agenda-25-26","status":"publish","type":"post","link":"https:\/\/agora.xtec.cat\/esc-joaquimruyra-blanes\/general\/concurs-portada-agenda-25-26\/","title":{"rendered":"CONCURS PORTADA AGENDA 25\/26"},"content":{"rendered":"<p>Benvolgudes fam\u00edlies,<\/p>\n<p>Ja tenim guanyador\/a del concurs per a escollir el dibuix de la portada de la nostra agenda escolar del proper curs 2025\/2026.<\/p>\n<p>Els guanyadors han sorgit de la votaci\u00f3 que hem fet entre els dibuixos realitzats per l&#8217;alumnat d&#8217;I4, que servir\u00e0 per a la portada de l&#8217;agenda d&#8217;educaci\u00f3 infantil, i dels realitzats per l&#8217;alumnat de 5\u00e8, que il\u00b7lustrar\u00e0 la portada de la de prim\u00e0ria. En aquesta votaci\u00f3 hi han participat membres de tota la comunitat educativa (mestres, alumnat, equip de menjador, de neteja, AFA, conserge, personal PAS&#8230;).<\/p>\n<p><a href=\"https:\/\/agora.xtec.cat\/esc-joaquimruyra-blanes\/wp-content\/uploads\/usu757\/2025\/05\/1746453074630-scaled.jpg\"><img loading=\"lazy\" decoding=\"async\" class=\"alignnone size-large wp-image-18553\" src=\"https:\/\/agora.xtec.cat\/esc-joaquimruyra-blanes\/wp-content\/uploads\/usu757\/2025\/05\/1746453074630-1024x561.jpg\" alt=\"\" width=\"1024\" height=\"561\" srcset=\"https:\/\/agora.xtec.cat\/esc-joaquimruyra-blanes\/wp-content\/uploads\/usu757\/2025\/05\/1746453074630-1024x561.jpg 1024w, https:\/\/agora.xtec.cat\/esc-joaquimruyra-blanes\/wp-content\/uploads\/usu757\/2025\/05\/1746453074630-300x164.jpg 300w, https:\/\/agora.xtec.cat\/esc-joaquimruyra-blanes\/wp-content\/uploads\/usu757\/2025\/05\/1746453074630-768x421.jpg 768w, https:\/\/agora.xtec.cat\/esc-joaquimruyra-blanes\/wp-content\/uploads\/usu757\/2025\/05\/1746453074630-1536x842.jpg 1536w, https:\/\/agora.xtec.cat\/esc-joaquimruyra-blanes\/wp-content\/uploads\/usu757\/2025\/05\/1746453074630-2048x1123.jpg 2048w\" sizes=\"auto, (max-width: 1024px) 100vw, 1024px\" \/><\/a><\/p>\n<p>Han estat escollits el <strong>dibuix A<\/strong>, fet per la <span style=\"text-decoration: underline;\">Lola Artajona<\/span>, d&#8217;I4B,\u00a0 i el <strong>dibuix 1<\/strong>, realitzat per l&#8217;<span style=\"text-decoration: underline;\">Anas Zaidi,<\/span> de 5\u00e8.<\/p>\n<p>Enhorabona a tots dos!!<\/p>\n<p>&nbsp;<\/p>\n","protected":false},"excerpt":{"rendered":"<p>Benvolgudes fam\u00edlies,<br \/>\nJa tenim guanyador\/a del concurs per a escollir el dibuix de la portada de la nostra agenda escolar del proper curs 2025\/2026.<br \/>\nEls guanyadors han sorgit de la votaci\u00f3 que hem fet entre els dibuixos realitzats per l&#8217;alumnat d&#8217;I4, que servir\u00e0 per a la portada&hellip;  <a href=\"https:\/\/agora.xtec.cat\/esc-joaquimruyra-blanes\/general\/concurs-portada-agenda-25-26\/\" title=\"Read CONCURS PORTADA AGENDA 25\/26\">Llegeix m\u00e9s\u00bb<\/a><\/p>\n","protected":false},"author":10,"featured_media":18553,"comment_status":"closed","ping_status":"closed","sticky":false,"template":"","format":"standard","meta":{"_bbp_topic_count":0,"_bbp_reply_count":0,"_bbp_total_topic_count":0,"_bbp_total_reply_count":0,"_bbp_voice_count":0,"_bbp_anonymous_reply_count":0,"_bbp_topic_count_hidden":0,"_bbp_reply_count_hidden":0,"_bbp_forum_subforum_count":0,"footnotes":""},"categories":[1,155,4],"tags":[],"class_list":["post-18551","post","type-post","status-publish","format-standard","has-post-thumbnail","hentry","category-general","category-covid-19","category-portada"],"post_mailing_queue_ids":[],"_links":{"self":[{"href":"https:\/\/agora.xtec.cat\/esc-joaquimruyra-blanes\/wp-json\/wp\/v2\/posts\/18551","targetHints":{"allow":["GET"]}}],"collection":[{"href":"https:\/\/agora.xtec.cat\/esc-joaquimruyra-blanes\/wp-json\/wp\/v2\/posts"}],"about":[{"href":"https:\/\/agora.xtec.cat\/esc-joaquimruyra-blanes\/wp-json\/wp\/v2\/types\/post"}],"author":[{"embeddable":true,"href":"https:\/\/agora.xtec.cat\/esc-joaquimruyra-blanes\/wp-json\/wp\/v2\/users\/10"}],"replies":[{"embeddable":true,"href":"https:\/\/agora.xtec.cat\/esc-joaquimruyra-blanes\/wp-json\/wp\/v2\/comments?post=18551"}],"version-history":[{"count":2,"href":"https:\/\/agora.xtec.cat\/esc-joaquimruyra-blanes\/wp-json\/wp\/v2\/posts\/18551\/revisions"}],"predecessor-version":[{"id":18555,"href":"https:\/\/agora.xtec.cat\/esc-joaquimruyra-blanes\/wp-json\/wp\/v2\/posts\/18551\/revisions\/18555"}],"wp:featuredmedia":[{"embeddable":true,"href":"https:\/\/agora.xtec.cat\/esc-joaquimruyra-blanes\/wp-json\/wp\/v2\/media\/18553"}],"wp:attachment":[{"href":"https:\/\/agora.xtec.cat\/esc-joaquimruyra-blanes\/wp-json\/wp\/v2\/media?parent=18551"}],"wp:term":[{"taxonomy":"category","embeddable":true,"href":"https:\/\/agora.xtec.cat\/esc-joaquimruyra-blanes\/wp-json\/wp\/v2\/categories?post=18551"},{"taxonomy":"post_tag","embeddable":true,"href":"https:\/\/agora.xtec.cat\/esc-joaquimruyra-blanes\/wp-json\/wp\/v2\/tags?post=18551"}],"curies":[{"name":"wp","href":"https:\/\/api.w.org\/{rel}","templated":true}]}}