{"id":18339,"date":"2025-03-10T09:39:15","date_gmt":"2025-03-10T08:39:15","guid":{"rendered":"https:\/\/agora.xtec.cat\/esc-joaquimruyra-blanes\/?p=18339"},"modified":"2025-03-10T13:13:35","modified_gmt":"2025-03-10T12:13:35","slug":"carnaval-a-lescola","status":"publish","type":"post","link":"https:\/\/agora.xtec.cat\/esc-joaquimruyra-blanes\/general\/carnaval-a-lescola\/","title":{"rendered":"Carnaval a l&#8217;escola."},"content":{"rendered":"<p style=\"text-align: justify;\">El passat divendres 21 de febrer va comen\u00e7ar oficialment la setmana de la disbauxa a la nostra escola amb l&#8217;arribada del rei Carnestoltes per fer-nos saber les consignes de tota la setmana. Quina il\u00b7lusi\u00f3!<\/p>\n<div style=\"text-align: justify;\">El dijous gras tota l&#8217;escola va fer una escapada a la platja per gaudir d&#8217;una estona de gaudi i dels berenars de coca, entrep\u00e0 de truita, etc.<\/div>\n<div><\/div>\n<div style=\"text-align: justify;\">I per acabar la setmana de Carnaval no podia faltar\u00a0 la desfilada de cada curs amb m\u00fasica pr\u00f2pia i ball incl\u00f2s que tot l&#8217;alumnat estava esperant amb emoci\u00f3.<\/div>\n<div><\/div>\n<div style=\"text-align: justify;\">A la tarda vam fer un agermanament per crear una vistosa i acolorida corbata de Carnaval.<\/div>\n<div><\/div>\n<div style=\"text-align: justify;\">En definitiva, una setmana molt divertida a l&#8217;escola de la Vila.<\/div>\n<div><\/div>\n<div style=\"text-align: justify;\">A sota us deixem el link amb un recull d&#8217;imatges de la setmana.<\/div>\n<div><\/div>\n<div><\/div>\n<div>\n<p><iframe loading=\"lazy\" title=\"CARNAVAL\" width=\"500\" height=\"375\" src=\"https:\/\/www.youtube.com\/embed\/A0144wsMV-c?feature=oembed\" frameborder=\"0\" allow=\"accelerometer; autoplay; clipboard-write; encrypted-media; gyroscope; picture-in-picture; web-share\" referrerpolicy=\"strict-origin-when-cross-origin\" allowfullscreen><\/iframe><\/p>\n<\/div>\n<div><\/div>\n<div style=\"text-align: left;\"><\/div>\n<div><\/div>\n<div><\/div>\n<div><\/div>\n<div><\/div>\n<div><\/div>\n","protected":false},"excerpt":{"rendered":"<p>El passat divendres 21 de febrer va comen\u00e7ar oficialment la setmana de la disbauxa a la nostra escola amb l&#8217;arribada del rei Carnestoltes per fer-nos saber les consignes de tota la setmana. Quina il\u00b7lusi\u00f3!<br \/>\nEl dijous gras tota l&#8217;escola va fer una escapada a la platja&hellip;  <a href=\"https:\/\/agora.xtec.cat\/esc-joaquimruyra-blanes\/general\/carnaval-a-lescola\/\" title=\"Read Carnaval a l&#8217;escola.\">Llegeix m\u00e9s\u00bb<\/a><\/p>\n","protected":false},"author":11,"featured_media":18342,"comment_status":"closed","ping_status":"closed","sticky":false,"template":"","format":"standard","meta":{"_bbp_topic_count":0,"_bbp_reply_count":0,"_bbp_total_topic_count":0,"_bbp_total_reply_count":0,"_bbp_voice_count":0,"_bbp_anonymous_reply_count":0,"_bbp_topic_count_hidden":0,"_bbp_reply_count_hidden":0,"_bbp_forum_subforum_count":0,"footnotes":""},"categories":[1,32,4,39],"tags":[],"class_list":["post-18339","post","type-post","status-publish","format-standard","has-post-thumbnail","hentry","category-general","category-infantil","category-portada","category-primaria"],"post_mailing_queue_ids":[],"_links":{"self":[{"href":"https:\/\/agora.xtec.cat\/esc-joaquimruyra-blanes\/wp-json\/wp\/v2\/posts\/18339","targetHints":{"allow":["GET"]}}],"collection":[{"href":"https:\/\/agora.xtec.cat\/esc-joaquimruyra-blanes\/wp-json\/wp\/v2\/posts"}],"about":[{"href":"https:\/\/agora.xtec.cat\/esc-joaquimruyra-blanes\/wp-json\/wp\/v2\/types\/post"}],"author":[{"embeddable":true,"href":"https:\/\/agora.xtec.cat\/esc-joaquimruyra-blanes\/wp-json\/wp\/v2\/users\/11"}],"replies":[{"embeddable":true,"href":"https:\/\/agora.xtec.cat\/esc-joaquimruyra-blanes\/wp-json\/wp\/v2\/comments?post=18339"}],"version-history":[{"count":6,"href":"https:\/\/agora.xtec.cat\/esc-joaquimruyra-blanes\/wp-json\/wp\/v2\/posts\/18339\/revisions"}],"predecessor-version":[{"id":18357,"href":"https:\/\/agora.xtec.cat\/esc-joaquimruyra-blanes\/wp-json\/wp\/v2\/posts\/18339\/revisions\/18357"}],"wp:featuredmedia":[{"embeddable":true,"href":"https:\/\/agora.xtec.cat\/esc-joaquimruyra-blanes\/wp-json\/wp\/v2\/media\/18342"}],"wp:attachment":[{"href":"https:\/\/agora.xtec.cat\/esc-joaquimruyra-blanes\/wp-json\/wp\/v2\/media?parent=18339"}],"wp:term":[{"taxonomy":"category","embeddable":true,"href":"https:\/\/agora.xtec.cat\/esc-joaquimruyra-blanes\/wp-json\/wp\/v2\/categories?post=18339"},{"taxonomy":"post_tag","embeddable":true,"href":"https:\/\/agora.xtec.cat\/esc-joaquimruyra-blanes\/wp-json\/wp\/v2\/tags?post=18339"}],"curies":[{"name":"wp","href":"https:\/\/api.w.org\/{rel}","templated":true}]}}