{"id":18264,"date":"2025-02-13T10:29:21","date_gmt":"2025-02-13T09:29:21","guid":{"rendered":"https:\/\/agora.xtec.cat\/esc-joaquimruyra-blanes\/?p=18264"},"modified":"2025-02-13T10:29:21","modified_gmt":"2025-02-13T09:29:21","slug":"inauguracio-de-la-biblioteca","status":"publish","type":"post","link":"https:\/\/agora.xtec.cat\/esc-joaquimruyra-blanes\/general\/inauguracio-de-la-biblioteca\/","title":{"rendered":"INAUGURACI\u00d3 DE LA BIBLIOTECA"},"content":{"rendered":"<p>Benvolgudes fam\u00edlies,<\/p>\n<p data-start=\"383\" data-end=\"580\">Despr\u00e9s de tres anys de renovaci\u00f3, per fi hem pogut inaugurar la nostra Biblioteca! Ara compta amb una nova organitzaci\u00f3 i un espai m\u00e9s acollidor que convida a la lectura i a gaudir dels llibres.<\/p>\n<p data-start=\"582\" data-end=\"791\">Volem agrair de tot cor la participaci\u00f3 de tota la comunitat educativa en l\u2019acte d\u2019inauguraci\u00f3, celebrat el passat divendres 7 de febrer. El vostre suport ha estat essencial per fer realitat aquest projecte.<\/p>\n<p data-start=\"793\" data-end=\"987\">El nostre desig \u00e9s que tot l\u2019alumnat pugui descobrir el plaer de la lectura i aprofitar aquest nou espai. Us animem a fomentar el gust pels llibres tamb\u00e9 des de casa!<\/p>\n<p data-start=\"989\" data-end=\"1034\">Moltes gr\u00e0cies per la vostra col\u00b7laboraci\u00f3!<\/p>\n<p><a href=\"https:\/\/photos.app.goo.gl\/fiNqwBAkXn4aoiL2A\"><img loading=\"lazy\" decoding=\"async\" class=\"aligncenter wp-image-18265\" src=\"https:\/\/agora.xtec.cat\/esc-joaquimruyra-blanes\/wp-content\/uploads\/usu757\/2025\/02\/IMG-20250211-WA0017-300x135.jpg\" alt=\"\" width=\"400\" height=\"180\" srcset=\"https:\/\/agora.xtec.cat\/esc-joaquimruyra-blanes\/wp-content\/uploads\/usu757\/2025\/02\/IMG-20250211-WA0017-300x135.jpg 300w, https:\/\/agora.xtec.cat\/esc-joaquimruyra-blanes\/wp-content\/uploads\/usu757\/2025\/02\/IMG-20250211-WA0017-1024x461.jpg 1024w, https:\/\/agora.xtec.cat\/esc-joaquimruyra-blanes\/wp-content\/uploads\/usu757\/2025\/02\/IMG-20250211-WA0017-768x345.jpg 768w, https:\/\/agora.xtec.cat\/esc-joaquimruyra-blanes\/wp-content\/uploads\/usu757\/2025\/02\/IMG-20250211-WA0017-1536x691.jpg 1536w, https:\/\/agora.xtec.cat\/esc-joaquimruyra-blanes\/wp-content\/uploads\/usu757\/2025\/02\/IMG-20250211-WA0017.jpg 2048w\" sizes=\"auto, (max-width: 400px) 100vw, 400px\" \/><\/a><\/p>\n","protected":false},"excerpt":{"rendered":"<p>Benvolgudes fam\u00edlies,<br \/>\nDespr\u00e9s de tres anys de renovaci\u00f3, per fi hem pogut inaugurar la nostra Biblioteca! Ara compta amb una nova organitzaci\u00f3 i un espai m\u00e9s acollidor que convida a la lectura i a gaudir dels llibres.<br \/>\nVolem agrair de tot cor la participaci\u00f3 de tota la&hellip;  <a href=\"https:\/\/agora.xtec.cat\/esc-joaquimruyra-blanes\/general\/inauguracio-de-la-biblioteca\/\" title=\"Read INAUGURACI\u00d3 DE LA BIBLIOTECA\">Llegeix m\u00e9s\u00bb<\/a><\/p>\n","protected":false},"author":57,"featured_media":0,"comment_status":"closed","ping_status":"closed","sticky":false,"template":"","format":"standard","meta":{"_bbp_topic_count":0,"_bbp_reply_count":0,"_bbp_total_topic_count":0,"_bbp_total_reply_count":0,"_bbp_voice_count":0,"_bbp_anonymous_reply_count":0,"_bbp_topic_count_hidden":0,"_bbp_reply_count_hidden":0,"_bbp_forum_subforum_count":0,"footnotes":""},"categories":[1,4],"tags":[],"class_list":["post-18264","post","type-post","status-publish","format-standard","hentry","category-general","category-portada"],"post_mailing_queue_ids":[],"_links":{"self":[{"href":"https:\/\/agora.xtec.cat\/esc-joaquimruyra-blanes\/wp-json\/wp\/v2\/posts\/18264","targetHints":{"allow":["GET"]}}],"collection":[{"href":"https:\/\/agora.xtec.cat\/esc-joaquimruyra-blanes\/wp-json\/wp\/v2\/posts"}],"about":[{"href":"https:\/\/agora.xtec.cat\/esc-joaquimruyra-blanes\/wp-json\/wp\/v2\/types\/post"}],"author":[{"embeddable":true,"href":"https:\/\/agora.xtec.cat\/esc-joaquimruyra-blanes\/wp-json\/wp\/v2\/users\/57"}],"replies":[{"embeddable":true,"href":"https:\/\/agora.xtec.cat\/esc-joaquimruyra-blanes\/wp-json\/wp\/v2\/comments?post=18264"}],"version-history":[{"count":1,"href":"https:\/\/agora.xtec.cat\/esc-joaquimruyra-blanes\/wp-json\/wp\/v2\/posts\/18264\/revisions"}],"predecessor-version":[{"id":18266,"href":"https:\/\/agora.xtec.cat\/esc-joaquimruyra-blanes\/wp-json\/wp\/v2\/posts\/18264\/revisions\/18266"}],"wp:attachment":[{"href":"https:\/\/agora.xtec.cat\/esc-joaquimruyra-blanes\/wp-json\/wp\/v2\/media?parent=18264"}],"wp:term":[{"taxonomy":"category","embeddable":true,"href":"https:\/\/agora.xtec.cat\/esc-joaquimruyra-blanes\/wp-json\/wp\/v2\/categories?post=18264"},{"taxonomy":"post_tag","embeddable":true,"href":"https:\/\/agora.xtec.cat\/esc-joaquimruyra-blanes\/wp-json\/wp\/v2\/tags?post=18264"}],"curies":[{"name":"wp","href":"https:\/\/api.w.org\/{rel}","templated":true}]}}