{"id":18145,"date":"2024-12-23T15:04:44","date_gmt":"2024-12-23T14:04:44","guid":{"rendered":"https:\/\/agora.xtec.cat\/esc-joaquimruyra-blanes\/?p=18145"},"modified":"2024-12-23T15:04:44","modified_gmt":"2024-12-23T14:04:44","slug":"educacio-infantil-va-fer-cagar-el-tio","status":"publish","type":"post","link":"https:\/\/agora.xtec.cat\/esc-joaquimruyra-blanes\/general\/educacio-infantil-va-fer-cagar-el-tio\/","title":{"rendered":"EDUCACI\u00d3 INFANTIL VA FER CAGAR EL TI\u00d3"},"content":{"rendered":"<p><span style=\"font-weight: 400;\">El dimecres dia 18 de desembre, les nenes i els nens d\u2019Educaci\u00f3 Infantil van fer cagar el Ti\u00f3 que havien anat a buscar el dia 10 pel pati de l\u2019escola. Era petit i calia cuidar-lo molt b\u00e9, donant-li menjar i vigilant que estigu\u00e9s ben tapat amb una manta perqu\u00e8 no agaf\u00e9s fred. <\/span><\/p>\n<p><span style=\"font-weight: 400;\">El petit Ti\u00f3 es va fer gran i finalment va cagar regals per a les classes i monedes de xocolata per a tots els infants!<\/span><\/p>\n<p><a href=\"https:\/\/drive.google.com\/file\/d\/1f1Z9EXzAX2BSBUJH6eQi52j87stk3fXS\/view?usp=sharing\" target=\"_blank\" rel=\"noopener\"><img loading=\"lazy\" decoding=\"async\" class=\"wp-image-18146 aligncenter\" src=\"https:\/\/agora.xtec.cat\/esc-joaquimruyra-blanes\/wp-content\/uploads\/usu757\/2024\/12\/foto-portada-video-CAGA-TIO-2024-1024x576.jpg\" alt=\"\" width=\"476\" height=\"268\" srcset=\"https:\/\/agora.xtec.cat\/esc-joaquimruyra-blanes\/wp-content\/uploads\/usu757\/2024\/12\/foto-portada-video-CAGA-TIO-2024-1024x576.jpg 1024w, https:\/\/agora.xtec.cat\/esc-joaquimruyra-blanes\/wp-content\/uploads\/usu757\/2024\/12\/foto-portada-video-CAGA-TIO-2024-300x169.jpg 300w, https:\/\/agora.xtec.cat\/esc-joaquimruyra-blanes\/wp-content\/uploads\/usu757\/2024\/12\/foto-portada-video-CAGA-TIO-2024-768x432.jpg 768w, https:\/\/agora.xtec.cat\/esc-joaquimruyra-blanes\/wp-content\/uploads\/usu757\/2024\/12\/foto-portada-video-CAGA-TIO-2024-1536x864.jpg 1536w, https:\/\/agora.xtec.cat\/esc-joaquimruyra-blanes\/wp-content\/uploads\/usu757\/2024\/12\/foto-portada-video-CAGA-TIO-2024.jpg 1920w\" sizes=\"auto, (max-width: 476px) 100vw, 476px\" \/><\/a><\/p>\n","protected":false},"excerpt":{"rendered":"<p>El dimecres dia 18 de desembre, les nenes i els nens d\u2019Educaci\u00f3 Infantil van fer cagar el Ti\u00f3 que havien anat a buscar el dia 10 pel pati de l\u2019escola. Era petit i calia cuidar-lo molt b\u00e9, donant-li menjar i vigilant que estigu\u00e9s ben tapat&hellip;  <a href=\"https:\/\/agora.xtec.cat\/esc-joaquimruyra-blanes\/general\/educacio-infantil-va-fer-cagar-el-tio\/\" title=\"Read EDUCACI\u00d3 INFANTIL VA FER CAGAR EL TI\u00d3\">Llegeix m\u00e9s\u00bb<\/a><\/p>\n","protected":false},"author":1,"featured_media":0,"comment_status":"closed","ping_status":"closed","sticky":false,"template":"","format":"standard","meta":{"_bbp_topic_count":0,"_bbp_reply_count":0,"_bbp_total_topic_count":0,"_bbp_total_reply_count":0,"_bbp_voice_count":0,"_bbp_anonymous_reply_count":0,"_bbp_topic_count_hidden":0,"_bbp_reply_count_hidden":0,"_bbp_forum_subforum_count":0,"footnotes":""},"categories":[1,32,4],"tags":[],"class_list":["post-18145","post","type-post","status-publish","format-standard","hentry","category-general","category-infantil","category-portada"],"post_mailing_queue_ids":[],"_links":{"self":[{"href":"https:\/\/agora.xtec.cat\/esc-joaquimruyra-blanes\/wp-json\/wp\/v2\/posts\/18145","targetHints":{"allow":["GET"]}}],"collection":[{"href":"https:\/\/agora.xtec.cat\/esc-joaquimruyra-blanes\/wp-json\/wp\/v2\/posts"}],"about":[{"href":"https:\/\/agora.xtec.cat\/esc-joaquimruyra-blanes\/wp-json\/wp\/v2\/types\/post"}],"author":[{"embeddable":true,"href":"https:\/\/agora.xtec.cat\/esc-joaquimruyra-blanes\/wp-json\/wp\/v2\/users\/1"}],"replies":[{"embeddable":true,"href":"https:\/\/agora.xtec.cat\/esc-joaquimruyra-blanes\/wp-json\/wp\/v2\/comments?post=18145"}],"version-history":[{"count":3,"href":"https:\/\/agora.xtec.cat\/esc-joaquimruyra-blanes\/wp-json\/wp\/v2\/posts\/18145\/revisions"}],"predecessor-version":[{"id":18153,"href":"https:\/\/agora.xtec.cat\/esc-joaquimruyra-blanes\/wp-json\/wp\/v2\/posts\/18145\/revisions\/18153"}],"wp:attachment":[{"href":"https:\/\/agora.xtec.cat\/esc-joaquimruyra-blanes\/wp-json\/wp\/v2\/media?parent=18145"}],"wp:term":[{"taxonomy":"category","embeddable":true,"href":"https:\/\/agora.xtec.cat\/esc-joaquimruyra-blanes\/wp-json\/wp\/v2\/categories?post=18145"},{"taxonomy":"post_tag","embeddable":true,"href":"https:\/\/agora.xtec.cat\/esc-joaquimruyra-blanes\/wp-json\/wp\/v2\/tags?post=18145"}],"curies":[{"name":"wp","href":"https:\/\/api.w.org\/{rel}","templated":true}]}}