{"id":17918,"date":"2024-11-12T15:25:12","date_gmt":"2024-11-12T14:25:12","guid":{"rendered":"https:\/\/agora.xtec.cat\/esc-joaquimruyra-blanes\/?p=17918"},"modified":"2024-11-12T15:25:12","modified_gmt":"2024-11-12T14:25:12","slug":"sortida-al-parlament-de-catalunya","status":"publish","type":"post","link":"https:\/\/agora.xtec.cat\/esc-joaquimruyra-blanes\/portada\/sortida-al-parlament-de-catalunya\/","title":{"rendered":"Sortida al Parlament de Catalunya!"},"content":{"rendered":"<p>Hola, fam\u00edlies!<\/p>\n<p style=\"text-align: left;\">El divendres passat l&#8217;alumnat de Cicle Superior vam anar a Barcelona a visitar el <strong>Parlament de Catalunya<\/strong>. Vam poder esmorzar al <strong>parc de la Ciutadella<\/strong>, una meravella! All\u00e0 mateix vam iniciar un passeig pel parc. Ens vam organitzar en petits grups i vam descobrir racons de la Ciutadella: monuments, escultures, camins, etc. Fins i tot vam recitar tots plegats un poema d&#8217;Aribau! Vam acabar la ruta asseguts davant del Parlament i dibuixant la seva fa\u00e7ana. Aquella estona de calma i dibuix va ser genial!<\/p>\n<p style=\"text-align: left;\">Despr\u00e9s vam visitar el Parlament, un edifici majestu\u00f3s i ple de detalls on cada rac\u00f3 \u00e9s espectacular. Vam poder veure la sala dels diputats, all\u00e0 on se celebren i convoquen les reunions. Vam veure que cada diputat t\u00e9 un seient i poden votar a trav\u00e9s d&#8217;uns botons (vermell, verd i taronja). A m\u00e9s, ens van explicar la import\u00e0ncia del president\/a del parlament i els seus vicepresidents i secretaris. Vam veure el faristol on els diputats parlen i exposen els seus ideals pol\u00edtics. Ens va agradar molt.<\/p>\n<p style=\"text-align: left;\">Vam acabar la jornada amb una estona de temps lliure que vam aprofitar per jugar i dinar. Va ser un dia molt enriquidor.<\/p>\n<p>Cliqueu sobre la imatge per veure les fotografies!<\/p>\n<p style=\"text-align: center;\"><a href=\"https:\/\/photos.app.goo.gl\/MdUeHBZybiabzxf38\"><img loading=\"lazy\" decoding=\"async\" class=\"aligncenter wp-image-17941 size-medium\" src=\"https:\/\/agora.xtec.cat\/esc-joaquimruyra-blanes\/wp-content\/uploads\/usu757\/2024\/11\/Palau_Parl_Cat-300x170.jpg\" alt=\"\" width=\"300\" height=\"170\" srcset=\"https:\/\/agora.xtec.cat\/esc-joaquimruyra-blanes\/wp-content\/uploads\/usu757\/2024\/11\/Palau_Parl_Cat-300x170.jpg 300w, https:\/\/agora.xtec.cat\/esc-joaquimruyra-blanes\/wp-content\/uploads\/usu757\/2024\/11\/Palau_Parl_Cat-1024x582.jpg 1024w, https:\/\/agora.xtec.cat\/esc-joaquimruyra-blanes\/wp-content\/uploads\/usu757\/2024\/11\/Palau_Parl_Cat-768x436.jpg 768w, https:\/\/agora.xtec.cat\/esc-joaquimruyra-blanes\/wp-content\/uploads\/usu757\/2024\/11\/Palau_Parl_Cat-1536x873.jpg 1536w, https:\/\/agora.xtec.cat\/esc-joaquimruyra-blanes\/wp-content\/uploads\/usu757\/2024\/11\/Palau_Parl_Cat-2048x1164.jpg 2048w\" sizes=\"auto, (max-width: 300px) 100vw, 300px\" \/><\/a><\/p>\n<p>&nbsp;<\/p>\n","protected":false},"excerpt":{"rendered":"<p>Hola, fam\u00edlies!<br \/>\nEl divendres passat l&#8217;alumnat de Cicle Superior vam anar a Barcelona a visitar el Parlament de Catalunya. Vam poder esmorzar al parc de la Ciutadella, una meravella! All\u00e0 mateix vam iniciar un passeig pel parc. Ens vam organitzar en petits grups i vam descobrir&hellip;  <a href=\"https:\/\/agora.xtec.cat\/esc-joaquimruyra-blanes\/portada\/sortida-al-parlament-de-catalunya\/\" title=\"Read Sortida al Parlament de Catalunya!\">Llegeix m\u00e9s\u00bb<\/a><\/p>\n","protected":false},"author":40,"featured_media":17941,"comment_status":"closed","ping_status":"closed","sticky":false,"template":"","format":"standard","meta":{"_bbp_topic_count":0,"_bbp_reply_count":0,"_bbp_total_topic_count":0,"_bbp_total_reply_count":0,"_bbp_voice_count":0,"_bbp_anonymous_reply_count":0,"_bbp_topic_count_hidden":0,"_bbp_reply_count_hidden":0,"_bbp_forum_subforum_count":0,"footnotes":""},"categories":[14,15,253,4,39],"tags":[],"class_list":["post-17918","post","type-post","status-publish","format-standard","has-post-thumbnail","hentry","category-5e","category-6e","category-cicle-superior","category-portada","category-primaria"],"post_mailing_queue_ids":[],"_links":{"self":[{"href":"https:\/\/agora.xtec.cat\/esc-joaquimruyra-blanes\/wp-json\/wp\/v2\/posts\/17918","targetHints":{"allow":["GET"]}}],"collection":[{"href":"https:\/\/agora.xtec.cat\/esc-joaquimruyra-blanes\/wp-json\/wp\/v2\/posts"}],"about":[{"href":"https:\/\/agora.xtec.cat\/esc-joaquimruyra-blanes\/wp-json\/wp\/v2\/types\/post"}],"author":[{"embeddable":true,"href":"https:\/\/agora.xtec.cat\/esc-joaquimruyra-blanes\/wp-json\/wp\/v2\/users\/40"}],"replies":[{"embeddable":true,"href":"https:\/\/agora.xtec.cat\/esc-joaquimruyra-blanes\/wp-json\/wp\/v2\/comments?post=17918"}],"version-history":[{"count":3,"href":"https:\/\/agora.xtec.cat\/esc-joaquimruyra-blanes\/wp-json\/wp\/v2\/posts\/17918\/revisions"}],"predecessor-version":[{"id":17943,"href":"https:\/\/agora.xtec.cat\/esc-joaquimruyra-blanes\/wp-json\/wp\/v2\/posts\/17918\/revisions\/17943"}],"wp:featuredmedia":[{"embeddable":true,"href":"https:\/\/agora.xtec.cat\/esc-joaquimruyra-blanes\/wp-json\/wp\/v2\/media\/17941"}],"wp:attachment":[{"href":"https:\/\/agora.xtec.cat\/esc-joaquimruyra-blanes\/wp-json\/wp\/v2\/media?parent=17918"}],"wp:term":[{"taxonomy":"category","embeddable":true,"href":"https:\/\/agora.xtec.cat\/esc-joaquimruyra-blanes\/wp-json\/wp\/v2\/categories?post=17918"},{"taxonomy":"post_tag","embeddable":true,"href":"https:\/\/agora.xtec.cat\/esc-joaquimruyra-blanes\/wp-json\/wp\/v2\/tags?post=17918"}],"curies":[{"name":"wp","href":"https:\/\/api.w.org\/{rel}","templated":true}]}}