{"id":17762,"date":"2024-10-07T15:50:54","date_gmt":"2024-10-07T13:50:54","guid":{"rendered":"https:\/\/agora.xtec.cat\/esc-joaquimruyra-blanes\/?p=17762"},"modified":"2024-10-07T15:51:36","modified_gmt":"2024-10-07T13:51:36","slug":"novetat","status":"publish","type":"post","link":"https:\/\/agora.xtec.cat\/esc-joaquimruyra-blanes\/general\/novetat\/","title":{"rendered":"NOVETAT!!!"},"content":{"rendered":"<p>Benvolguda fam\u00edlia,<\/p>\n<p>Ens plau anunciar-vos que avui dilluns 7 d&#8217;octubre l&#8217;<strong>empresa ESCORIZA<\/strong> de Blanes ens ha muntat l&#8217;enc\u00e0rrec que li vam fer del nom de l&#8217;escola, les dates del centenari i el nostre logo per a realitzar-lo en xapa corten.<\/p>\n<p>Aquest treball es circumscriu en els esdeveniments que estem preparant per al <strong>Centenari de l&#8217;escola<\/strong>, que celebrarem el proper <strong>2025<\/strong>, especialment el 6 de setembre del 2025.<\/p>\n<p>S&#8217;ha pogut realitzar gr\u00e0cies a la <strong>subvenci\u00f3 rebuda des del Serveis Territorials de Girona del Departament d&#8217;Educaci\u00f3 i Formaci\u00f3 Professional<\/strong>.<\/p>\n<p>Esperem que us agradi. A nosaltres, molt!!!<\/p>\n<p><a href=\"https:\/\/agora.xtec.cat\/esc-joaquimruyra-blanes\/wp-content\/uploads\/usu757\/2024\/10\/1728308288571-min.jpg\"><img loading=\"lazy\" decoding=\"async\" class=\"alignnone size-large wp-image-17764\" src=\"https:\/\/agora.xtec.cat\/esc-joaquimruyra-blanes\/wp-content\/uploads\/usu757\/2024\/10\/1728308288571-min-1024x768.jpg\" alt=\"\" width=\"1024\" height=\"768\" srcset=\"https:\/\/agora.xtec.cat\/esc-joaquimruyra-blanes\/wp-content\/uploads\/usu757\/2024\/10\/1728308288571-min-1024x768.jpg 1024w, https:\/\/agora.xtec.cat\/esc-joaquimruyra-blanes\/wp-content\/uploads\/usu757\/2024\/10\/1728308288571-min-300x225.jpg 300w, https:\/\/agora.xtec.cat\/esc-joaquimruyra-blanes\/wp-content\/uploads\/usu757\/2024\/10\/1728308288571-min-768x576.jpg 768w, https:\/\/agora.xtec.cat\/esc-joaquimruyra-blanes\/wp-content\/uploads\/usu757\/2024\/10\/1728308288571-min-1536x1152.jpg 1536w, https:\/\/agora.xtec.cat\/esc-joaquimruyra-blanes\/wp-content\/uploads\/usu757\/2024\/10\/1728308288571-min-200x150.jpg 200w, https:\/\/agora.xtec.cat\/esc-joaquimruyra-blanes\/wp-content\/uploads\/usu757\/2024\/10\/1728308288571-min.jpg 1600w\" sizes=\"auto, (max-width: 1024px) 100vw, 1024px\" \/><\/a><\/p>\n<p>&nbsp;<\/p>\n","protected":false},"excerpt":{"rendered":"<p>Benvolguda fam\u00edlia,<br \/>\nEns plau anunciar-vos que avui dilluns 7 d&#8217;octubre l&#8217;empresa ESCORIZA de Blanes ens ha muntat l&#8217;enc\u00e0rrec que li vam fer del nom de l&#8217;escola, les dates del centenari i el nostre logo per a realitzar-lo en xapa corten.<br \/>\nAquest treball es circumscriu en els esdeveniments&hellip;  <a href=\"https:\/\/agora.xtec.cat\/esc-joaquimruyra-blanes\/general\/novetat\/\" title=\"Read NOVETAT!!!\">Llegeix m\u00e9s\u00bb<\/a><\/p>\n","protected":false},"author":10,"featured_media":17764,"comment_status":"closed","ping_status":"closed","sticky":false,"template":"","format":"standard","meta":{"_bbp_topic_count":0,"_bbp_reply_count":0,"_bbp_total_topic_count":0,"_bbp_total_reply_count":0,"_bbp_voice_count":0,"_bbp_anonymous_reply_count":0,"_bbp_topic_count_hidden":0,"_bbp_reply_count_hidden":0,"_bbp_forum_subforum_count":0,"footnotes":""},"categories":[1,4],"tags":[],"class_list":["post-17762","post","type-post","status-publish","format-standard","has-post-thumbnail","hentry","category-general","category-portada"],"post_mailing_queue_ids":[],"_links":{"self":[{"href":"https:\/\/agora.xtec.cat\/esc-joaquimruyra-blanes\/wp-json\/wp\/v2\/posts\/17762","targetHints":{"allow":["GET"]}}],"collection":[{"href":"https:\/\/agora.xtec.cat\/esc-joaquimruyra-blanes\/wp-json\/wp\/v2\/posts"}],"about":[{"href":"https:\/\/agora.xtec.cat\/esc-joaquimruyra-blanes\/wp-json\/wp\/v2\/types\/post"}],"author":[{"embeddable":true,"href":"https:\/\/agora.xtec.cat\/esc-joaquimruyra-blanes\/wp-json\/wp\/v2\/users\/10"}],"replies":[{"embeddable":true,"href":"https:\/\/agora.xtec.cat\/esc-joaquimruyra-blanes\/wp-json\/wp\/v2\/comments?post=17762"}],"version-history":[{"count":4,"href":"https:\/\/agora.xtec.cat\/esc-joaquimruyra-blanes\/wp-json\/wp\/v2\/posts\/17762\/revisions"}],"predecessor-version":[{"id":17767,"href":"https:\/\/agora.xtec.cat\/esc-joaquimruyra-blanes\/wp-json\/wp\/v2\/posts\/17762\/revisions\/17767"}],"wp:featuredmedia":[{"embeddable":true,"href":"https:\/\/agora.xtec.cat\/esc-joaquimruyra-blanes\/wp-json\/wp\/v2\/media\/17764"}],"wp:attachment":[{"href":"https:\/\/agora.xtec.cat\/esc-joaquimruyra-blanes\/wp-json\/wp\/v2\/media?parent=17762"}],"wp:term":[{"taxonomy":"category","embeddable":true,"href":"https:\/\/agora.xtec.cat\/esc-joaquimruyra-blanes\/wp-json\/wp\/v2\/categories?post=17762"},{"taxonomy":"post_tag","embeddable":true,"href":"https:\/\/agora.xtec.cat\/esc-joaquimruyra-blanes\/wp-json\/wp\/v2\/tags?post=17762"}],"curies":[{"name":"wp","href":"https:\/\/api.w.org\/{rel}","templated":true}]}}