{"id":17696,"date":"2024-07-02T13:37:51","date_gmt":"2024-07-02T11:37:51","guid":{"rendered":"https:\/\/agora.xtec.cat\/esc-joaquimruyra-blanes\/?p=17696"},"modified":"2024-07-02T13:37:51","modified_gmt":"2024-07-02T11:37:51","slug":"lhora-del-conte-a-i5","status":"publish","type":"post","link":"https:\/\/agora.xtec.cat\/esc-joaquimruyra-blanes\/general\/lhora-del-conte-a-i5\/","title":{"rendered":"L\u2019HORA DEL CONTE A I5"},"content":{"rendered":"<p><span style=\"font-weight: 400;\">Benvolgudes fam\u00edlies, <\/span><\/p>\n<p><span style=\"font-weight: 400;\">Al llarg del curs l\u2019hora del conte <\/span><b>ens ha acompanyat cada setmana<\/b><span style=\"font-weight: 400;\">. Aquesta estona ha estat <\/span><b>un moment d\u2019aprenentatge molt interessant<\/b><span style=\"font-weight: 400;\"> pels vostres fills i filles. Han apr\u00e8s a escoltar, a parar atenci\u00f3, a imaginar, a conversar, a reflexionar, a meravellar-se amb les hist\u00f2ries que ens brinden els \u00e0lbums il\u00b7lustrats!<\/span><\/p>\n<p><span style=\"font-weight: 400;\">Volem compartir amb vosaltres alguns moments d\u2019aquestes estones i convidar-vos a llegir amb ells aquests contes. Alguns d\u2019ells els podeu trobar a la Biblioteca Comarcal.<\/span><\/p>\n<p><iframe loading=\"lazy\" title=\"L&#039;HORA DEL CONTE A I5\" width=\"500\" height=\"281\" src=\"https:\/\/www.youtube.com\/embed\/nt-EtP1nAS4?feature=oembed\" frameborder=\"0\" allow=\"accelerometer; autoplay; clipboard-write; encrypted-media; gyroscope; picture-in-picture; web-share\" referrerpolicy=\"strict-origin-when-cross-origin\" allowfullscreen><\/iframe><\/p>\n","protected":false},"excerpt":{"rendered":"<p>Benvolgudes fam\u00edlies,<br \/>\nAl llarg del curs l\u2019hora del conte ens ha acompanyat cada setmana. Aquesta estona ha estat un moment d\u2019aprenentatge molt interessant pels vostres fills i filles. Han apr\u00e8s a escoltar, a parar atenci\u00f3, a imaginar, a conversar, a reflexionar, a meravellar-se amb les&hellip;  <a href=\"https:\/\/agora.xtec.cat\/esc-joaquimruyra-blanes\/general\/lhora-del-conte-a-i5\/\" title=\"Read L\u2019HORA DEL CONTE A I5\">Llegeix m\u00e9s\u00bb<\/a><\/p>\n","protected":false},"author":57,"featured_media":17708,"comment_status":"closed","ping_status":"closed","sticky":false,"template":"","format":"standard","meta":{"_bbp_topic_count":0,"_bbp_reply_count":0,"_bbp_total_topic_count":0,"_bbp_total_reply_count":0,"_bbp_voice_count":0,"_bbp_anonymous_reply_count":0,"_bbp_topic_count_hidden":0,"_bbp_reply_count_hidden":0,"_bbp_forum_subforum_count":0,"footnotes":""},"categories":[242,1,32,4],"tags":[],"class_list":["post-17696","post","type-post","status-publish","format-standard","has-post-thumbnail","hentry","category-curs-2023-2024","category-general","category-infantil","category-portada"],"post_mailing_queue_ids":[],"_links":{"self":[{"href":"https:\/\/agora.xtec.cat\/esc-joaquimruyra-blanes\/wp-json\/wp\/v2\/posts\/17696","targetHints":{"allow":["GET"]}}],"collection":[{"href":"https:\/\/agora.xtec.cat\/esc-joaquimruyra-blanes\/wp-json\/wp\/v2\/posts"}],"about":[{"href":"https:\/\/agora.xtec.cat\/esc-joaquimruyra-blanes\/wp-json\/wp\/v2\/types\/post"}],"author":[{"embeddable":true,"href":"https:\/\/agora.xtec.cat\/esc-joaquimruyra-blanes\/wp-json\/wp\/v2\/users\/57"}],"replies":[{"embeddable":true,"href":"https:\/\/agora.xtec.cat\/esc-joaquimruyra-blanes\/wp-json\/wp\/v2\/comments?post=17696"}],"version-history":[{"count":2,"href":"https:\/\/agora.xtec.cat\/esc-joaquimruyra-blanes\/wp-json\/wp\/v2\/posts\/17696\/revisions"}],"predecessor-version":[{"id":17709,"href":"https:\/\/agora.xtec.cat\/esc-joaquimruyra-blanes\/wp-json\/wp\/v2\/posts\/17696\/revisions\/17709"}],"wp:featuredmedia":[{"embeddable":true,"href":"https:\/\/agora.xtec.cat\/esc-joaquimruyra-blanes\/wp-json\/wp\/v2\/media\/17708"}],"wp:attachment":[{"href":"https:\/\/agora.xtec.cat\/esc-joaquimruyra-blanes\/wp-json\/wp\/v2\/media?parent=17696"}],"wp:term":[{"taxonomy":"category","embeddable":true,"href":"https:\/\/agora.xtec.cat\/esc-joaquimruyra-blanes\/wp-json\/wp\/v2\/categories?post=17696"},{"taxonomy":"post_tag","embeddable":true,"href":"https:\/\/agora.xtec.cat\/esc-joaquimruyra-blanes\/wp-json\/wp\/v2\/tags?post=17696"}],"curies":[{"name":"wp","href":"https:\/\/api.w.org\/{rel}","templated":true}]}}