{"id":17636,"date":"2024-06-21T14:05:12","date_gmt":"2024-06-21T12:05:12","guid":{"rendered":"https:\/\/agora.xtec.cat\/esc-joaquimruyra-blanes\/?p=17636"},"modified":"2024-09-09T14:01:41","modified_gmt":"2024-09-09T12:01:41","slug":"ultim-dia-de-curs","status":"publish","type":"post","link":"https:\/\/agora.xtec.cat\/esc-joaquimruyra-blanes\/general\/ultim-dia-de-curs\/","title":{"rendered":"\u00daltim dia de curs!"},"content":{"rendered":"<p>Benvolgudes fam\u00edlies!<br \/>\nAvui ha estat un dia molt emotiu. Hem acomiadat l&#8217;alumnat de 6\u00e8 amb un espectacle ple d&#8217;actuacions fascinants. Hem quedat bocabadats! Tamb\u00e9 han rebut una magn\u00edfica orla subvencionada per l&#8217;AFA de l&#8217;escola. Gr\u00e0cies als nens i nenes de 6\u00e8 per haver compartit aquests anys amb nosaltres i esperem que us vagi molt b\u00e9 la nova etapa a l&#8217;Institut.<\/p>\n<p>Quan ha acabat l&#8217;espectacle, l&#8217;alumnat de 6\u00e8 ha pintat les mans al mur del pati de l&#8217;escola. La promoci\u00f3 2015-2024 sempre estar\u00e0 present a l&#8217;escola de La Vila.<\/p>\n<p>Despr\u00e9s hem anat a gaudir de l&#8217;\u00faltim pati. Hem escoltat m\u00fasica i ballat sense parar. A m\u00e9s, l&#8217;AFA ens ha donat un gelat ben fresquet que hem menjat amb molt de gust.<\/p>\n<p>Hem acabat el mat\u00ed acomiadant-nos dels companys\/es i les mestres de l&#8217;escola.<\/p>\n<p>Finalitzem aquest curs amb molta emoci\u00f3. Ens retrobem el curs vinent!<\/p>\n<p>Fins aviat!<\/p>\n<p>Aqu\u00ed us deixem un recull de v\u00eddeos i fotos:<\/p>\n<p><iframe loading=\"lazy\" title=\"Recull v\u00eddeos actuacions\" width=\"500\" height=\"281\" src=\"https:\/\/www.youtube.com\/embed\/Bf4Dp4K4yG4?feature=oembed\" frameborder=\"0\" allow=\"accelerometer; autoplay; clipboard-write; encrypted-media; gyroscope; picture-in-picture; web-share\" referrerpolicy=\"strict-origin-when-cross-origin\" allowfullscreen><\/iframe><\/p>\n<p><iframe loading=\"lazy\" title=\"Recull fotos\" width=\"500\" height=\"281\" src=\"https:\/\/www.youtube.com\/embed\/l65_ws06mkQ?feature=oembed\" frameborder=\"0\" allow=\"accelerometer; autoplay; clipboard-write; encrypted-media; gyroscope; picture-in-picture; web-share\" referrerpolicy=\"strict-origin-when-cross-origin\" allowfullscreen><\/iframe><\/p>\n<p>&nbsp;<\/p>\n<p><iframe loading=\"lazy\" title=\"Entrega d&#039;orles\" width=\"500\" height=\"281\" src=\"https:\/\/www.youtube.com\/embed\/mChjhqTpoK0?feature=oembed\" frameborder=\"0\" allow=\"accelerometer; autoplay; clipboard-write; encrypted-media; gyroscope; picture-in-picture; web-share\" referrerpolicy=\"strict-origin-when-cross-origin\" allowfullscreen><\/iframe><\/p>\n<p>&nbsp;<\/p>\n","protected":false},"excerpt":{"rendered":"<p>Benvolgudes fam\u00edlies!<br \/>\nAvui ha estat un dia molt emotiu. Hem acomiadat l&#8217;alumnat de 6\u00e8 amb un espectacle ple d&#8217;actuacions fascinants. Hem quedat bocabadats! Tamb\u00e9 han rebut una magn\u00edfica orla subvencionada per l&#8217;AFA de l&#8217;escola. Gr\u00e0cies als nens i nenes de 6\u00e8 per haver compartit aquests anys&hellip;  <a href=\"https:\/\/agora.xtec.cat\/esc-joaquimruyra-blanes\/general\/ultim-dia-de-curs\/\" title=\"Read \u00daltim dia de curs!\">Llegeix m\u00e9s\u00bb<\/a><\/p>\n","protected":false},"author":40,"featured_media":17653,"comment_status":"closed","ping_status":"closed","sticky":false,"template":"","format":"standard","meta":{"_bbp_topic_count":0,"_bbp_reply_count":0,"_bbp_total_topic_count":0,"_bbp_total_reply_count":0,"_bbp_voice_count":0,"_bbp_anonymous_reply_count":0,"_bbp_topic_count_hidden":0,"_bbp_reply_count_hidden":0,"_bbp_forum_subforum_count":0,"footnotes":""},"categories":[242,1,32,4,39],"tags":[],"class_list":["post-17636","post","type-post","status-publish","format-standard","has-post-thumbnail","hentry","category-curs-2023-2024","category-general","category-infantil","category-portada","category-primaria"],"post_mailing_queue_ids":[],"_links":{"self":[{"href":"https:\/\/agora.xtec.cat\/esc-joaquimruyra-blanes\/wp-json\/wp\/v2\/posts\/17636","targetHints":{"allow":["GET"]}}],"collection":[{"href":"https:\/\/agora.xtec.cat\/esc-joaquimruyra-blanes\/wp-json\/wp\/v2\/posts"}],"about":[{"href":"https:\/\/agora.xtec.cat\/esc-joaquimruyra-blanes\/wp-json\/wp\/v2\/types\/post"}],"author":[{"embeddable":true,"href":"https:\/\/agora.xtec.cat\/esc-joaquimruyra-blanes\/wp-json\/wp\/v2\/users\/40"}],"replies":[{"embeddable":true,"href":"https:\/\/agora.xtec.cat\/esc-joaquimruyra-blanes\/wp-json\/wp\/v2\/comments?post=17636"}],"version-history":[{"count":6,"href":"https:\/\/agora.xtec.cat\/esc-joaquimruyra-blanes\/wp-json\/wp\/v2\/posts\/17636\/revisions"}],"predecessor-version":[{"id":17692,"href":"https:\/\/agora.xtec.cat\/esc-joaquimruyra-blanes\/wp-json\/wp\/v2\/posts\/17636\/revisions\/17692"}],"wp:featuredmedia":[{"embeddable":true,"href":"https:\/\/agora.xtec.cat\/esc-joaquimruyra-blanes\/wp-json\/wp\/v2\/media\/17653"}],"wp:attachment":[{"href":"https:\/\/agora.xtec.cat\/esc-joaquimruyra-blanes\/wp-json\/wp\/v2\/media?parent=17636"}],"wp:term":[{"taxonomy":"category","embeddable":true,"href":"https:\/\/agora.xtec.cat\/esc-joaquimruyra-blanes\/wp-json\/wp\/v2\/categories?post=17636"},{"taxonomy":"post_tag","embeddable":true,"href":"https:\/\/agora.xtec.cat\/esc-joaquimruyra-blanes\/wp-json\/wp\/v2\/tags?post=17636"}],"curies":[{"name":"wp","href":"https:\/\/api.w.org\/{rel}","templated":true}]}}