{"id":17615,"date":"2024-06-20T13:46:53","date_gmt":"2024-06-20T11:46:53","guid":{"rendered":"https:\/\/agora.xtec.cat\/esc-joaquimruyra-blanes\/?p=17615"},"modified":"2024-06-20T13:46:53","modified_gmt":"2024-06-20T11:46:53","slug":"portes-obertes-3r-trimestre","status":"publish","type":"post","link":"https:\/\/agora.xtec.cat\/esc-joaquimruyra-blanes\/general\/portes-obertes-3r-trimestre\/","title":{"rendered":"Portes obertes (3r trimestre)"},"content":{"rendered":"<p>&nbsp;<\/p>\n<p>El passat dimecres 12 de juny vam celebrar el dia de <strong>portes obertes<\/strong> on el nostre alumnat va poder exposar els treballs\u00a0<span class=\"hiddenGreenError\" style=\"padding-bottom: 2px; background-image: url('..\/..\/..\/..\/..\/images\/squiggle_green.png'); background-repeat: repeat-x; background-position: left bottom; cursor: default; color: #000000; font-family: 'Open Sans', Helvetica, Arial, sans-serif; font-size: 16px; font-style: normal; font-variant-ligatures: normal; font-variant-caps: normal; font-weight: 300; letter-spacing: normal; orphans: 2; text-align: start; text-indent: 0px; text-transform: none; white-space: normal; widows: 2; word-spacing: 0px; -webkit-text-stroke-width: 0px; text-decoration-thickness: initial; text-decoration-style: initial; text-decoration-color: initial;\">realitzats<\/span>\u00a0durant el tercer trimestre i durant la setmana del mar.<\/p>\n<p>Tamb\u00e9 es va posar una capsa on les fam\u00edlies podien ressaltar dos aspectes positius de l&#8217;escola i un desig a millorar. En l\u00ednies generals podem dir que tothom est\u00e0 molt content de l&#8217;ambient que es respira entre l&#8217;alumnat, entre l&#8217;alumnat i les mestres i els aspectes a millorar s&#8217;han recollit per tenir en compte en cursos posteriors!<\/p>\n<p>Us deixem un recull per poder tornar a gaudir d&#8217;aquest dia tan maco!!<\/p>\n<p><iframe loading=\"lazy\" title=\"Portes obertes juny\" width=\"500\" height=\"281\" src=\"https:\/\/www.youtube.com\/embed\/pzxN29d26PU?feature=oembed\" frameborder=\"0\" allow=\"accelerometer; autoplay; clipboard-write; encrypted-media; gyroscope; picture-in-picture; web-share\" referrerpolicy=\"strict-origin-when-cross-origin\" allowfullscreen><\/iframe><\/p>\n","protected":false},"excerpt":{"rendered":"<p>&nbsp;<br \/>\nEl passat dimecres 12 de juny vam celebrar el dia de portes obertes on el nostre alumnat va poder exposar els treballs\u00a0realitzats\u00a0durant el tercer trimestre i durant la setmana del mar.<br \/>\nTamb\u00e9 es va posar una capsa on les fam\u00edlies podien ressaltar dos aspectes positius de&hellip;  <a href=\"https:\/\/agora.xtec.cat\/esc-joaquimruyra-blanes\/general\/portes-obertes-3r-trimestre\/\" title=\"Read Portes obertes (3r trimestre)\">Llegeix m\u00e9s\u00bb<\/a><\/p>\n","protected":false},"author":11,"featured_media":17622,"comment_status":"closed","ping_status":"closed","sticky":false,"template":"","format":"standard","meta":{"_bbp_topic_count":0,"_bbp_reply_count":0,"_bbp_total_topic_count":0,"_bbp_total_reply_count":0,"_bbp_voice_count":0,"_bbp_anonymous_reply_count":0,"_bbp_topic_count_hidden":0,"_bbp_reply_count_hidden":0,"_bbp_forum_subforum_count":0,"footnotes":""},"categories":[242,1,32,4,39],"tags":[],"class_list":["post-17615","post","type-post","status-publish","format-standard","has-post-thumbnail","hentry","category-curs-2023-2024","category-general","category-infantil","category-portada","category-primaria"],"post_mailing_queue_ids":[],"_links":{"self":[{"href":"https:\/\/agora.xtec.cat\/esc-joaquimruyra-blanes\/wp-json\/wp\/v2\/posts\/17615","targetHints":{"allow":["GET"]}}],"collection":[{"href":"https:\/\/agora.xtec.cat\/esc-joaquimruyra-blanes\/wp-json\/wp\/v2\/posts"}],"about":[{"href":"https:\/\/agora.xtec.cat\/esc-joaquimruyra-blanes\/wp-json\/wp\/v2\/types\/post"}],"author":[{"embeddable":true,"href":"https:\/\/agora.xtec.cat\/esc-joaquimruyra-blanes\/wp-json\/wp\/v2\/users\/11"}],"replies":[{"embeddable":true,"href":"https:\/\/agora.xtec.cat\/esc-joaquimruyra-blanes\/wp-json\/wp\/v2\/comments?post=17615"}],"version-history":[{"count":6,"href":"https:\/\/agora.xtec.cat\/esc-joaquimruyra-blanes\/wp-json\/wp\/v2\/posts\/17615\/revisions"}],"predecessor-version":[{"id":17627,"href":"https:\/\/agora.xtec.cat\/esc-joaquimruyra-blanes\/wp-json\/wp\/v2\/posts\/17615\/revisions\/17627"}],"wp:featuredmedia":[{"embeddable":true,"href":"https:\/\/agora.xtec.cat\/esc-joaquimruyra-blanes\/wp-json\/wp\/v2\/media\/17622"}],"wp:attachment":[{"href":"https:\/\/agora.xtec.cat\/esc-joaquimruyra-blanes\/wp-json\/wp\/v2\/media?parent=17615"}],"wp:term":[{"taxonomy":"category","embeddable":true,"href":"https:\/\/agora.xtec.cat\/esc-joaquimruyra-blanes\/wp-json\/wp\/v2\/categories?post=17615"},{"taxonomy":"post_tag","embeddable":true,"href":"https:\/\/agora.xtec.cat\/esc-joaquimruyra-blanes\/wp-json\/wp\/v2\/tags?post=17615"}],"curies":[{"name":"wp","href":"https:\/\/api.w.org\/{rel}","templated":true}]}}