{"id":17608,"date":"2024-06-18T10:35:25","date_gmt":"2024-06-18T08:35:25","guid":{"rendered":"https:\/\/agora.xtec.cat\/esc-joaquimruyra-blanes\/?p=17608"},"modified":"2024-06-18T10:35:25","modified_gmt":"2024-06-18T08:35:25","slug":"setmana-del-mar-a-infantil-2","status":"publish","type":"post","link":"https:\/\/agora.xtec.cat\/esc-joaquimruyra-blanes\/portada\/setmana-del-mar-a-infantil-2\/","title":{"rendered":"SETMANA DEL MAR A INFANTIL"},"content":{"rendered":"<p><span style=\"font-weight: 400;\">Benvolgudes fam\u00edlies d&#8217;infantil,<\/span><\/p>\n<p><span style=\"font-weight: 400;\">Dels dies 3 al 7 de juny vam celebrar la SETMANA DEL MAR. Vam fer un taller de maquillatge i diferents espais d\u2019aprenentatge amb la tem\u00e0tica del mar. Per fer la cloenda d\u2019aquesta fant\u00e0stica setmana vam fer una sortida fins el port de Blanes, anant caminant i tornant en trenet. Ens va encantar i ens ho vam passar d\u2019all\u00f2 m\u00e9s b\u00e9.<\/span><\/p>\n<p><span style=\"font-weight: 400;\">Aqu\u00ed teniu un v\u00eddeo i l\u2019\u00e0lbum de fotos de la sortida.<\/span><\/p>\n<p><a href=\"https:\/\/drive.google.com\/file\/d\/1I_qIREEu19RjWQZnlNkLr7SCpj3wDOa_\/view?usp=drive_link\"><img loading=\"lazy\" decoding=\"async\" class=\"alignnone size-large wp-image-17609\" src=\"https:\/\/agora.xtec.cat\/esc-joaquimruyra-blanes\/wp-content\/uploads\/usu757\/2024\/06\/FOTO-VIDEO-SETMANA-MAR-1024x576.jpg\" alt=\"\" width=\"1024\" height=\"576\" srcset=\"https:\/\/agora.xtec.cat\/esc-joaquimruyra-blanes\/wp-content\/uploads\/usu757\/2024\/06\/FOTO-VIDEO-SETMANA-MAR-1024x576.jpg 1024w, https:\/\/agora.xtec.cat\/esc-joaquimruyra-blanes\/wp-content\/uploads\/usu757\/2024\/06\/FOTO-VIDEO-SETMANA-MAR-300x169.jpg 300w, https:\/\/agora.xtec.cat\/esc-joaquimruyra-blanes\/wp-content\/uploads\/usu757\/2024\/06\/FOTO-VIDEO-SETMANA-MAR-768x432.jpg 768w, https:\/\/agora.xtec.cat\/esc-joaquimruyra-blanes\/wp-content\/uploads\/usu757\/2024\/06\/FOTO-VIDEO-SETMANA-MAR-1536x864.jpg 1536w, https:\/\/agora.xtec.cat\/esc-joaquimruyra-blanes\/wp-content\/uploads\/usu757\/2024\/06\/FOTO-VIDEO-SETMANA-MAR.jpg 1920w\" sizes=\"auto, (max-width: 1024px) 100vw, 1024px\" \/><\/a><\/p>\n<p><a href=\"https:\/\/photos.app.goo.gl\/KLsEdeUzUpy2a9uL8\" target=\"_blank\" rel=\"noopener\"><img loading=\"lazy\" decoding=\"async\" class=\"alignnone size-large wp-image-17610\" src=\"https:\/\/agora.xtec.cat\/esc-joaquimruyra-blanes\/wp-content\/uploads\/usu757\/2024\/06\/FOTOS-SORTIDA-SETMANA-MAR-1024x576.jpg\" alt=\"\" width=\"1024\" height=\"576\" srcset=\"https:\/\/agora.xtec.cat\/esc-joaquimruyra-blanes\/wp-content\/uploads\/usu757\/2024\/06\/FOTOS-SORTIDA-SETMANA-MAR-1024x576.jpg 1024w, https:\/\/agora.xtec.cat\/esc-joaquimruyra-blanes\/wp-content\/uploads\/usu757\/2024\/06\/FOTOS-SORTIDA-SETMANA-MAR-300x169.jpg 300w, https:\/\/agora.xtec.cat\/esc-joaquimruyra-blanes\/wp-content\/uploads\/usu757\/2024\/06\/FOTOS-SORTIDA-SETMANA-MAR-768x432.jpg 768w, https:\/\/agora.xtec.cat\/esc-joaquimruyra-blanes\/wp-content\/uploads\/usu757\/2024\/06\/FOTOS-SORTIDA-SETMANA-MAR-1536x864.jpg 1536w, https:\/\/agora.xtec.cat\/esc-joaquimruyra-blanes\/wp-content\/uploads\/usu757\/2024\/06\/FOTOS-SORTIDA-SETMANA-MAR.jpg 1920w\" sizes=\"auto, (max-width: 1024px) 100vw, 1024px\" \/><\/a><\/p>\n","protected":false},"excerpt":{"rendered":"<p>Benvolgudes fam\u00edlies d&#8217;infantil,<br \/>\nDels dies 3 al 7 de juny vam celebrar la SETMANA DEL MAR. Vam fer un taller de maquillatge i diferents espais d\u2019aprenentatge amb la tem\u00e0tica del mar. Per fer la cloenda d\u2019aquesta fant\u00e0stica setmana vam fer una sortida fins el port de&hellip;  <a href=\"https:\/\/agora.xtec.cat\/esc-joaquimruyra-blanes\/portada\/setmana-del-mar-a-infantil-2\/\" title=\"Read SETMANA DEL MAR A INFANTIL\">Llegeix m\u00e9s\u00bb<\/a><\/p>\n","protected":false},"author":1,"featured_media":0,"comment_status":"closed","ping_status":"closed","sticky":false,"template":"","format":"standard","meta":{"_bbp_topic_count":0,"_bbp_reply_count":0,"_bbp_total_topic_count":0,"_bbp_total_reply_count":0,"_bbp_voice_count":0,"_bbp_anonymous_reply_count":0,"_bbp_topic_count_hidden":0,"_bbp_reply_count_hidden":0,"_bbp_forum_subforum_count":0,"footnotes":""},"categories":[242,32,4],"tags":[],"class_list":["post-17608","post","type-post","status-publish","format-standard","hentry","category-curs-2023-2024","category-infantil","category-portada"],"post_mailing_queue_ids":[],"_links":{"self":[{"href":"https:\/\/agora.xtec.cat\/esc-joaquimruyra-blanes\/wp-json\/wp\/v2\/posts\/17608","targetHints":{"allow":["GET"]}}],"collection":[{"href":"https:\/\/agora.xtec.cat\/esc-joaquimruyra-blanes\/wp-json\/wp\/v2\/posts"}],"about":[{"href":"https:\/\/agora.xtec.cat\/esc-joaquimruyra-blanes\/wp-json\/wp\/v2\/types\/post"}],"author":[{"embeddable":true,"href":"https:\/\/agora.xtec.cat\/esc-joaquimruyra-blanes\/wp-json\/wp\/v2\/users\/1"}],"replies":[{"embeddable":true,"href":"https:\/\/agora.xtec.cat\/esc-joaquimruyra-blanes\/wp-json\/wp\/v2\/comments?post=17608"}],"version-history":[{"count":2,"href":"https:\/\/agora.xtec.cat\/esc-joaquimruyra-blanes\/wp-json\/wp\/v2\/posts\/17608\/revisions"}],"predecessor-version":[{"id":17612,"href":"https:\/\/agora.xtec.cat\/esc-joaquimruyra-blanes\/wp-json\/wp\/v2\/posts\/17608\/revisions\/17612"}],"wp:attachment":[{"href":"https:\/\/agora.xtec.cat\/esc-joaquimruyra-blanes\/wp-json\/wp\/v2\/media?parent=17608"}],"wp:term":[{"taxonomy":"category","embeddable":true,"href":"https:\/\/agora.xtec.cat\/esc-joaquimruyra-blanes\/wp-json\/wp\/v2\/categories?post=17608"},{"taxonomy":"post_tag","embeddable":true,"href":"https:\/\/agora.xtec.cat\/esc-joaquimruyra-blanes\/wp-json\/wp\/v2\/tags?post=17608"}],"curies":[{"name":"wp","href":"https:\/\/api.w.org\/{rel}","templated":true}]}}