{"id":17414,"date":"2024-05-07T15:08:35","date_gmt":"2024-05-07T13:08:35","guid":{"rendered":"https:\/\/agora.xtec.cat\/esc-joaquimruyra-blanes\/?p=17414"},"modified":"2024-05-07T15:08:35","modified_gmt":"2024-05-07T13:08:35","slug":"la-vila-participa-a-la-cantata-de-la-clika","status":"publish","type":"post","link":"https:\/\/agora.xtec.cat\/esc-joaquimruyra-blanes\/general\/la-vila-participa-a-la-cantata-de-la-clika\/","title":{"rendered":"La Vila participa a la cantata de La Clika!"},"content":{"rendered":"<p>El passat 29 d&#8217;abril, els nens i les nenes de 2n de Prim\u00e0ria van anar al teatre de Blanes per participar i interpretar les can\u00e7ons de La Clika. Va ser tot un \u00e8xit!<\/p>\n<p>Amb entusiasme i alegria, els petits artistes van conquerir l&#8217;escenari amb les seves veus i coreografies. El teatre es va omplir d&#8217;energia i emoci\u00f3 mentre els nens i les nenes compartien amb el p\u00fablic el seu talent i treball en equip que han estat realitzant durant el curs.<\/p>\n<p>Aix\u00ed, aquesta experi\u00e8ncia no nom\u00e9s els va permetre cr\u00e9ixer art\u00edsticament, sin\u00f3 que tamb\u00e9 han pogut desenvolupar valors latents en la nostra societat, afavorint el seu creixement personal.<\/p>\n<p>Enhorabona, nens i nenes de 2n!<\/p>\n\n\t\t<style type=\"text\/css\">\n\t\t\t#gallery-1 {\n\t\t\t\tmargin: auto;\n\t\t\t}\n\t\t\t#gallery-1 .gallery-item {\n\t\t\t\tfloat: left;\n\t\t\t\tmargin-top: 10px;\n\t\t\t\ttext-align: center;\n\t\t\t\twidth: 100%;\n\t\t\t}\n\t\t\t#gallery-1 img {\n\t\t\t\tborder: 2px solid #cfcfcf;\n\t\t\t}\n\t\t\t#gallery-1 .gallery-caption {\n\t\t\t\tmargin-left: 0;\n\t\t\t}\n\t\t\t\/* see gallery_shortcode() in wp-includes\/media.php *\/\n\t\t<\/style>\n\t\t<div id='gallery-1' class='gallery galleryid-17414 gallery-columns-1 gallery-size-full'><dl class='gallery-item'>\n\t\t\t<dt class='gallery-icon landscape'>\n\t\t\t\t<a href='https:\/\/agora.xtec.cat\/esc-joaquimruyra-blanes\/general\/la-vila-participa-a-la-cantata-de-la-clika\/attachment\/2909c2b0-0dfa-42ff-9277-5e2874ec7a8d\/'><img loading=\"lazy\" decoding=\"async\" width=\"1600\" height=\"900\" src=\"https:\/\/agora.xtec.cat\/esc-joaquimruyra-blanes\/wp-content\/uploads\/usu757\/2024\/05\/2909c2b0-0dfa-42ff-9277-5e2874ec7a8d.jpg\" class=\"attachment-full size-full\" alt=\"\" srcset=\"https:\/\/agora.xtec.cat\/esc-joaquimruyra-blanes\/wp-content\/uploads\/usu757\/2024\/05\/2909c2b0-0dfa-42ff-9277-5e2874ec7a8d.jpg 1600w, https:\/\/agora.xtec.cat\/esc-joaquimruyra-blanes\/wp-content\/uploads\/usu757\/2024\/05\/2909c2b0-0dfa-42ff-9277-5e2874ec7a8d-300x169.jpg 300w, https:\/\/agora.xtec.cat\/esc-joaquimruyra-blanes\/wp-content\/uploads\/usu757\/2024\/05\/2909c2b0-0dfa-42ff-9277-5e2874ec7a8d-1024x576.jpg 1024w, https:\/\/agora.xtec.cat\/esc-joaquimruyra-blanes\/wp-content\/uploads\/usu757\/2024\/05\/2909c2b0-0dfa-42ff-9277-5e2874ec7a8d-768x432.jpg 768w, https:\/\/agora.xtec.cat\/esc-joaquimruyra-blanes\/wp-content\/uploads\/usu757\/2024\/05\/2909c2b0-0dfa-42ff-9277-5e2874ec7a8d-1536x864.jpg 1536w\" sizes=\"auto, (max-width: 1600px) 100vw, 1600px\" \/><\/a>\n\t\t\t<\/dt><\/dl><br style=\"clear: both\" \/><dl class='gallery-item'>\n\t\t\t<dt class='gallery-icon landscape'>\n\t\t\t\t<a href='https:\/\/agora.xtec.cat\/esc-joaquimruyra-blanes\/general\/la-vila-participa-a-la-cantata-de-la-clika\/attachment\/bfb0574a-0fb4-48da-9d21-a7963e8d0034\/'><img loading=\"lazy\" decoding=\"async\" width=\"1600\" height=\"1200\" src=\"https:\/\/agora.xtec.cat\/esc-joaquimruyra-blanes\/wp-content\/uploads\/usu757\/2024\/05\/bfb0574a-0fb4-48da-9d21-a7963e8d0034.jpg\" class=\"attachment-full size-full\" alt=\"\" srcset=\"https:\/\/agora.xtec.cat\/esc-joaquimruyra-blanes\/wp-content\/uploads\/usu757\/2024\/05\/bfb0574a-0fb4-48da-9d21-a7963e8d0034.jpg 1600w, https:\/\/agora.xtec.cat\/esc-joaquimruyra-blanes\/wp-content\/uploads\/usu757\/2024\/05\/bfb0574a-0fb4-48da-9d21-a7963e8d0034-300x225.jpg 300w, https:\/\/agora.xtec.cat\/esc-joaquimruyra-blanes\/wp-content\/uploads\/usu757\/2024\/05\/bfb0574a-0fb4-48da-9d21-a7963e8d0034-1024x768.jpg 1024w, https:\/\/agora.xtec.cat\/esc-joaquimruyra-blanes\/wp-content\/uploads\/usu757\/2024\/05\/bfb0574a-0fb4-48da-9d21-a7963e8d0034-768x576.jpg 768w, https:\/\/agora.xtec.cat\/esc-joaquimruyra-blanes\/wp-content\/uploads\/usu757\/2024\/05\/bfb0574a-0fb4-48da-9d21-a7963e8d0034-1536x1152.jpg 1536w, https:\/\/agora.xtec.cat\/esc-joaquimruyra-blanes\/wp-content\/uploads\/usu757\/2024\/05\/bfb0574a-0fb4-48da-9d21-a7963e8d0034-200x150.jpg 200w\" sizes=\"auto, (max-width: 1600px) 100vw, 1600px\" \/><\/a>\n\t\t\t<\/dt><\/dl><br style=\"clear: both\" \/><dl class='gallery-item'>\n\t\t\t<dt class='gallery-icon portrait'>\n\t\t\t\t<a href='https:\/\/agora.xtec.cat\/esc-joaquimruyra-blanes\/general\/la-vila-participa-a-la-cantata-de-la-clika\/attachment\/5ef1f979-33fa-493b-9bd7-68355cd93bfc\/'><img loading=\"lazy\" decoding=\"async\" width=\"1200\" height=\"1600\" src=\"https:\/\/agora.xtec.cat\/esc-joaquimruyra-blanes\/wp-content\/uploads\/usu757\/2024\/05\/5ef1f979-33fa-493b-9bd7-68355cd93bfc.jpg\" class=\"attachment-full size-full\" alt=\"\" srcset=\"https:\/\/agora.xtec.cat\/esc-joaquimruyra-blanes\/wp-content\/uploads\/usu757\/2024\/05\/5ef1f979-33fa-493b-9bd7-68355cd93bfc.jpg 1200w, https:\/\/agora.xtec.cat\/esc-joaquimruyra-blanes\/wp-content\/uploads\/usu757\/2024\/05\/5ef1f979-33fa-493b-9bd7-68355cd93bfc-225x300.jpg 225w, https:\/\/agora.xtec.cat\/esc-joaquimruyra-blanes\/wp-content\/uploads\/usu757\/2024\/05\/5ef1f979-33fa-493b-9bd7-68355cd93bfc-768x1024.jpg 768w, https:\/\/agora.xtec.cat\/esc-joaquimruyra-blanes\/wp-content\/uploads\/usu757\/2024\/05\/5ef1f979-33fa-493b-9bd7-68355cd93bfc-1152x1536.jpg 1152w\" sizes=\"auto, (max-width: 1200px) 100vw, 1200px\" \/><\/a>\n\t\t\t<\/dt><\/dl><br style=\"clear: both\" \/><dl class='gallery-item'>\n\t\t\t<dt class='gallery-icon landscape'>\n\t\t\t\t<a href='https:\/\/agora.xtec.cat\/esc-joaquimruyra-blanes\/general\/la-vila-participa-a-la-cantata-de-la-clika\/attachment\/whatsapp-image-2024-05-07-at-10-30-37\/'><img loading=\"lazy\" decoding=\"async\" width=\"2048\" height=\"1536\" src=\"https:\/\/agora.xtec.cat\/esc-joaquimruyra-blanes\/wp-content\/uploads\/usu757\/2024\/05\/WhatsApp-Image-2024-05-07-at-10.30.37.jpeg\" class=\"attachment-full size-full\" alt=\"\" srcset=\"https:\/\/agora.xtec.cat\/esc-joaquimruyra-blanes\/wp-content\/uploads\/usu757\/2024\/05\/WhatsApp-Image-2024-05-07-at-10.30.37.jpeg 2048w, https:\/\/agora.xtec.cat\/esc-joaquimruyra-blanes\/wp-content\/uploads\/usu757\/2024\/05\/WhatsApp-Image-2024-05-07-at-10.30.37-300x225.jpeg 300w, https:\/\/agora.xtec.cat\/esc-joaquimruyra-blanes\/wp-content\/uploads\/usu757\/2024\/05\/WhatsApp-Image-2024-05-07-at-10.30.37-1024x768.jpeg 1024w, https:\/\/agora.xtec.cat\/esc-joaquimruyra-blanes\/wp-content\/uploads\/usu757\/2024\/05\/WhatsApp-Image-2024-05-07-at-10.30.37-768x576.jpeg 768w, https:\/\/agora.xtec.cat\/esc-joaquimruyra-blanes\/wp-content\/uploads\/usu757\/2024\/05\/WhatsApp-Image-2024-05-07-at-10.30.37-1536x1152.jpeg 1536w, https:\/\/agora.xtec.cat\/esc-joaquimruyra-blanes\/wp-content\/uploads\/usu757\/2024\/05\/WhatsApp-Image-2024-05-07-at-10.30.37-200x150.jpeg 200w\" sizes=\"auto, (max-width: 2048px) 100vw, 2048px\" \/><\/a>\n\t\t\t<\/dt><\/dl><br style=\"clear: both\" \/>\n\t\t<\/div>\n\n<div style=\"width: 848px;\" class=\"wp-video\"><!--[if lt IE 9]><script>document.createElement('video');<\/script><![endif]-->\n<video class=\"wp-video-shortcode\" id=\"video-17414-1\" width=\"848\" height=\"480\" preload=\"metadata\" controls=\"controls\"><source type=\"video\/mp4\" src=\"https:\/\/agora.xtec.cat\/esc-joaquimruyra-blanes\/wp-content\/uploads\/usu757\/2024\/05\/1-d6rdqo90-5x0q8kvs_aQ8DsJbv.mp4?_=1\" \/><a href=\"https:\/\/agora.xtec.cat\/esc-joaquimruyra-blanes\/wp-content\/uploads\/usu757\/2024\/05\/1-d6rdqo90-5x0q8kvs_aQ8DsJbv.mp4\">https:\/\/agora.xtec.cat\/esc-joaquimruyra-blanes\/wp-content\/uploads\/usu757\/2024\/05\/1-d6rdqo90-5x0q8kvs_aQ8DsJbv.mp4<\/a><\/video><\/div>\n","protected":false},"excerpt":{"rendered":"<p>El passat 29 d&#8217;abril, els nens i les nenes de 2n de Prim\u00e0ria van anar al teatre de Blanes per participar i interpretar les can\u00e7ons de La Clika. Va ser tot un \u00e8xit!&hellip;  <a href=\"https:\/\/agora.xtec.cat\/esc-joaquimruyra-blanes\/general\/la-vila-participa-a-la-cantata-de-la-clika\/\" title=\"Read La Vila participa a la cantata de La Clika!\">Llegeix m\u00e9s\u00bb<\/a><\/p>\n","protected":false},"author":16,"featured_media":0,"comment_status":"closed","ping_status":"closed","sticky":false,"template":"","format":"standard","meta":{"_bbp_topic_count":0,"_bbp_reply_count":0,"_bbp_total_topic_count":0,"_bbp_total_reply_count":0,"_bbp_voice_count":0,"_bbp_anonymous_reply_count":0,"_bbp_topic_count_hidden":0,"_bbp_reply_count_hidden":0,"_bbp_forum_subforum_count":0,"footnotes":""},"categories":[23,242,1,4],"tags":[],"class_list":["post-17414","post","type-post","status-publish","format-standard","hentry","category-2n","category-curs-2023-2024","category-general","category-portada"],"post_mailing_queue_ids":[],"_links":{"self":[{"href":"https:\/\/agora.xtec.cat\/esc-joaquimruyra-blanes\/wp-json\/wp\/v2\/posts\/17414","targetHints":{"allow":["GET"]}}],"collection":[{"href":"https:\/\/agora.xtec.cat\/esc-joaquimruyra-blanes\/wp-json\/wp\/v2\/posts"}],"about":[{"href":"https:\/\/agora.xtec.cat\/esc-joaquimruyra-blanes\/wp-json\/wp\/v2\/types\/post"}],"author":[{"embeddable":true,"href":"https:\/\/agora.xtec.cat\/esc-joaquimruyra-blanes\/wp-json\/wp\/v2\/users\/16"}],"replies":[{"embeddable":true,"href":"https:\/\/agora.xtec.cat\/esc-joaquimruyra-blanes\/wp-json\/wp\/v2\/comments?post=17414"}],"version-history":[{"count":2,"href":"https:\/\/agora.xtec.cat\/esc-joaquimruyra-blanes\/wp-json\/wp\/v2\/posts\/17414\/revisions"}],"predecessor-version":[{"id":17421,"href":"https:\/\/agora.xtec.cat\/esc-joaquimruyra-blanes\/wp-json\/wp\/v2\/posts\/17414\/revisions\/17421"}],"wp:attachment":[{"href":"https:\/\/agora.xtec.cat\/esc-joaquimruyra-blanes\/wp-json\/wp\/v2\/media?parent=17414"}],"wp:term":[{"taxonomy":"category","embeddable":true,"href":"https:\/\/agora.xtec.cat\/esc-joaquimruyra-blanes\/wp-json\/wp\/v2\/categories?post=17414"},{"taxonomy":"post_tag","embeddable":true,"href":"https:\/\/agora.xtec.cat\/esc-joaquimruyra-blanes\/wp-json\/wp\/v2\/tags?post=17414"}],"curies":[{"name":"wp","href":"https:\/\/api.w.org\/{rel}","templated":true}]}}