{"id":17362,"date":"2024-04-25T11:43:12","date_gmt":"2024-04-25T09:43:12","guid":{"rendered":"https:\/\/agora.xtec.cat\/esc-joaquimruyra-blanes\/?p=17362"},"modified":"2024-04-25T18:15:44","modified_gmt":"2024-04-25T16:15:44","slug":"concurs-el-gust-per-la-lectura","status":"publish","type":"post","link":"https:\/\/agora.xtec.cat\/esc-joaquimruyra-blanes\/general\/concurs-el-gust-per-la-lectura\/","title":{"rendered":"Concurs &#8220;El gust per la lectura&#8221;"},"content":{"rendered":"<p>Enguany l&#8217;escola participa al concurs &#8220;El gust per la lectura&#8221;, convocat pel Departament d&#8217;Educaci\u00f3 i que pret\u00e9n donar valor al treball de l&#8217;alumnat en la <strong>lectura aprofundida d&#8217;una obra liter\u00e0ria<\/strong> i al <strong>foment del goig per llegir entre infants i joves<\/strong>. Els cursos participants han estat 1r, 2n i 4t. Cada curs ha llegit i treballat a fons una de les obres liter\u00e0ries que veieu a continuaci\u00f3, i posteriorment, n&#8217;ha fet una activitat amb l&#8217;obra com a punt de partida.<\/p>\n<p><img loading=\"lazy\" decoding=\"async\" class=\"aligncenter\" src=\"https:\/\/www.lagaleraeditorial.com\/\/uploads\/20230412\/9788424669560_imatge_portada_llibre_detall_9788424669560.jpg\" width=\"201\" height=\"298\" \/>\u00a0 \u00a0 \u00a0 \u00a0 \u00a0 <img loading=\"lazy\" decoding=\"async\" class=\"aligncenter\" src=\"https:\/\/data.ecasals.net\/img\/04\/n\/9788483434963_04_n.jpg\" width=\"180\" height=\"235\" \/><\/p>\n<p><span style=\"font-family: inherit; font-size: 1em;\">Seguidament, trobareu els treballs que han elaborat:<\/span><\/p>\n<p><a href=\"https:\/\/drive.google.com\/file\/d\/1P8gLIZFAPpCj0IUrUCAp6YY3Gtbtmz8Y\/view?usp=drive_link\"><strong>La marieta sense taques &#8211; 1r<\/strong><\/a><\/p>\n<p><a href=\"https:\/\/drive.google.com\/file\/d\/19hXNYS6NqjUZOessq028ogvXxGyCfSPe\/view?usp=drive_link\"><strong>La marieta sense taques &#8211; 2n<\/strong><\/a><\/p>\n<p><a href=\"https:\/\/drive.google.com\/file\/d\/1wuYosRplTUbOKKxz8Y5mWCVC2wb4B-43\/view?usp=drive_link\"><strong>Els p\u00f2stits del senyor Nohisoc &#8211; 4t<\/strong><\/a><\/p>\n<p style=\"text-align: center;\"><img loading=\"lazy\" decoding=\"async\" class=\"aligncenter size-medium wp-image-17387\" src=\"https:\/\/agora.xtec.cat\/esc-joaquimruyra-blanes\/wp-content\/uploads\/usu757\/2024\/04\/2024-LOGO_Petit-HI-PARTICIPEM-1-1-300x300.png\" alt=\"\" width=\"300\" height=\"300\" srcset=\"https:\/\/agora.xtec.cat\/esc-joaquimruyra-blanes\/wp-content\/uploads\/usu757\/2024\/04\/2024-LOGO_Petit-HI-PARTICIPEM-1-1-300x300.png 300w, https:\/\/agora.xtec.cat\/esc-joaquimruyra-blanes\/wp-content\/uploads\/usu757\/2024\/04\/2024-LOGO_Petit-HI-PARTICIPEM-1-1-150x150.png 150w, https:\/\/agora.xtec.cat\/esc-joaquimruyra-blanes\/wp-content\/uploads\/usu757\/2024\/04\/2024-LOGO_Petit-HI-PARTICIPEM-1-1.png 375w\" sizes=\"auto, (max-width: 300px) 100vw, 300px\" \/><\/p>\n","protected":false},"excerpt":{"rendered":"<p>Enguany l&#8217;escola participa al concurs &#8220;El gust per la lectura&#8221;, convocat pel Departament d&#8217;Educaci\u00f3 i que pret\u00e9n donar valor al treball de l&#8217;alumnat en la lectura aprofundida d&#8217;una obra liter\u00e0ria i al foment del goig per llegir entre infants i joves. Els cursos participants han&hellip;  <a href=\"https:\/\/agora.xtec.cat\/esc-joaquimruyra-blanes\/general\/concurs-el-gust-per-la-lectura\/\" title=\"Read Concurs &#8220;El gust per la lectura&#8221;\">Llegeix m\u00e9s\u00bb<\/a><\/p>\n","protected":false},"author":16,"featured_media":0,"comment_status":"closed","ping_status":"closed","sticky":false,"template":"","format":"standard","meta":{"_bbp_topic_count":0,"_bbp_reply_count":0,"_bbp_total_topic_count":0,"_bbp_total_reply_count":0,"_bbp_voice_count":0,"_bbp_anonymous_reply_count":0,"_bbp_topic_count_hidden":0,"_bbp_reply_count_hidden":0,"_bbp_forum_subforum_count":0,"footnotes":""},"categories":[24,23,13,242,1,4],"tags":[],"class_list":["post-17362","post","type-post","status-publish","format-standard","hentry","category-1r","category-2n","category-4t","category-curs-2023-2024","category-general","category-portada"],"post_mailing_queue_ids":[],"_links":{"self":[{"href":"https:\/\/agora.xtec.cat\/esc-joaquimruyra-blanes\/wp-json\/wp\/v2\/posts\/17362","targetHints":{"allow":["GET"]}}],"collection":[{"href":"https:\/\/agora.xtec.cat\/esc-joaquimruyra-blanes\/wp-json\/wp\/v2\/posts"}],"about":[{"href":"https:\/\/agora.xtec.cat\/esc-joaquimruyra-blanes\/wp-json\/wp\/v2\/types\/post"}],"author":[{"embeddable":true,"href":"https:\/\/agora.xtec.cat\/esc-joaquimruyra-blanes\/wp-json\/wp\/v2\/users\/16"}],"replies":[{"embeddable":true,"href":"https:\/\/agora.xtec.cat\/esc-joaquimruyra-blanes\/wp-json\/wp\/v2\/comments?post=17362"}],"version-history":[{"count":6,"href":"https:\/\/agora.xtec.cat\/esc-joaquimruyra-blanes\/wp-json\/wp\/v2\/posts\/17362\/revisions"}],"predecessor-version":[{"id":17388,"href":"https:\/\/agora.xtec.cat\/esc-joaquimruyra-blanes\/wp-json\/wp\/v2\/posts\/17362\/revisions\/17388"}],"wp:attachment":[{"href":"https:\/\/agora.xtec.cat\/esc-joaquimruyra-blanes\/wp-json\/wp\/v2\/media?parent=17362"}],"wp:term":[{"taxonomy":"category","embeddable":true,"href":"https:\/\/agora.xtec.cat\/esc-joaquimruyra-blanes\/wp-json\/wp\/v2\/categories?post=17362"},{"taxonomy":"post_tag","embeddable":true,"href":"https:\/\/agora.xtec.cat\/esc-joaquimruyra-blanes\/wp-json\/wp\/v2\/tags?post=17362"}],"curies":[{"name":"wp","href":"https:\/\/api.w.org\/{rel}","templated":true}]}}