{"id":17255,"date":"2024-03-19T09:31:47","date_gmt":"2024-03-19T08:31:47","guid":{"rendered":"https:\/\/agora.xtec.cat\/esc-joaquimruyra-blanes\/?p=17255"},"modified":"2024-03-19T09:31:47","modified_gmt":"2024-03-19T08:31:47","slug":"sortida-de-cicle-mitja-a-lloret-de-mar","status":"publish","type":"post","link":"https:\/\/agora.xtec.cat\/esc-joaquimruyra-blanes\/general\/sortida-de-cicle-mitja-a-lloret-de-mar\/","title":{"rendered":"Sortida de cicle mitj\u00e0 a Lloret de Mar"},"content":{"rendered":"<p><span style=\"font-weight: 400;\">El passat divendres 15 de mar\u00e7 de 2024 els alumnes de tercer i quart vam anar d\u2019excursi\u00f3 a l\u2019Ermita de les Alegries de Lloret de Mar a realitzat l&#8217;activitat &#8220;Tocs de natura&#8221;.\u00a0<\/span><\/p>\n<p><span style=\"font-weight: 400;\">All\u00e0, ens van rebre en Llu\u00eds i la Paquita, els masovers de la finca.<\/span><\/p>\n<p><span style=\"font-weight: 400;\">Vam poder gaudir d\u2019un dia envoltats de natura, on vam realitzar diferents activitats.\u00a0<\/span><\/p>\n<p><span style=\"font-weight: 400;\">En primer lloc, en Llu\u00eds, ens va ensenyar el campanar i l\u2019ermita. Vam poder pujar a dalt del campanar per veure com sonaven les campanes. Despr\u00e9s, ens va ensenyar una finestreta a trav\u00e9s de la qual es veia la cosa m\u00e9s bonica del m\u00f3n. Quina sorpresa, quan vam mirar pel forat de la finestra i ens vam trobar amb el nostre reflex!<\/span><\/p>\n<p><span style=\"font-weight: 400;\">A continuaci\u00f3, vam poder donar de menjar a les cabres i, fins i tot, agafar una cabreta i dos conills petits.\u00a0<\/span><\/p>\n<p><span style=\"font-weight: 400;\">Seguidament, vam fer un recorregut pel jard\u00ed amb la Paquita. Ella, ens va anar explicant els noms de les plantes que an\u00e0vem trobant pel cam\u00ed i quina era la seva funci\u00f3. En acabar el recorregut, vam poder fer unes bossetes arom\u00e0tiques amb la flor de la lavanda. Quina bona olor!<\/span><\/p>\n<p><span style=\"font-weight: 400;\">Va ser un dia fant\u00e0stic!<\/span><\/p>\n\n\t\t<style type=\"text\/css\">\n\t\t\t#gallery-1 {\n\t\t\t\tmargin: auto;\n\t\t\t}\n\t\t\t#gallery-1 .gallery-item {\n\t\t\t\tfloat: left;\n\t\t\t\tmargin-top: 10px;\n\t\t\t\ttext-align: center;\n\t\t\t\twidth: 25%;\n\t\t\t}\n\t\t\t#gallery-1 img {\n\t\t\t\tborder: 2px solid #cfcfcf;\n\t\t\t}\n\t\t\t#gallery-1 .gallery-caption {\n\t\t\t\tmargin-left: 0;\n\t\t\t}\n\t\t\t\/* see gallery_shortcode() in wp-includes\/media.php *\/\n\t\t<\/style>\n\t\t<div id='gallery-1' class='gallery galleryid-17255 gallery-columns-4 gallery-size-thumbnail'><dl class='gallery-item'>\n\t\t\t<dt class='gallery-icon portrait'>\n\t\t\t\t<a href='https:\/\/agora.xtec.cat\/esc-joaquimruyra-blanes\/general\/sortida-de-cicle-mitja-a-lloret-de-mar\/attachment\/imagen-de-whatsapp-2024-03-18-a-las-19-42-41_a90f2837\/'><img loading=\"lazy\" decoding=\"async\" width=\"150\" height=\"150\" src=\"https:\/\/agora.xtec.cat\/esc-joaquimruyra-blanes\/wp-content\/uploads\/usu757\/2024\/03\/Imagen-de-WhatsApp-2024-03-18-a-las-19.42.41_a90f2837-150x150.jpg\" class=\"attachment-thumbnail size-thumbnail\" alt=\"\" \/><\/a>\n\t\t\t<\/dt><\/dl><dl class='gallery-item'>\n\t\t\t<dt class='gallery-icon portrait'>\n\t\t\t\t<a href='https:\/\/agora.xtec.cat\/esc-joaquimruyra-blanes\/general\/sortida-de-cicle-mitja-a-lloret-de-mar\/attachment\/imagen-de-whatsapp-2024-03-18-a-las-19-42-41_b6e2b06d\/'><img loading=\"lazy\" decoding=\"async\" width=\"150\" height=\"150\" src=\"https:\/\/agora.xtec.cat\/esc-joaquimruyra-blanes\/wp-content\/uploads\/usu757\/2024\/03\/Imagen-de-WhatsApp-2024-03-18-a-las-19.42.41_b6e2b06d-150x150.jpg\" class=\"attachment-thumbnail size-thumbnail\" alt=\"\" \/><\/a>\n\t\t\t<\/dt><\/dl><dl class='gallery-item'>\n\t\t\t<dt class='gallery-icon portrait'>\n\t\t\t\t<a href='https:\/\/agora.xtec.cat\/esc-joaquimruyra-blanes\/general\/sortida-de-cicle-mitja-a-lloret-de-mar\/attachment\/imagen-de-whatsapp-2024-03-18-a-las-19-42-40_90c44990\/'><img loading=\"lazy\" decoding=\"async\" width=\"150\" height=\"150\" src=\"https:\/\/agora.xtec.cat\/esc-joaquimruyra-blanes\/wp-content\/uploads\/usu757\/2024\/03\/Imagen-de-WhatsApp-2024-03-18-a-las-19.42.40_90c44990-150x150.jpg\" class=\"attachment-thumbnail size-thumbnail\" alt=\"\" \/><\/a>\n\t\t\t<\/dt><\/dl><dl class='gallery-item'>\n\t\t\t<dt class='gallery-icon portrait'>\n\t\t\t\t<a href='https:\/\/agora.xtec.cat\/esc-joaquimruyra-blanes\/general\/sortida-de-cicle-mitja-a-lloret-de-mar\/attachment\/imagen-de-whatsapp-2024-03-18-a-las-19-42-40_64305c9a\/'><img loading=\"lazy\" decoding=\"async\" width=\"150\" height=\"150\" src=\"https:\/\/agora.xtec.cat\/esc-joaquimruyra-blanes\/wp-content\/uploads\/usu757\/2024\/03\/Imagen-de-WhatsApp-2024-03-18-a-las-19.42.40_64305c9a-150x150.jpg\" class=\"attachment-thumbnail size-thumbnail\" alt=\"\" \/><\/a>\n\t\t\t<\/dt><\/dl><br style=\"clear: both\" \/><dl class='gallery-item'>\n\t\t\t<dt class='gallery-icon portrait'>\n\t\t\t\t<a href='https:\/\/agora.xtec.cat\/esc-joaquimruyra-blanes\/general\/sortida-de-cicle-mitja-a-lloret-de-mar\/attachment\/imagen-de-whatsapp-2024-03-18-a-las-19-42-39_1cd9d963\/'><img loading=\"lazy\" decoding=\"async\" width=\"150\" height=\"150\" src=\"https:\/\/agora.xtec.cat\/esc-joaquimruyra-blanes\/wp-content\/uploads\/usu757\/2024\/03\/Imagen-de-WhatsApp-2024-03-18-a-las-19.42.39_1cd9d963-150x150.jpg\" class=\"attachment-thumbnail size-thumbnail\" alt=\"\" \/><\/a>\n\t\t\t<\/dt><\/dl><dl class='gallery-item'>\n\t\t\t<dt class='gallery-icon portrait'>\n\t\t\t\t<a href='https:\/\/agora.xtec.cat\/esc-joaquimruyra-blanes\/general\/sortida-de-cicle-mitja-a-lloret-de-mar\/attachment\/imagen-de-whatsapp-2024-03-18-a-las-19-42-39_c10de0fa\/'><img loading=\"lazy\" decoding=\"async\" width=\"150\" height=\"150\" src=\"https:\/\/agora.xtec.cat\/esc-joaquimruyra-blanes\/wp-content\/uploads\/usu757\/2024\/03\/Imagen-de-WhatsApp-2024-03-18-a-las-19.42.39_c10de0fa-150x150.jpg\" class=\"attachment-thumbnail size-thumbnail\" alt=\"\" \/><\/a>\n\t\t\t<\/dt><\/dl><dl class='gallery-item'>\n\t\t\t<dt class='gallery-icon portrait'>\n\t\t\t\t<a href='https:\/\/agora.xtec.cat\/esc-joaquimruyra-blanes\/general\/sortida-de-cicle-mitja-a-lloret-de-mar\/attachment\/imagen-de-whatsapp-2024-03-18-a-las-19-42-40_9f451065\/'><img loading=\"lazy\" decoding=\"async\" width=\"150\" height=\"150\" src=\"https:\/\/agora.xtec.cat\/esc-joaquimruyra-blanes\/wp-content\/uploads\/usu757\/2024\/03\/Imagen-de-WhatsApp-2024-03-18-a-las-19.42.40_9f451065-150x150.jpg\" class=\"attachment-thumbnail size-thumbnail\" alt=\"\" \/><\/a>\n\t\t\t<\/dt><\/dl><dl class='gallery-item'>\n\t\t\t<dt class='gallery-icon portrait'>\n\t\t\t\t<a href='https:\/\/agora.xtec.cat\/esc-joaquimruyra-blanes\/general\/sortida-de-cicle-mitja-a-lloret-de-mar\/attachment\/imagen-de-whatsapp-2024-03-18-a-las-19-42-39_838ed7ea\/'><img loading=\"lazy\" decoding=\"async\" width=\"150\" height=\"150\" src=\"https:\/\/agora.xtec.cat\/esc-joaquimruyra-blanes\/wp-content\/uploads\/usu757\/2024\/03\/Imagen-de-WhatsApp-2024-03-18-a-las-19.42.39_838ed7ea-150x150.jpg\" class=\"attachment-thumbnail size-thumbnail\" alt=\"\" \/><\/a>\n\t\t\t<\/dt><\/dl><br style=\"clear: both\" \/><dl class='gallery-item'>\n\t\t\t<dt class='gallery-icon portrait'>\n\t\t\t\t<a href='https:\/\/agora.xtec.cat\/esc-joaquimruyra-blanes\/general\/sortida-de-cicle-mitja-a-lloret-de-mar\/attachment\/imagen-de-whatsapp-2024-03-18-a-las-19-42-38_00bbedaf\/'><img loading=\"lazy\" decoding=\"async\" width=\"150\" height=\"150\" src=\"https:\/\/agora.xtec.cat\/esc-joaquimruyra-blanes\/wp-content\/uploads\/usu757\/2024\/03\/Imagen-de-WhatsApp-2024-03-18-a-las-19.42.38_00bbedaf-150x150.jpg\" class=\"attachment-thumbnail size-thumbnail\" alt=\"\" \/><\/a>\n\t\t\t<\/dt><\/dl><dl class='gallery-item'>\n\t\t\t<dt class='gallery-icon portrait'>\n\t\t\t\t<a href='https:\/\/agora.xtec.cat\/esc-joaquimruyra-blanes\/general\/sortida-de-cicle-mitja-a-lloret-de-mar\/attachment\/imagen-de-whatsapp-2024-03-18-a-las-19-42-39_56deeb6c\/'><img loading=\"lazy\" decoding=\"async\" width=\"150\" height=\"150\" src=\"https:\/\/agora.xtec.cat\/esc-joaquimruyra-blanes\/wp-content\/uploads\/usu757\/2024\/03\/Imagen-de-WhatsApp-2024-03-18-a-las-19.42.39_56deeb6c-150x150.jpg\" class=\"attachment-thumbnail size-thumbnail\" alt=\"\" \/><\/a>\n\t\t\t<\/dt><\/dl><dl class='gallery-item'>\n\t\t\t<dt class='gallery-icon portrait'>\n\t\t\t\t<a href='https:\/\/agora.xtec.cat\/esc-joaquimruyra-blanes\/general\/sortida-de-cicle-mitja-a-lloret-de-mar\/attachment\/imagen-de-whatsapp-2024-03-18-a-las-19-42-38_1297fc2b\/'><img loading=\"lazy\" decoding=\"async\" width=\"150\" height=\"150\" src=\"https:\/\/agora.xtec.cat\/esc-joaquimruyra-blanes\/wp-content\/uploads\/usu757\/2024\/03\/Imagen-de-WhatsApp-2024-03-18-a-las-19.42.38_1297fc2b-150x150.jpg\" class=\"attachment-thumbnail size-thumbnail\" alt=\"\" \/><\/a>\n\t\t\t<\/dt><\/dl><dl class='gallery-item'>\n\t\t\t<dt class='gallery-icon portrait'>\n\t\t\t\t<a href='https:\/\/agora.xtec.cat\/esc-joaquimruyra-blanes\/general\/sortida-de-cicle-mitja-a-lloret-de-mar\/attachment\/imagen-de-whatsapp-2024-03-18-a-las-19-42-38_9d0cd2c1\/'><img loading=\"lazy\" decoding=\"async\" width=\"150\" height=\"150\" src=\"https:\/\/agora.xtec.cat\/esc-joaquimruyra-blanes\/wp-content\/uploads\/usu757\/2024\/03\/Imagen-de-WhatsApp-2024-03-18-a-las-19.42.38_9d0cd2c1-150x150.jpg\" class=\"attachment-thumbnail size-thumbnail\" alt=\"\" \/><\/a>\n\t\t\t<\/dt><\/dl><br style=\"clear: both\" \/><dl class='gallery-item'>\n\t\t\t<dt class='gallery-icon portrait'>\n\t\t\t\t<a href='https:\/\/agora.xtec.cat\/esc-joaquimruyra-blanes\/general\/sortida-de-cicle-mitja-a-lloret-de-mar\/attachment\/imagen-de-whatsapp-2024-03-18-a-las-19-42-38_06579585\/'><img loading=\"lazy\" decoding=\"async\" width=\"150\" height=\"150\" src=\"https:\/\/agora.xtec.cat\/esc-joaquimruyra-blanes\/wp-content\/uploads\/usu757\/2024\/03\/Imagen-de-WhatsApp-2024-03-18-a-las-19.42.38_06579585-150x150.jpg\" class=\"attachment-thumbnail size-thumbnail\" alt=\"\" \/><\/a>\n\t\t\t<\/dt><\/dl><dl class='gallery-item'>\n\t\t\t<dt class='gallery-icon portrait'>\n\t\t\t\t<a href='https:\/\/agora.xtec.cat\/esc-joaquimruyra-blanes\/general\/sortida-de-cicle-mitja-a-lloret-de-mar\/attachment\/imagen-de-whatsapp-2024-03-18-a-las-19-42-37_8912308b\/'><img loading=\"lazy\" decoding=\"async\" width=\"150\" height=\"150\" src=\"https:\/\/agora.xtec.cat\/esc-joaquimruyra-blanes\/wp-content\/uploads\/usu757\/2024\/03\/Imagen-de-WhatsApp-2024-03-18-a-las-19.42.37_8912308b-150x150.jpg\" class=\"attachment-thumbnail size-thumbnail\" alt=\"\" \/><\/a>\n\t\t\t<\/dt><\/dl><dl class='gallery-item'>\n\t\t\t<dt class='gallery-icon portrait'>\n\t\t\t\t<a href='https:\/\/agora.xtec.cat\/esc-joaquimruyra-blanes\/general\/sortida-de-cicle-mitja-a-lloret-de-mar\/attachment\/imagen-de-whatsapp-2024-03-18-a-las-19-42-35_8d12e269\/'><img loading=\"lazy\" decoding=\"async\" width=\"150\" height=\"150\" src=\"https:\/\/agora.xtec.cat\/esc-joaquimruyra-blanes\/wp-content\/uploads\/usu757\/2024\/03\/Imagen-de-WhatsApp-2024-03-18-a-las-19.42.35_8d12e269-150x150.jpg\" class=\"attachment-thumbnail size-thumbnail\" alt=\"\" \/><\/a>\n\t\t\t<\/dt><\/dl><dl class='gallery-item'>\n\t\t\t<dt class='gallery-icon portrait'>\n\t\t\t\t<a href='https:\/\/agora.xtec.cat\/esc-joaquimruyra-blanes\/general\/sortida-de-cicle-mitja-a-lloret-de-mar\/attachment\/imagen-de-whatsapp-2024-03-18-a-las-19-42-37_20845857\/'><img loading=\"lazy\" decoding=\"async\" width=\"150\" height=\"150\" src=\"https:\/\/agora.xtec.cat\/esc-joaquimruyra-blanes\/wp-content\/uploads\/usu757\/2024\/03\/Imagen-de-WhatsApp-2024-03-18-a-las-19.42.37_20845857-150x150.jpg\" class=\"attachment-thumbnail size-thumbnail\" alt=\"\" \/><\/a>\n\t\t\t<\/dt><\/dl><br style=\"clear: both\" \/><dl class='gallery-item'>\n\t\t\t<dt class='gallery-icon portrait'>\n\t\t\t\t<a href='https:\/\/agora.xtec.cat\/esc-joaquimruyra-blanes\/general\/sortida-de-cicle-mitja-a-lloret-de-mar\/attachment\/imagen-de-whatsapp-2024-03-18-a-las-19-42-37_fda8f5bc\/'><img loading=\"lazy\" decoding=\"async\" width=\"150\" height=\"150\" src=\"https:\/\/agora.xtec.cat\/esc-joaquimruyra-blanes\/wp-content\/uploads\/usu757\/2024\/03\/Imagen-de-WhatsApp-2024-03-18-a-las-19.42.37_fda8f5bc-150x150.jpg\" class=\"attachment-thumbnail size-thumbnail\" alt=\"\" \/><\/a>\n\t\t\t<\/dt><\/dl><dl class='gallery-item'>\n\t\t\t<dt class='gallery-icon portrait'>\n\t\t\t\t<a href='https:\/\/agora.xtec.cat\/esc-joaquimruyra-blanes\/general\/sortida-de-cicle-mitja-a-lloret-de-mar\/attachment\/imagen-de-whatsapp-2024-03-18-a-las-19-42-25_d0e5579b\/'><img loading=\"lazy\" decoding=\"async\" width=\"150\" height=\"150\" src=\"https:\/\/agora.xtec.cat\/esc-joaquimruyra-blanes\/wp-content\/uploads\/usu757\/2024\/03\/Imagen-de-WhatsApp-2024-03-18-a-las-19.42.25_d0e5579b-150x150.jpg\" class=\"attachment-thumbnail size-thumbnail\" alt=\"\" \/><\/a>\n\t\t\t<\/dt><\/dl><dl class='gallery-item'>\n\t\t\t<dt class='gallery-icon portrait'>\n\t\t\t\t<a href='https:\/\/agora.xtec.cat\/esc-joaquimruyra-blanes\/general\/sortida-de-cicle-mitja-a-lloret-de-mar\/attachment\/imagen-de-whatsapp-2024-03-18-a-las-19-42-22_1c95057b\/'><img loading=\"lazy\" decoding=\"async\" width=\"150\" height=\"150\" src=\"https:\/\/agora.xtec.cat\/esc-joaquimruyra-blanes\/wp-content\/uploads\/usu757\/2024\/03\/Imagen-de-WhatsApp-2024-03-18-a-las-19.42.22_1c95057b-150x150.jpg\" class=\"attachment-thumbnail size-thumbnail\" alt=\"\" \/><\/a>\n\t\t\t<\/dt><\/dl><dl class='gallery-item'>\n\t\t\t<dt class='gallery-icon portrait'>\n\t\t\t\t<a href='https:\/\/agora.xtec.cat\/esc-joaquimruyra-blanes\/general\/sortida-de-cicle-mitja-a-lloret-de-mar\/attachment\/imagen-de-whatsapp-2024-03-18-a-las-19-42-26_46496478\/'><img loading=\"lazy\" decoding=\"async\" width=\"150\" height=\"150\" src=\"https:\/\/agora.xtec.cat\/esc-joaquimruyra-blanes\/wp-content\/uploads\/usu757\/2024\/03\/Imagen-de-WhatsApp-2024-03-18-a-las-19.42.26_46496478-150x150.jpg\" class=\"attachment-thumbnail size-thumbnail\" alt=\"\" \/><\/a>\n\t\t\t<\/dt><\/dl><br style=\"clear: both\" \/><dl class='gallery-item'>\n\t\t\t<dt class='gallery-icon portrait'>\n\t\t\t\t<a href='https:\/\/agora.xtec.cat\/esc-joaquimruyra-blanes\/general\/sortida-de-cicle-mitja-a-lloret-de-mar\/attachment\/imagen-de-whatsapp-2024-03-18-a-las-19-42-30_417328da\/'><img loading=\"lazy\" decoding=\"async\" width=\"150\" height=\"150\" src=\"https:\/\/agora.xtec.cat\/esc-joaquimruyra-blanes\/wp-content\/uploads\/usu757\/2024\/03\/Imagen-de-WhatsApp-2024-03-18-a-las-19.42.30_417328da-150x150.jpg\" class=\"attachment-thumbnail size-thumbnail\" alt=\"\" \/><\/a>\n\t\t\t<\/dt><\/dl><dl class='gallery-item'>\n\t\t\t<dt class='gallery-icon portrait'>\n\t\t\t\t<a href='https:\/\/agora.xtec.cat\/esc-joaquimruyra-blanes\/general\/sortida-de-cicle-mitja-a-lloret-de-mar\/attachment\/imagen-de-whatsapp-2024-03-18-a-las-19-42-32_9d3d62fd\/'><img loading=\"lazy\" decoding=\"async\" width=\"150\" height=\"150\" src=\"https:\/\/agora.xtec.cat\/esc-joaquimruyra-blanes\/wp-content\/uploads\/usu757\/2024\/03\/Imagen-de-WhatsApp-2024-03-18-a-las-19.42.32_9d3d62fd-150x150.jpg\" class=\"attachment-thumbnail size-thumbnail\" alt=\"\" \/><\/a>\n\t\t\t<\/dt><\/dl><dl class='gallery-item'>\n\t\t\t<dt class='gallery-icon portrait'>\n\t\t\t\t<a href='https:\/\/agora.xtec.cat\/esc-joaquimruyra-blanes\/general\/sortida-de-cicle-mitja-a-lloret-de-mar\/attachment\/imagen-de-whatsapp-2024-03-18-a-las-21-15-50_b21fdd37\/'><img loading=\"lazy\" decoding=\"async\" width=\"150\" height=\"150\" src=\"https:\/\/agora.xtec.cat\/esc-joaquimruyra-blanes\/wp-content\/uploads\/usu757\/2024\/03\/Imagen-de-WhatsApp-2024-03-18-a-las-21.15.50_b21fdd37-150x150.jpg\" class=\"attachment-thumbnail size-thumbnail\" alt=\"\" \/><\/a>\n\t\t\t<\/dt><\/dl><dl class='gallery-item'>\n\t\t\t<dt class='gallery-icon portrait'>\n\t\t\t\t<a href='https:\/\/agora.xtec.cat\/esc-joaquimruyra-blanes\/general\/sortida-de-cicle-mitja-a-lloret-de-mar\/attachment\/imagen-de-whatsapp-2024-03-18-a-las-21-26-01_d2aa6d34\/'><img loading=\"lazy\" decoding=\"async\" width=\"150\" height=\"150\" src=\"https:\/\/agora.xtec.cat\/esc-joaquimruyra-blanes\/wp-content\/uploads\/usu757\/2024\/03\/Imagen-de-WhatsApp-2024-03-18-a-las-21.26.01_d2aa6d34-150x150.jpg\" class=\"attachment-thumbnail size-thumbnail\" alt=\"\" \/><\/a>\n\t\t\t<\/dt><\/dl><br style=\"clear: both\" \/>\n\t\t<\/div>\n\n<p>Podeu veure la publicaci\u00f3 que van fer en Llu\u00eds i la Paquita a les seves xarxes socials en el seg\u00fcent enlla\u00e7: <a href=\"https:\/\/www.instagram.com\/p\/C4jUEMUrYF2\/?igsh=MXIzbnIwcnpwZTh6NA%3D%3D\">https:\/\/www.instagram.com\/p\/C4jUEMUrYF2\/?igsh=MXIzbnIwcnpwZTh6NA%3D%3D<\/a><\/p>\n","protected":false},"excerpt":{"rendered":"<p>El passat divendres 15 de mar\u00e7 de 2024 els alumnes de tercer i quart vam anar d\u2019excursi\u00f3 a l\u2019Ermita de les Alegries de Lloret de Mar a realitzat l&#8217;activitat &#8220;Tocs de natura&#8221;.\u00a0<br \/>\nAll\u00e0, ens van rebre en Llu\u00eds i la Paquita, els masovers de la finca.<br \/>\nVam&hellip;  <a href=\"https:\/\/agora.xtec.cat\/esc-joaquimruyra-blanes\/general\/sortida-de-cicle-mitja-a-lloret-de-mar\/\" title=\"Read Sortida de cicle mitj\u00e0 a Lloret de Mar\">Llegeix m\u00e9s\u00bb<\/a><\/p>\n","protected":false},"author":63,"featured_media":17273,"comment_status":"closed","ping_status":"closed","sticky":false,"template":"","format":"standard","meta":{"_bbp_topic_count":0,"_bbp_reply_count":0,"_bbp_total_topic_count":0,"_bbp_total_reply_count":0,"_bbp_voice_count":0,"_bbp_anonymous_reply_count":0,"_bbp_topic_count_hidden":0,"_bbp_reply_count_hidden":0,"_bbp_forum_subforum_count":0,"footnotes":""},"categories":[251,242,1,4,39],"tags":[163,59,110],"class_list":["post-17255","post","type-post","status-publish","format-standard","has-post-thumbnail","hentry","category-cicle-mitja","category-curs-2023-2024","category-general","category-portada","category-primaria","tag-cicle-mitja","tag-excursio","tag-primaria"],"post_mailing_queue_ids":[],"_links":{"self":[{"href":"https:\/\/agora.xtec.cat\/esc-joaquimruyra-blanes\/wp-json\/wp\/v2\/posts\/17255","targetHints":{"allow":["GET"]}}],"collection":[{"href":"https:\/\/agora.xtec.cat\/esc-joaquimruyra-blanes\/wp-json\/wp\/v2\/posts"}],"about":[{"href":"https:\/\/agora.xtec.cat\/esc-joaquimruyra-blanes\/wp-json\/wp\/v2\/types\/post"}],"author":[{"embeddable":true,"href":"https:\/\/agora.xtec.cat\/esc-joaquimruyra-blanes\/wp-json\/wp\/v2\/users\/63"}],"replies":[{"embeddable":true,"href":"https:\/\/agora.xtec.cat\/esc-joaquimruyra-blanes\/wp-json\/wp\/v2\/comments?post=17255"}],"version-history":[{"count":4,"href":"https:\/\/agora.xtec.cat\/esc-joaquimruyra-blanes\/wp-json\/wp\/v2\/posts\/17255\/revisions"}],"predecessor-version":[{"id":17283,"href":"https:\/\/agora.xtec.cat\/esc-joaquimruyra-blanes\/wp-json\/wp\/v2\/posts\/17255\/revisions\/17283"}],"wp:featuredmedia":[{"embeddable":true,"href":"https:\/\/agora.xtec.cat\/esc-joaquimruyra-blanes\/wp-json\/wp\/v2\/media\/17273"}],"wp:attachment":[{"href":"https:\/\/agora.xtec.cat\/esc-joaquimruyra-blanes\/wp-json\/wp\/v2\/media?parent=17255"}],"wp:term":[{"taxonomy":"category","embeddable":true,"href":"https:\/\/agora.xtec.cat\/esc-joaquimruyra-blanes\/wp-json\/wp\/v2\/categories?post=17255"},{"taxonomy":"post_tag","embeddable":true,"href":"https:\/\/agora.xtec.cat\/esc-joaquimruyra-blanes\/wp-json\/wp\/v2\/tags?post=17255"}],"curies":[{"name":"wp","href":"https:\/\/api.w.org\/{rel}","templated":true}]}}