{"id":17238,"date":"2024-03-18T10:05:41","date_gmt":"2024-03-18T09:05:41","guid":{"rendered":"https:\/\/agora.xtec.cat\/esc-joaquimruyra-blanes\/?p=17238"},"modified":"2024-03-18T10:05:41","modified_gmt":"2024-03-18T09:05:41","slug":"certamen-de-lectura-en-veu-alta","status":"publish","type":"post","link":"https:\/\/agora.xtec.cat\/esc-joaquimruyra-blanes\/general\/certamen-de-lectura-en-veu-alta\/","title":{"rendered":"Certamen de Lectura en Veu Alta"},"content":{"rendered":"<p>El passat divendres 15 de mar\u00e7 l&#8217;escola va ser present al Certamen de Lectura en Veu Alta que se celebrava al Teatre de Blanes amb la participaci\u00f3 d&#8217;escoles de les seg\u00fcents poblacions de la Selva: Blanes, Lloret de Mar, Ma\u00e7anet de la Selva, Tossa de Mar i Vidreres.<\/p>\n<p>Aquest certamen est\u00e0 organitzat per la Fundaci\u00f3 Enciclop\u00e8dia Catalana. El seu projecte <img loading=\"lazy\" decoding=\"async\" class=\"\" src=\"https:\/\/www.lecturaenveualta.cat\/wp-content\/uploads\/logo-veualta_2.png\" alt=\"Veualta Logo\" width=\"116\" height=\"27\" \/> te\u0301 com a missio\u0301 <strong>promoure la literatura i la llengua catalana per mitja\u0300 de la lectura compartida en veu alta<\/strong>. Segons estudis cienti\u0301fics, la lectura compartida en veu alta comporta implicacions emocionals, socials i d\u2019adquisicio\u0301 de coneixements que potencien i consoliden aspectes cognitius claus per a la infantesa, l\u2019adolesce\u0300ncia, la joventut i l\u2019edat adulta.<\/p>\n<p>Podeu obtenir m\u00e9s informaci\u00f3 sobre el projecte, i consultar la resta de modalitats del certamen, a la p\u00e0gina web <a href=\"https:\/\/www.lecturaenveualta.cat\/certamen-de-lectura-en-veu-alta-escolar\/\">lecturaenveualta.cat<\/a>.<\/p>\n<p>Enguany, les representants de la nostra escola van ser l&#8217;<strong>Eva Vera<\/strong>, de 4t, en la categoria de GRUMETS VERMELLS (Cicle Mitj\u00e0); la <strong>Nausica Wieding<\/strong>, de 6\u00e8, en la categoria de GRUMETS VERDS (Cicle Superior); i la <strong>Saray Escorcia<\/strong>, de 6\u00e8, en la categoria de TIMONERS (Aula d&#8217;Acollida de Cicle Superior de Prim\u00e0ria i 1r i 2n d&#8217;ESO).<\/p>\n<p>Aqu\u00ed us deixem unes quantes imatges de la jornada:<\/p>\n\n\t\t<style type=\"text\/css\">\n\t\t\t#gallery-1 {\n\t\t\t\tmargin: auto;\n\t\t\t}\n\t\t\t#gallery-1 .gallery-item {\n\t\t\t\tfloat: left;\n\t\t\t\tmargin-top: 10px;\n\t\t\t\ttext-align: center;\n\t\t\t\twidth: 33%;\n\t\t\t}\n\t\t\t#gallery-1 img {\n\t\t\t\tborder: 2px solid #cfcfcf;\n\t\t\t}\n\t\t\t#gallery-1 .gallery-caption {\n\t\t\t\tmargin-left: 0;\n\t\t\t}\n\t\t\t\/* see gallery_shortcode() in wp-includes\/media.php *\/\n\t\t<\/style>\n\t\t<div id='gallery-1' class='gallery galleryid-17238 gallery-columns-3 gallery-size-thumbnail'><dl class='gallery-item'>\n\t\t\t<dt class='gallery-icon portrait'>\n\t\t\t\t<a href='https:\/\/agora.xtec.cat\/esc-joaquimruyra-blanes\/general\/certamen-de-lectura-en-veu-alta\/attachment\/imatge-de-whatsapp-2024-03-16-a-les-10-21-42_f421dcf7\/'><img loading=\"lazy\" decoding=\"async\" width=\"150\" height=\"150\" src=\"https:\/\/agora.xtec.cat\/esc-joaquimruyra-blanes\/wp-content\/uploads\/usu757\/2024\/03\/Imatge-de-WhatsApp-2024-03-16-a-les-10.21.42_f421dcf7-150x150.jpg\" class=\"attachment-thumbnail size-thumbnail\" alt=\"\" aria-describedby=\"gallery-1-17239\" \/><\/a>\n\t\t\t<\/dt>\n\t\t\t\t<dd class='wp-caption-text gallery-caption' id='gallery-1-17239'>\n\t\t\t\tL&#8217;Eva llegint un fragment de &#8220;Capit\u00e0 Lluc&#8221;, de Carles Sala i Vila.\n\t\t\t\t<\/dd><\/dl><dl class='gallery-item'>\n\t\t\t<dt class='gallery-icon landscape'>\n\t\t\t\t<a href='https:\/\/agora.xtec.cat\/esc-joaquimruyra-blanes\/general\/certamen-de-lectura-en-veu-alta\/attachment\/imatge-de-whatsapp-2024-03-16-a-les-10-21-44_2452cb32\/'><img loading=\"lazy\" decoding=\"async\" width=\"150\" height=\"150\" src=\"https:\/\/agora.xtec.cat\/esc-joaquimruyra-blanes\/wp-content\/uploads\/usu757\/2024\/03\/Imatge-de-WhatsApp-2024-03-16-a-les-10.21.44_2452cb32-150x150.jpg\" class=\"attachment-thumbnail size-thumbnail\" alt=\"\" aria-describedby=\"gallery-1-17240\" \/><\/a>\n\t\t\t<\/dt>\n\t\t\t\t<dd class='wp-caption-text gallery-caption' id='gallery-1-17240'>\n\t\t\t\tLa Nausica llegint un fragment d'&#8221;El vuit\u00e8 nan&#8221;, de Josep Vallverd\u00fa.\n\t\t\t\t<\/dd><\/dl><dl class='gallery-item'>\n\t\t\t<dt class='gallery-icon landscape'>\n\t\t\t\t<a href='https:\/\/agora.xtec.cat\/esc-joaquimruyra-blanes\/general\/certamen-de-lectura-en-veu-alta\/attachment\/imatge-de-whatsapp-2024-03-16-a-les-10-21-45_6b81f929\/'><img loading=\"lazy\" decoding=\"async\" width=\"150\" height=\"150\" src=\"https:\/\/agora.xtec.cat\/esc-joaquimruyra-blanes\/wp-content\/uploads\/usu757\/2024\/03\/Imatge-de-WhatsApp-2024-03-16-a-les-10.21.45_6b81f929-150x150.jpg\" class=\"attachment-thumbnail size-thumbnail\" alt=\"\" aria-describedby=\"gallery-1-17241\" \/><\/a>\n\t\t\t<\/dt>\n\t\t\t\t<dd class='wp-caption-text gallery-caption' id='gallery-1-17241'>\n\t\t\t\tLa Saray llegint un fragment de &#8220;L&#8217;anticlub&#8221;, d&#8217;\u00c0ngel Burgas.\n\t\t\t\t<\/dd><\/dl><br style=\"clear: both\" \/>\n\t\t<\/div>\n\n\n\t\t<style type=\"text\/css\">\n\t\t\t#gallery-2 {\n\t\t\t\tmargin: auto;\n\t\t\t}\n\t\t\t#gallery-2 .gallery-item {\n\t\t\t\tfloat: left;\n\t\t\t\tmargin-top: 10px;\n\t\t\t\ttext-align: center;\n\t\t\t\twidth: 100%;\n\t\t\t}\n\t\t\t#gallery-2 img {\n\t\t\t\tborder: 2px solid #cfcfcf;\n\t\t\t}\n\t\t\t#gallery-2 .gallery-caption {\n\t\t\t\tmargin-left: 0;\n\t\t\t}\n\t\t\t\/* see gallery_shortcode() in wp-includes\/media.php *\/\n\t\t<\/style>\n\t\t<div id='gallery-2' class='gallery galleryid-17238 gallery-columns-1 gallery-size-large'><dl class='gallery-item'>\n\t\t\t<dt class='gallery-icon landscape'>\n\t\t\t\t<a href='https:\/\/agora.xtec.cat\/esc-joaquimruyra-blanes\/general\/certamen-de-lectura-en-veu-alta\/attachment\/imatge-de-whatsapp-2024-03-16-a-les-10-21-45_b848f93b\/'><img loading=\"lazy\" decoding=\"async\" width=\"1024\" height=\"461\" src=\"https:\/\/agora.xtec.cat\/esc-joaquimruyra-blanes\/wp-content\/uploads\/usu757\/2024\/03\/Imatge-de-WhatsApp-2024-03-16-a-les-10.21.45_b848f93b-1024x461.jpg\" class=\"attachment-large size-large\" alt=\"\" srcset=\"https:\/\/agora.xtec.cat\/esc-joaquimruyra-blanes\/wp-content\/uploads\/usu757\/2024\/03\/Imatge-de-WhatsApp-2024-03-16-a-les-10.21.45_b848f93b-1024x461.jpg 1024w, https:\/\/agora.xtec.cat\/esc-joaquimruyra-blanes\/wp-content\/uploads\/usu757\/2024\/03\/Imatge-de-WhatsApp-2024-03-16-a-les-10.21.45_b848f93b-300x135.jpg 300w, https:\/\/agora.xtec.cat\/esc-joaquimruyra-blanes\/wp-content\/uploads\/usu757\/2024\/03\/Imatge-de-WhatsApp-2024-03-16-a-les-10.21.45_b848f93b-768x346.jpg 768w, https:\/\/agora.xtec.cat\/esc-joaquimruyra-blanes\/wp-content\/uploads\/usu757\/2024\/03\/Imatge-de-WhatsApp-2024-03-16-a-les-10.21.45_b848f93b-1536x691.jpg 1536w, https:\/\/agora.xtec.cat\/esc-joaquimruyra-blanes\/wp-content\/uploads\/usu757\/2024\/03\/Imatge-de-WhatsApp-2024-03-16-a-les-10.21.45_b848f93b.jpg 2040w\" sizes=\"auto, (max-width: 1024px) 100vw, 1024px\" \/><\/a>\n\t\t\t<\/dt><\/dl><br style=\"clear: both\" \/>\n\t\t<\/div>\n\n<p style=\"text-align: center;\"><strong>Enhorabona, noies! Bones lectures!<\/strong><\/p>\n","protected":false},"excerpt":{"rendered":"<p>El passat divendres 15 de mar\u00e7 l&#8217;escola va ser present al Certamen de Lectura en Veu Alta que se celebrava al Teatre de Blanes amb la participaci\u00f3 d&#8217;escoles de les seg\u00fcents poblacions de la Selva: Blanes, Lloret de Mar, Ma\u00e7anet de la Selva, Tossa de&hellip;  <a href=\"https:\/\/agora.xtec.cat\/esc-joaquimruyra-blanes\/general\/certamen-de-lectura-en-veu-alta\/\" title=\"Read Certamen de Lectura en Veu Alta\">Llegeix m\u00e9s\u00bb<\/a><\/p>\n","protected":false},"author":16,"featured_media":17242,"comment_status":"closed","ping_status":"closed","sticky":false,"template":"","format":"standard","meta":{"_bbp_topic_count":0,"_bbp_reply_count":0,"_bbp_total_topic_count":0,"_bbp_total_reply_count":0,"_bbp_voice_count":0,"_bbp_anonymous_reply_count":0,"_bbp_topic_count_hidden":0,"_bbp_reply_count_hidden":0,"_bbp_forum_subforum_count":0,"footnotes":""},"categories":[13,14,15,251,252,253,242,1,4,39],"tags":[148,257,255,256,254,250],"class_list":["post-17238","post","type-post","status-publish","format-standard","has-post-thumbnail","hentry","category-4t","category-5e","category-6e","category-cicle-mitja","category-cicle-mitja-3r","category-cicle-superior","category-curs-2023-2024","category-general","category-portada","category-primaria","tag-certamen-de-lectura-en-veu-alta","tag-crp-de-la-selva-ii","tag-fundacio-enciclopedia-catalana","tag-lectura-compartida-en-veu-alta","tag-llengua-i-literatura-catalana","tag-teatre-de-blanes"],"post_mailing_queue_ids":[],"_links":{"self":[{"href":"https:\/\/agora.xtec.cat\/esc-joaquimruyra-blanes\/wp-json\/wp\/v2\/posts\/17238","targetHints":{"allow":["GET"]}}],"collection":[{"href":"https:\/\/agora.xtec.cat\/esc-joaquimruyra-blanes\/wp-json\/wp\/v2\/posts"}],"about":[{"href":"https:\/\/agora.xtec.cat\/esc-joaquimruyra-blanes\/wp-json\/wp\/v2\/types\/post"}],"author":[{"embeddable":true,"href":"https:\/\/agora.xtec.cat\/esc-joaquimruyra-blanes\/wp-json\/wp\/v2\/users\/16"}],"replies":[{"embeddable":true,"href":"https:\/\/agora.xtec.cat\/esc-joaquimruyra-blanes\/wp-json\/wp\/v2\/comments?post=17238"}],"version-history":[{"count":2,"href":"https:\/\/agora.xtec.cat\/esc-joaquimruyra-blanes\/wp-json\/wp\/v2\/posts\/17238\/revisions"}],"predecessor-version":[{"id":17244,"href":"https:\/\/agora.xtec.cat\/esc-joaquimruyra-blanes\/wp-json\/wp\/v2\/posts\/17238\/revisions\/17244"}],"wp:featuredmedia":[{"embeddable":true,"href":"https:\/\/agora.xtec.cat\/esc-joaquimruyra-blanes\/wp-json\/wp\/v2\/media\/17242"}],"wp:attachment":[{"href":"https:\/\/agora.xtec.cat\/esc-joaquimruyra-blanes\/wp-json\/wp\/v2\/media?parent=17238"}],"wp:term":[{"taxonomy":"category","embeddable":true,"href":"https:\/\/agora.xtec.cat\/esc-joaquimruyra-blanes\/wp-json\/wp\/v2\/categories?post=17238"},{"taxonomy":"post_tag","embeddable":true,"href":"https:\/\/agora.xtec.cat\/esc-joaquimruyra-blanes\/wp-json\/wp\/v2\/tags?post=17238"}],"curies":[{"name":"wp","href":"https:\/\/api.w.org\/{rel}","templated":true}]}}