{"id":17202,"date":"2024-03-07T16:27:46","date_gmt":"2024-03-07T15:27:46","guid":{"rendered":"https:\/\/agora.xtec.cat\/esc-joaquimruyra-blanes\/?p=17202"},"modified":"2024-03-07T16:38:08","modified_gmt":"2024-03-07T15:38:08","slug":"els-tallers-a-educacio-infantil-2","status":"publish","type":"post","link":"https:\/\/agora.xtec.cat\/esc-joaquimruyra-blanes\/portada\/els-tallers-a-educacio-infantil-2\/","title":{"rendered":"ELS TALLERS A EDUCACI\u00d3 INFANTIL"},"content":{"rendered":"<p><span style=\"font-weight: 400;\">Benvolgudes fam\u00edlies! <\/span><\/p>\n<p><span style=\"font-weight: 400;\">El primer trimestre de curs vam engegar els <\/span><b>Tallers a infantil<\/b><span style=\"font-weight: 400;\"> amb l&#8217;alumnat d\u2019I4 i d\u2019I5 i aquest segon trimestre s\u2019hi ha afegit I3. Est\u00e0 sent una experi\u00e8ncia molt enriquidora pels vostres fills i filles i volem compartir-ho amb vosaltres amb aquests 2 v\u00eddeos.<\/span><\/p>\n<p><span style=\"font-weight: 400;\">L\u2019equip de mestres d\u2019Infantil de la Vila<\/span><\/p>\n<p><iframe loading=\"lazy\" title=\"TALLERS A LA VILA 1r Trimestre\" width=\"500\" height=\"375\" src=\"https:\/\/www.youtube.com\/embed\/udeKdKqHtM8?feature=oembed\" frameborder=\"0\" allow=\"accelerometer; autoplay; clipboard-write; encrypted-media; gyroscope; picture-in-picture; web-share\" referrerpolicy=\"strict-origin-when-cross-origin\" allowfullscreen><\/iframe><\/p>\n<p>&nbsp;<\/p>\n<p><iframe loading=\"lazy\" title=\"TALLERS A LA VILA 2n Trimestre\" width=\"500\" height=\"281\" src=\"https:\/\/www.youtube.com\/embed\/D29srKq-I1E?feature=oembed\" frameborder=\"0\" allow=\"accelerometer; autoplay; clipboard-write; encrypted-media; gyroscope; picture-in-picture; web-share\" referrerpolicy=\"strict-origin-when-cross-origin\" allowfullscreen><\/iframe><\/p>\n","protected":false},"excerpt":{"rendered":"<p>Benvolgudes fam\u00edlies!<br \/>\nEl primer trimestre de curs vam engegar els Tallers a infantil amb l&#8217;alumnat d\u2019I4 i d\u2019I5 i aquest segon trimestre s\u2019hi ha afegit I3. Est\u00e0 sent una experi\u00e8ncia molt enriquidora pels vostres fills i filles i volem compartir-ho amb vosaltres amb aquests 2&hellip;  <a href=\"https:\/\/agora.xtec.cat\/esc-joaquimruyra-blanes\/portada\/els-tallers-a-educacio-infantil-2\/\" title=\"Read ELS TALLERS A EDUCACI\u00d3 INFANTIL\">Llegeix m\u00e9s\u00bb<\/a><\/p>\n","protected":false},"author":57,"featured_media":17204,"comment_status":"closed","ping_status":"closed","sticky":false,"template":"","format":"standard","meta":{"_bbp_topic_count":0,"_bbp_reply_count":0,"_bbp_total_topic_count":0,"_bbp_total_reply_count":0,"_bbp_voice_count":0,"_bbp_anonymous_reply_count":0,"_bbp_topic_count_hidden":0,"_bbp_reply_count_hidden":0,"_bbp_forum_subforum_count":0,"footnotes":""},"categories":[242,32,4],"tags":[],"class_list":["post-17202","post","type-post","status-publish","format-standard","has-post-thumbnail","hentry","category-curs-2023-2024","category-infantil","category-portada"],"post_mailing_queue_ids":[],"_links":{"self":[{"href":"https:\/\/agora.xtec.cat\/esc-joaquimruyra-blanes\/wp-json\/wp\/v2\/posts\/17202","targetHints":{"allow":["GET"]}}],"collection":[{"href":"https:\/\/agora.xtec.cat\/esc-joaquimruyra-blanes\/wp-json\/wp\/v2\/posts"}],"about":[{"href":"https:\/\/agora.xtec.cat\/esc-joaquimruyra-blanes\/wp-json\/wp\/v2\/types\/post"}],"author":[{"embeddable":true,"href":"https:\/\/agora.xtec.cat\/esc-joaquimruyra-blanes\/wp-json\/wp\/v2\/users\/57"}],"replies":[{"embeddable":true,"href":"https:\/\/agora.xtec.cat\/esc-joaquimruyra-blanes\/wp-json\/wp\/v2\/comments?post=17202"}],"version-history":[{"count":2,"href":"https:\/\/agora.xtec.cat\/esc-joaquimruyra-blanes\/wp-json\/wp\/v2\/posts\/17202\/revisions"}],"predecessor-version":[{"id":17205,"href":"https:\/\/agora.xtec.cat\/esc-joaquimruyra-blanes\/wp-json\/wp\/v2\/posts\/17202\/revisions\/17205"}],"wp:featuredmedia":[{"embeddable":true,"href":"https:\/\/agora.xtec.cat\/esc-joaquimruyra-blanes\/wp-json\/wp\/v2\/media\/17204"}],"wp:attachment":[{"href":"https:\/\/agora.xtec.cat\/esc-joaquimruyra-blanes\/wp-json\/wp\/v2\/media?parent=17202"}],"wp:term":[{"taxonomy":"category","embeddable":true,"href":"https:\/\/agora.xtec.cat\/esc-joaquimruyra-blanes\/wp-json\/wp\/v2\/categories?post=17202"},{"taxonomy":"post_tag","embeddable":true,"href":"https:\/\/agora.xtec.cat\/esc-joaquimruyra-blanes\/wp-json\/wp\/v2\/tags?post=17202"}],"curies":[{"name":"wp","href":"https:\/\/api.w.org\/{rel}","templated":true}]}}