{"id":16985,"date":"2024-02-21T16:24:29","date_gmt":"2024-02-21T15:24:29","guid":{"rendered":"https:\/\/agora.xtec.cat\/esc-joaquimruyra-blanes\/?p=16985"},"modified":"2024-02-21T16:24:29","modified_gmt":"2024-02-21T15:24:29","slug":"a-5e-ens-visita-loriol-canosa","status":"publish","type":"post","link":"https:\/\/agora.xtec.cat\/esc-joaquimruyra-blanes\/general\/a-5e-ens-visita-loriol-canosa\/","title":{"rendered":"A 5\u00e8 ens visita l&#8217;Oriol Canosa"},"content":{"rendered":"<p>La tarda de dimarts 20 de febrer va ser ben especial per a l&#8217;alumnat de 5\u00e8, ja que vam rebre la visita de l&#8217;escriptor Oriol Canosa, autor entre d&#8217;altres, de l&#8217;Illa de Paidon\u00e8sia i la s\u00e8rie Els robotots.<\/p>\n<p>Durant el 1r trimestre, vam llegir un dels seus llibres, &#8220;El bandit i les bessones Mataqu\u00edn&#8221;, que concursa als premis Atrapallibres d&#8217;enguany.<\/p>\n<p>A l&#8217;alumnat li va fer especial il\u00b7lusi\u00f3 fer una trobada amb la persona que hi ha darrere del llibre.<\/p>\n<p>L&#8217;Oriol va respondre les preguntes dels nens i nenes de 5\u00e8. Ens va parlar de l&#8217;ofici d&#8217;escriptor, de la seva afici\u00f3 per caminar (ha recorregut Europa a peu 2 vegades!), dels seus anteriors oficis (va treballar de cuiner en un refugi de muntanya i va ser llibreter).<\/p>\n<p>Despr\u00e9s vam estrenar dos jocs de taula, el &#8220;Qui soc?&#8221; i l'&#8221;Oca del bandit&#8221;.<\/p>\n<p>Va fer una tarda molt emocionant! Oriol, gr\u00e0cies per la teva visita!<\/p>\n\n\t\t<style type=\"text\/css\">\n\t\t\t#gallery-1 {\n\t\t\t\tmargin: auto;\n\t\t\t}\n\t\t\t#gallery-1 .gallery-item {\n\t\t\t\tfloat: left;\n\t\t\t\tmargin-top: 10px;\n\t\t\t\ttext-align: center;\n\t\t\t\twidth: 33%;\n\t\t\t}\n\t\t\t#gallery-1 img {\n\t\t\t\tborder: 2px solid #cfcfcf;\n\t\t\t}\n\t\t\t#gallery-1 .gallery-caption {\n\t\t\t\tmargin-left: 0;\n\t\t\t}\n\t\t\t\/* see gallery_shortcode() in wp-includes\/media.php *\/\n\t\t<\/style>\n\t\t<div id='gallery-1' class='gallery galleryid-16985 gallery-columns-3 gallery-size-large'><dl class='gallery-item'>\n\t\t\t<dt class='gallery-icon landscape'>\n\t\t\t\t<a href='https:\/\/agora.xtec.cat\/esc-joaquimruyra-blanes\/whatsapp-image-2024-02-21-at-08-02-43\/'><img loading=\"lazy\" decoding=\"async\" width=\"1024\" height=\"768\" src=\"https:\/\/agora.xtec.cat\/esc-joaquimruyra-blanes\/wp-content\/uploads\/usu757\/2024\/02\/WhatsApp-Image-2024-02-21-at-08.02.43-1024x768.jpeg\" class=\"attachment-large size-large\" alt=\"\" srcset=\"https:\/\/agora.xtec.cat\/esc-joaquimruyra-blanes\/wp-content\/uploads\/usu757\/2024\/02\/WhatsApp-Image-2024-02-21-at-08.02.43-1024x768.jpeg 1024w, https:\/\/agora.xtec.cat\/esc-joaquimruyra-blanes\/wp-content\/uploads\/usu757\/2024\/02\/WhatsApp-Image-2024-02-21-at-08.02.43-300x225.jpeg 300w, https:\/\/agora.xtec.cat\/esc-joaquimruyra-blanes\/wp-content\/uploads\/usu757\/2024\/02\/WhatsApp-Image-2024-02-21-at-08.02.43-768x576.jpeg 768w, https:\/\/agora.xtec.cat\/esc-joaquimruyra-blanes\/wp-content\/uploads\/usu757\/2024\/02\/WhatsApp-Image-2024-02-21-at-08.02.43-1536x1152.jpeg 1536w, https:\/\/agora.xtec.cat\/esc-joaquimruyra-blanes\/wp-content\/uploads\/usu757\/2024\/02\/WhatsApp-Image-2024-02-21-at-08.02.43-200x150.jpeg 200w, https:\/\/agora.xtec.cat\/esc-joaquimruyra-blanes\/wp-content\/uploads\/usu757\/2024\/02\/WhatsApp-Image-2024-02-21-at-08.02.43.jpeg 2048w\" sizes=\"auto, (max-width: 1024px) 100vw, 1024px\" \/><\/a>\n\t\t\t<\/dt><\/dl><dl class='gallery-item'>\n\t\t\t<dt class='gallery-icon landscape'>\n\t\t\t\t<a href='https:\/\/agora.xtec.cat\/esc-joaquimruyra-blanes\/whatsapp-image-2024-02-21-at-08-02-35\/'><img loading=\"lazy\" decoding=\"async\" width=\"1024\" height=\"768\" src=\"https:\/\/agora.xtec.cat\/esc-joaquimruyra-blanes\/wp-content\/uploads\/usu757\/2024\/02\/WhatsApp-Image-2024-02-21-at-08.02.35-1024x768.jpeg\" class=\"attachment-large size-large\" alt=\"\" srcset=\"https:\/\/agora.xtec.cat\/esc-joaquimruyra-blanes\/wp-content\/uploads\/usu757\/2024\/02\/WhatsApp-Image-2024-02-21-at-08.02.35-1024x768.jpeg 1024w, https:\/\/agora.xtec.cat\/esc-joaquimruyra-blanes\/wp-content\/uploads\/usu757\/2024\/02\/WhatsApp-Image-2024-02-21-at-08.02.35-300x225.jpeg 300w, https:\/\/agora.xtec.cat\/esc-joaquimruyra-blanes\/wp-content\/uploads\/usu757\/2024\/02\/WhatsApp-Image-2024-02-21-at-08.02.35-768x576.jpeg 768w, https:\/\/agora.xtec.cat\/esc-joaquimruyra-blanes\/wp-content\/uploads\/usu757\/2024\/02\/WhatsApp-Image-2024-02-21-at-08.02.35-1536x1152.jpeg 1536w, https:\/\/agora.xtec.cat\/esc-joaquimruyra-blanes\/wp-content\/uploads\/usu757\/2024\/02\/WhatsApp-Image-2024-02-21-at-08.02.35-200x150.jpeg 200w, https:\/\/agora.xtec.cat\/esc-joaquimruyra-blanes\/wp-content\/uploads\/usu757\/2024\/02\/WhatsApp-Image-2024-02-21-at-08.02.35.jpeg 2048w\" sizes=\"auto, (max-width: 1024px) 100vw, 1024px\" \/><\/a>\n\t\t\t<\/dt><\/dl>\n\t\t\t<br style='clear: both' \/>\n\t\t<\/div>\n\n","protected":false},"excerpt":{"rendered":"<p>La tarda de dimarts 20 de febrer va ser ben especial per a l&#8217;alumnat de 5\u00e8, ja que vam rebre la visita de l&#8217;escriptor Oriol Canosa, autor entre d&#8217;altres, de l&#8217;Illa de Paidon\u00e8sia i la s\u00e8rie Els robotots.<br \/>\nDurant el 1r trimestre, vam llegir un dels&hellip;  <a href=\"https:\/\/agora.xtec.cat\/esc-joaquimruyra-blanes\/general\/a-5e-ens-visita-loriol-canosa\/\" title=\"Read A 5\u00e8 ens visita l&#8217;Oriol Canosa\">Llegeix m\u00e9s\u00bb<\/a><\/p>\n","protected":false},"author":16,"featured_media":16988,"comment_status":"closed","ping_status":"closed","sticky":false,"template":"","format":"standard","meta":{"_bbp_topic_count":0,"_bbp_reply_count":0,"_bbp_total_topic_count":0,"_bbp_total_reply_count":0,"_bbp_voice_count":0,"_bbp_anonymous_reply_count":0,"_bbp_topic_count_hidden":0,"_bbp_reply_count_hidden":0,"_bbp_forum_subforum_count":0,"footnotes":""},"categories":[14,242,1,4],"tags":[],"class_list":["post-16985","post","type-post","status-publish","format-standard","has-post-thumbnail","hentry","category-5e","category-curs-2023-2024","category-general","category-portada"],"post_mailing_queue_ids":[],"_links":{"self":[{"href":"https:\/\/agora.xtec.cat\/esc-joaquimruyra-blanes\/wp-json\/wp\/v2\/posts\/16985","targetHints":{"allow":["GET"]}}],"collection":[{"href":"https:\/\/agora.xtec.cat\/esc-joaquimruyra-blanes\/wp-json\/wp\/v2\/posts"}],"about":[{"href":"https:\/\/agora.xtec.cat\/esc-joaquimruyra-blanes\/wp-json\/wp\/v2\/types\/post"}],"author":[{"embeddable":true,"href":"https:\/\/agora.xtec.cat\/esc-joaquimruyra-blanes\/wp-json\/wp\/v2\/users\/16"}],"replies":[{"embeddable":true,"href":"https:\/\/agora.xtec.cat\/esc-joaquimruyra-blanes\/wp-json\/wp\/v2\/comments?post=16985"}],"version-history":[{"count":3,"href":"https:\/\/agora.xtec.cat\/esc-joaquimruyra-blanes\/wp-json\/wp\/v2\/posts\/16985\/revisions"}],"predecessor-version":[{"id":16990,"href":"https:\/\/agora.xtec.cat\/esc-joaquimruyra-blanes\/wp-json\/wp\/v2\/posts\/16985\/revisions\/16990"}],"wp:featuredmedia":[{"embeddable":true,"href":"https:\/\/agora.xtec.cat\/esc-joaquimruyra-blanes\/wp-json\/wp\/v2\/media\/16988"}],"wp:attachment":[{"href":"https:\/\/agora.xtec.cat\/esc-joaquimruyra-blanes\/wp-json\/wp\/v2\/media?parent=16985"}],"wp:term":[{"taxonomy":"category","embeddable":true,"href":"https:\/\/agora.xtec.cat\/esc-joaquimruyra-blanes\/wp-json\/wp\/v2\/categories?post=16985"},{"taxonomy":"post_tag","embeddable":true,"href":"https:\/\/agora.xtec.cat\/esc-joaquimruyra-blanes\/wp-json\/wp\/v2\/tags?post=16985"}],"curies":[{"name":"wp","href":"https:\/\/api.w.org\/{rel}","templated":true}]}}