{"id":16763,"date":"2024-01-26T15:14:53","date_gmt":"2024-01-26T14:14:53","guid":{"rendered":"https:\/\/agora.xtec.cat\/esc-joaquimruyra-blanes\/?p=16763"},"modified":"2024-01-26T15:14:53","modified_gmt":"2024-01-26T14:14:53","slug":"representacions-matematiques-a-sise","status":"publish","type":"post","link":"https:\/\/agora.xtec.cat\/esc-joaquimruyra-blanes\/general\/representacions-matematiques-a-sise\/","title":{"rendered":"REPRESENTACIONS MATEM\u00c0TIQUES A SIS\u00c8"},"content":{"rendered":"<p>ATENCI\u00d3!!! Not\u00edcia de la setmana.<br \/>\nA continuaci\u00f3 us explicarem una nova experi\u00e8ncia que hem fet a Aventures.<\/p>\n<p>Per comen\u00e7ar, ens van donar per grups un concepte matem\u00e0tic escrit en un paper, per exemple: 90 graus, simetria axial, centena, etc. i el vam haver de representar amb el nostre cos. Els altres grups havien d&#8217;endevinar quin concepte matem\u00e0tic era. Alguns costaven m\u00e9s que d\u2019altres per\u00f2, al final, vam aconseguir endevinar-los tots.<\/p>\n<p>En poques paraules, creiem que seria una experi\u00e8ncia divertida per repetir en d\u2019altres ocasions.<\/p>\n<p>Us deixem unes fotografies de les representacions dels conceptes matem\u00e0tics.<br \/>\nA veure si els endevineu!!!<\/p>\n<p>Not\u00edcia elaborada per: Mariam, Ibai, David, Malak Z., Khadija.<\/p>\n<p>Cliqueu <a href=\"https:\/\/docs.google.com\/document\/d\/1KC6sPw3Ee62lfIC0MkrfaDybXaWHDgguRTWRCt26L9k\/edit?usp=sharing\">AQU\u00cd<\/a> per veure les fotografies.<\/p>\n<p>Cliqueu <a href=\"https:\/\/docs.google.com\/document\/d\/1Zcq3ycA68yogk2j6OgxgEdIQMRdRcbRDB3ry2cHY1DM\/edit?usp=sharing\">AQU\u00cd<\/a> per veure les respostes.<\/p>\n","protected":false},"excerpt":{"rendered":"<p>ATENCI\u00d3!!! Not\u00edcia de la setmana.<br \/>\nA continuaci\u00f3 us explicarem una nova experi\u00e8ncia que hem fet a Aventures.<br \/>\nPer comen\u00e7ar, ens van donar per grups un concepte matem\u00e0tic escrit en un paper, per exemple: 90 graus, simetria axial, centena, etc. i el vam haver de representar amb el&hellip;  <a href=\"https:\/\/agora.xtec.cat\/esc-joaquimruyra-blanes\/general\/representacions-matematiques-a-sise\/\" title=\"Read REPRESENTACIONS MATEM\u00c0TIQUES A SIS\u00c8\">Llegeix m\u00e9s\u00bb<\/a><\/p>\n","protected":false},"author":17,"featured_media":0,"comment_status":"closed","ping_status":"closed","sticky":false,"template":"","format":"standard","meta":{"_bbp_topic_count":0,"_bbp_reply_count":0,"_bbp_total_topic_count":0,"_bbp_total_reply_count":0,"_bbp_voice_count":0,"_bbp_anonymous_reply_count":0,"_bbp_topic_count_hidden":0,"_bbp_reply_count_hidden":0,"_bbp_forum_subforum_count":0,"footnotes":""},"categories":[15,242,1,4,39],"tags":[],"class_list":["post-16763","post","type-post","status-publish","format-standard","hentry","category-6e","category-curs-2023-2024","category-general","category-portada","category-primaria"],"post_mailing_queue_ids":[],"_links":{"self":[{"href":"https:\/\/agora.xtec.cat\/esc-joaquimruyra-blanes\/wp-json\/wp\/v2\/posts\/16763","targetHints":{"allow":["GET"]}}],"collection":[{"href":"https:\/\/agora.xtec.cat\/esc-joaquimruyra-blanes\/wp-json\/wp\/v2\/posts"}],"about":[{"href":"https:\/\/agora.xtec.cat\/esc-joaquimruyra-blanes\/wp-json\/wp\/v2\/types\/post"}],"author":[{"embeddable":true,"href":"https:\/\/agora.xtec.cat\/esc-joaquimruyra-blanes\/wp-json\/wp\/v2\/users\/17"}],"replies":[{"embeddable":true,"href":"https:\/\/agora.xtec.cat\/esc-joaquimruyra-blanes\/wp-json\/wp\/v2\/comments?post=16763"}],"version-history":[{"count":3,"href":"https:\/\/agora.xtec.cat\/esc-joaquimruyra-blanes\/wp-json\/wp\/v2\/posts\/16763\/revisions"}],"predecessor-version":[{"id":16768,"href":"https:\/\/agora.xtec.cat\/esc-joaquimruyra-blanes\/wp-json\/wp\/v2\/posts\/16763\/revisions\/16768"}],"wp:attachment":[{"href":"https:\/\/agora.xtec.cat\/esc-joaquimruyra-blanes\/wp-json\/wp\/v2\/media?parent=16763"}],"wp:term":[{"taxonomy":"category","embeddable":true,"href":"https:\/\/agora.xtec.cat\/esc-joaquimruyra-blanes\/wp-json\/wp\/v2\/categories?post=16763"},{"taxonomy":"post_tag","embeddable":true,"href":"https:\/\/agora.xtec.cat\/esc-joaquimruyra-blanes\/wp-json\/wp\/v2\/tags?post=16763"}],"curies":[{"name":"wp","href":"https:\/\/api.w.org\/{rel}","templated":true}]}}