{"id":16690,"date":"2023-12-04T11:09:52","date_gmt":"2023-12-04T10:09:52","guid":{"rendered":"https:\/\/agora.xtec.cat\/esc-joaquimruyra-blanes\/?p=16690"},"modified":"2023-12-04T11:12:10","modified_gmt":"2023-12-04T10:12:10","slug":"setmana-artistica-a-educacio-infantil","status":"publish","type":"post","link":"https:\/\/agora.xtec.cat\/esc-joaquimruyra-blanes\/general\/setmana-artistica-a-educacio-infantil\/","title":{"rendered":"SETMANA ART\u00cdSTICA A EDUCACI\u00d3 INFANTIL"},"content":{"rendered":"<p><span style=\"font-weight: 400;\">Benvolgudes fam\u00edlies, <\/span><\/p>\n<p><span style=\"font-weight: 400;\">Aquest mes de novembre la nostra escola ha dedicat una setmana a aprendre gr\u00e0cies a l\u2019ART i als artistes que el desenvolupen. <\/span><\/p>\n<p><span style=\"font-weight: 400;\">A infantil, concretament, hem conegut l\u2019Herv\u00e9 Tullet, artista franc\u00e8s que actualment viu a Nova York i que ha escrit m\u00e9s de 80 llibres per a infants! \u00c9s conegut i reconegut internacionalment i, tal com ell defensa, els nens i nenes de la Vila hem tingut l\u2019oportunitat de deixar anar la nostra imaginaci\u00f3 per ser creatius. Hem pogut fer les nostres obres d\u2019art i les hem exposat perqu\u00e8 les fam\u00edlies ho pogu\u00e9ssiu gaudir el dia de Portes Obertes. <\/span><\/p>\n<p><span style=\"font-weight: 400;\">Us deixem aqu\u00ed els 2 v\u00eddeos com a mostra d\u2019aquesta gran experi\u00e8ncia. Gr\u00e0cies per venir-ho a veure!<\/span><\/p>\n<p><iframe loading=\"lazy\" title=\"1 SET ART\u00cdSTICA INFANTIL\" width=\"500\" height=\"281\" src=\"https:\/\/www.youtube.com\/embed\/0nsR3RrILQQ?feature=oembed\" frameborder=\"0\" allow=\"accelerometer; autoplay; clipboard-write; encrypted-media; gyroscope; picture-in-picture; web-share\" referrerpolicy=\"strict-origin-when-cross-origin\" allowfullscreen><\/iframe><\/p>\n<p><iframe loading=\"lazy\" title=\"2 PORTES OBERTES A INFANTIL\" width=\"500\" height=\"375\" src=\"https:\/\/www.youtube.com\/embed\/dKx8iYGcG_0?feature=oembed\" frameborder=\"0\" allow=\"accelerometer; autoplay; clipboard-write; encrypted-media; gyroscope; picture-in-picture; web-share\" referrerpolicy=\"strict-origin-when-cross-origin\" allowfullscreen><\/iframe><\/p>\n<p>&nbsp;<\/p>\n","protected":false},"excerpt":{"rendered":"<p>Benvolgudes fam\u00edlies,<br \/>\nAquest mes de novembre la nostra escola ha dedicat una setmana a aprendre gr\u00e0cies a l\u2019ART i als artistes que el desenvolupen.<br \/>\nA infantil, concretament, hem conegut l\u2019Herv\u00e9 Tullet, artista franc\u00e8s que actualment viu a Nova York i que ha escrit m\u00e9s de&hellip;  <a href=\"https:\/\/agora.xtec.cat\/esc-joaquimruyra-blanes\/general\/setmana-artistica-a-educacio-infantil\/\" title=\"Read SETMANA ART\u00cdSTICA A EDUCACI\u00d3 INFANTIL\">Llegeix m\u00e9s\u00bb<\/a><\/p>\n","protected":false},"author":57,"featured_media":16694,"comment_status":"closed","ping_status":"closed","sticky":false,"template":"","format":"standard","meta":{"_bbp_topic_count":0,"_bbp_reply_count":0,"_bbp_total_topic_count":0,"_bbp_total_reply_count":0,"_bbp_voice_count":0,"_bbp_anonymous_reply_count":0,"_bbp_topic_count_hidden":0,"_bbp_reply_count_hidden":0,"_bbp_forum_subforum_count":0,"footnotes":""},"categories":[242,1,32,4],"tags":[],"class_list":["post-16690","post","type-post","status-publish","format-standard","has-post-thumbnail","hentry","category-curs-2023-2024","category-general","category-infantil","category-portada"],"post_mailing_queue_ids":[],"_links":{"self":[{"href":"https:\/\/agora.xtec.cat\/esc-joaquimruyra-blanes\/wp-json\/wp\/v2\/posts\/16690","targetHints":{"allow":["GET"]}}],"collection":[{"href":"https:\/\/agora.xtec.cat\/esc-joaquimruyra-blanes\/wp-json\/wp\/v2\/posts"}],"about":[{"href":"https:\/\/agora.xtec.cat\/esc-joaquimruyra-blanes\/wp-json\/wp\/v2\/types\/post"}],"author":[{"embeddable":true,"href":"https:\/\/agora.xtec.cat\/esc-joaquimruyra-blanes\/wp-json\/wp\/v2\/users\/57"}],"replies":[{"embeddable":true,"href":"https:\/\/agora.xtec.cat\/esc-joaquimruyra-blanes\/wp-json\/wp\/v2\/comments?post=16690"}],"version-history":[{"count":3,"href":"https:\/\/agora.xtec.cat\/esc-joaquimruyra-blanes\/wp-json\/wp\/v2\/posts\/16690\/revisions"}],"predecessor-version":[{"id":16693,"href":"https:\/\/agora.xtec.cat\/esc-joaquimruyra-blanes\/wp-json\/wp\/v2\/posts\/16690\/revisions\/16693"}],"wp:featuredmedia":[{"embeddable":true,"href":"https:\/\/agora.xtec.cat\/esc-joaquimruyra-blanes\/wp-json\/wp\/v2\/media\/16694"}],"wp:attachment":[{"href":"https:\/\/agora.xtec.cat\/esc-joaquimruyra-blanes\/wp-json\/wp\/v2\/media?parent=16690"}],"wp:term":[{"taxonomy":"category","embeddable":true,"href":"https:\/\/agora.xtec.cat\/esc-joaquimruyra-blanes\/wp-json\/wp\/v2\/categories?post=16690"},{"taxonomy":"post_tag","embeddable":true,"href":"https:\/\/agora.xtec.cat\/esc-joaquimruyra-blanes\/wp-json\/wp\/v2\/tags?post=16690"}],"curies":[{"name":"wp","href":"https:\/\/api.w.org\/{rel}","templated":true}]}}