{"id":16579,"date":"2023-11-03T08:46:32","date_gmt":"2023-11-03T07:46:32","guid":{"rendered":"https:\/\/agora.xtec.cat\/esc-joaquimruyra-blanes\/?p=16579"},"modified":"2023-11-03T08:47:37","modified_gmt":"2023-11-03T07:47:37","slug":"ballem-una-canco-de-tardor","status":"publish","type":"post","link":"https:\/\/agora.xtec.cat\/esc-joaquimruyra-blanes\/general\/ballem-una-canco-de-tardor\/","title":{"rendered":"Ballem una can\u00e7\u00f3 de tardor"},"content":{"rendered":"<p>Els crancs i els dofins, a l&#8217;hora de m\u00fasica, hem escoltat una can\u00e7\u00f3 de la tardor que es diu &#8220;Les fulletes&#8221; i hem fet d&#8217;arbres.<\/p>\n<p>Despr\u00e9s hem pintat la nostra fulla amb els colors de la tardor: groc, marr\u00f3, verd o vermell.<\/p>\n<p>Qu\u00e8 b\u00e9 que ens ha quedat!<\/p>\n<p>&nbsp;<\/p>\n<p><a href=\"https:\/\/agora.xtec.cat\/esc-joaquimruyra-blanes\/wp-content\/uploads\/usu757\/2023\/11\/20231010_115351.jpg\">\u00a0 \u00a0 \u00a0 \u00a0 \u00a0 \u00a0 \u00a0 \u00a0 \u00a0 \u00a0 \u00a0 \u00a0\u00a0 \u00a0 \u00a0 \u00a0 \u00a0 \u00a0 \u00a0\u00a0 <img loading=\"lazy\" decoding=\"async\" class=\"alignnone wp-image-16581\" src=\"https:\/\/agora.xtec.cat\/esc-joaquimruyra-blanes\/wp-content\/uploads\/usu757\/2023\/11\/20231010_115351.jpg\" alt=\"\" width=\"424\" height=\"318\" srcset=\"https:\/\/agora.xtec.cat\/esc-joaquimruyra-blanes\/wp-content\/uploads\/usu757\/2023\/11\/20231010_115351.jpg 1024w, https:\/\/agora.xtec.cat\/esc-joaquimruyra-blanes\/wp-content\/uploads\/usu757\/2023\/11\/20231010_115351-300x225.jpg 300w, https:\/\/agora.xtec.cat\/esc-joaquimruyra-blanes\/wp-content\/uploads\/usu757\/2023\/11\/20231010_115351-768x576.jpg 768w, https:\/\/agora.xtec.cat\/esc-joaquimruyra-blanes\/wp-content\/uploads\/usu757\/2023\/11\/20231010_115351-200x150.jpg 200w\" sizes=\"auto, (max-width: 424px) 100vw, 424px\" \/>\u00a0\u00a0\u00a0\u00a0\u00a0\u00a0\u00a0\u00a0\u00a0\u00a0\u00a0\u00a0\u00a0\u00a0\u00a0\u00a0\u00a0\u00a0\u00a0\u00a0\u00a0\u00a0\u00a0\u00a0\u00a0\u00a0\u00a0\u00a0\u00a0\u00a0\u00a0\u00a0\u00a0\u00a0\u00a0\u00a0\u00a0\u00a0\u00a0\u00a0\u00a0\u00a0\u00a0\u00a0\u00a0\u00a0\u00a0\u00a0\u00a0\u00a0\u00a0\u00a0\u00a0\u00a0\u00a0<\/a> <a href=\"https:\/\/agora.xtec.cat\/esc-joaquimruyra-blanes\/wp-content\/uploads\/usu757\/2023\/11\/20231020_115208.jpg\"><img loading=\"lazy\" decoding=\"async\" class=\"alignnone wp-image-16582\" src=\"https:\/\/agora.xtec.cat\/esc-joaquimruyra-blanes\/wp-content\/uploads\/usu757\/2023\/11\/20231020_115208.jpg\" alt=\"\" width=\"434\" height=\"325\" srcset=\"https:\/\/agora.xtec.cat\/esc-joaquimruyra-blanes\/wp-content\/uploads\/usu757\/2023\/11\/20231020_115208.jpg 1024w, https:\/\/agora.xtec.cat\/esc-joaquimruyra-blanes\/wp-content\/uploads\/usu757\/2023\/11\/20231020_115208-300x225.jpg 300w, https:\/\/agora.xtec.cat\/esc-joaquimruyra-blanes\/wp-content\/uploads\/usu757\/2023\/11\/20231020_115208-768x576.jpg 768w, https:\/\/agora.xtec.cat\/esc-joaquimruyra-blanes\/wp-content\/uploads\/usu757\/2023\/11\/20231020_115208-200x150.jpg 200w\" sizes=\"auto, (max-width: 434px) 100vw, 434px\" \/><\/a> <a href=\"https:\/\/agora.xtec.cat\/esc-joaquimruyra-blanes\/wp-content\/uploads\/usu757\/2023\/11\/20231027_102007.jpg\"><img loading=\"lazy\" decoding=\"async\" class=\"alignnone wp-image-16583\" src=\"https:\/\/agora.xtec.cat\/esc-joaquimruyra-blanes\/wp-content\/uploads\/usu757\/2023\/11\/20231027_102007.jpg\" alt=\"\" width=\"434\" height=\"325\" srcset=\"https:\/\/agora.xtec.cat\/esc-joaquimruyra-blanes\/wp-content\/uploads\/usu757\/2023\/11\/20231027_102007.jpg 1024w, https:\/\/agora.xtec.cat\/esc-joaquimruyra-blanes\/wp-content\/uploads\/usu757\/2023\/11\/20231027_102007-300x225.jpg 300w, https:\/\/agora.xtec.cat\/esc-joaquimruyra-blanes\/wp-content\/uploads\/usu757\/2023\/11\/20231027_102007-768x576.jpg 768w, https:\/\/agora.xtec.cat\/esc-joaquimruyra-blanes\/wp-content\/uploads\/usu757\/2023\/11\/20231027_102007-200x150.jpg 200w\" sizes=\"auto, (max-width: 434px) 100vw, 434px\" \/>\u00a0\u00a0\u00a0\u00a0\u00a0\u00a0\u00a0\u00a0\u00a0\u00a0\u00a0\u00a0\u00a0\u00a0\u00a0\u00a0\u00a0<\/a><\/p>\n","protected":false},"excerpt":{"rendered":"<p>Els crancs i els dofins, a l&#8217;hora de m\u00fasica, hem escoltat una can\u00e7\u00f3 de la tardor que es diu &#8220;Les fulletes&#8221; i hem fet d&#8217;arbres.<br \/>\nDespr\u00e9s hem pintat la nostra fulla amb els colors de la tardor: groc, marr\u00f3, verd o vermell.<br \/>\nQu\u00e8 b\u00e9 que ens ha&hellip;  <a href=\"https:\/\/agora.xtec.cat\/esc-joaquimruyra-blanes\/general\/ballem-una-canco-de-tardor\/\" title=\"Read Ballem una can\u00e7\u00f3 de tardor\">Llegeix m\u00e9s\u00bb<\/a><\/p>\n","protected":false},"author":1,"featured_media":0,"comment_status":"closed","ping_status":"closed","sticky":false,"template":"","format":"standard","meta":{"_bbp_topic_count":0,"_bbp_reply_count":0,"_bbp_total_topic_count":0,"_bbp_total_reply_count":0,"_bbp_voice_count":0,"_bbp_anonymous_reply_count":0,"_bbp_topic_count_hidden":0,"_bbp_reply_count_hidden":0,"_bbp_forum_subforum_count":0,"footnotes":""},"categories":[242,1,32,4],"tags":[],"class_list":["post-16579","post","type-post","status-publish","format-standard","hentry","category-curs-2023-2024","category-general","category-infantil","category-portada"],"post_mailing_queue_ids":[],"_links":{"self":[{"href":"https:\/\/agora.xtec.cat\/esc-joaquimruyra-blanes\/wp-json\/wp\/v2\/posts\/16579","targetHints":{"allow":["GET"]}}],"collection":[{"href":"https:\/\/agora.xtec.cat\/esc-joaquimruyra-blanes\/wp-json\/wp\/v2\/posts"}],"about":[{"href":"https:\/\/agora.xtec.cat\/esc-joaquimruyra-blanes\/wp-json\/wp\/v2\/types\/post"}],"author":[{"embeddable":true,"href":"https:\/\/agora.xtec.cat\/esc-joaquimruyra-blanes\/wp-json\/wp\/v2\/users\/1"}],"replies":[{"embeddable":true,"href":"https:\/\/agora.xtec.cat\/esc-joaquimruyra-blanes\/wp-json\/wp\/v2\/comments?post=16579"}],"version-history":[{"count":7,"href":"https:\/\/agora.xtec.cat\/esc-joaquimruyra-blanes\/wp-json\/wp\/v2\/posts\/16579\/revisions"}],"predecessor-version":[{"id":16592,"href":"https:\/\/agora.xtec.cat\/esc-joaquimruyra-blanes\/wp-json\/wp\/v2\/posts\/16579\/revisions\/16592"}],"wp:attachment":[{"href":"https:\/\/agora.xtec.cat\/esc-joaquimruyra-blanes\/wp-json\/wp\/v2\/media?parent=16579"}],"wp:term":[{"taxonomy":"category","embeddable":true,"href":"https:\/\/agora.xtec.cat\/esc-joaquimruyra-blanes\/wp-json\/wp\/v2\/categories?post=16579"},{"taxonomy":"post_tag","embeddable":true,"href":"https:\/\/agora.xtec.cat\/esc-joaquimruyra-blanes\/wp-json\/wp\/v2\/tags?post=16579"}],"curies":[{"name":"wp","href":"https:\/\/api.w.org\/{rel}","templated":true}]}}