{"id":16530,"date":"2023-10-10T15:57:05","date_gmt":"2023-10-10T13:57:05","guid":{"rendered":"https:\/\/agora.xtec.cat\/esc-joaquimruyra-blanes\/?p=16530"},"modified":"2023-10-10T15:57:05","modified_gmt":"2023-10-10T13:57:05","slug":"les-tardes-de-setembre","status":"publish","type":"post","link":"https:\/\/agora.xtec.cat\/esc-joaquimruyra-blanes\/general\/les-tardes-de-setembre\/","title":{"rendered":"Les tardes de setembre"},"content":{"rendered":"<p>Les primeres setmanes de setembre hem dedicat les tardes a fer activitats m\u00e9s l\u00fadiques, com jocs de taula i activitats m\u00e9s art\u00edstiques per decorar els passadissos.<\/p>\n<ul>\n<li>Cicle Inicial: ha treballat diferents valors elaborant un mural conjunt per a cada curs.<\/li>\n<li>Cicle Mitj\u00e0 i Cicle Inicial: han decorat els passadissos utilitzant fotos dels seus ulls i desitjos pel nou curs escolar.<\/li>\n<li>Cicle Superior: s&#8217;ha centrat en la conscienciaci\u00f3 i l&#8217;efecte del canvi clim\u00e0tic.<\/li>\n<\/ul>\n<p>Aqu\u00ed podeu veure el recull d&#8217;algunes de les creacions.<\/p>\n<p><iframe loading=\"lazy\" title=\"Les tardes de setembre\" width=\"500\" height=\"281\" src=\"https:\/\/www.youtube.com\/embed\/cKsLBJ0Tl-M?feature=oembed\" frameborder=\"0\" allow=\"accelerometer; autoplay; clipboard-write; encrypted-media; gyroscope; picture-in-picture; web-share\" referrerpolicy=\"strict-origin-when-cross-origin\" allowfullscreen><\/iframe><\/p>\n","protected":false},"excerpt":{"rendered":"<p>Les primeres setmanes de setembre hem dedicat les tardes a fer activitats m\u00e9s l\u00fadiques, com jocs de taula i activitats m\u00e9s art\u00edstiques per decorar els passadissos.<\/p>\n<ul>\n<li>Cicle Inicial: ha treballat diferents valors elaborant un mural conjunt per a cada curs.<\/li>\n<li>Cicle Mitj\u00e0 i Cicle Inicial: han decorat&hellip;  <a href=\"https:\/\/agora.xtec.cat\/esc-joaquimruyra-blanes\/general\/les-tardes-de-setembre\/\" title=\"Read Les tardes de setembre\">Llegeix m\u00e9s\u00bb<\/a><br \/>\n","protected":false},"author":11,"featured_media":16537,"comment_status":"closed","ping_status":"closed","sticky":false,"template":"","format":"standard","meta":{"_bbp_topic_count":0,"_bbp_reply_count":0,"_bbp_total_topic_count":0,"_bbp_total_reply_count":0,"_bbp_voice_count":0,"_bbp_anonymous_reply_count":0,"_bbp_topic_count_hidden":0,"_bbp_reply_count_hidden":0,"_bbp_forum_subforum_count":0,"footnotes":""},"categories":[1,4,39],"tags":[],"class_list":["post-16530","post","type-post","status-publish","format-standard","has-post-thumbnail","hentry","category-general","category-portada","category-primaria"],"post_mailing_queue_ids":[],"_links":{"self":[{"href":"https:\/\/agora.xtec.cat\/esc-joaquimruyra-blanes\/wp-json\/wp\/v2\/posts\/16530","targetHints":{"allow":["GET"]}}],"collection":[{"href":"https:\/\/agora.xtec.cat\/esc-joaquimruyra-blanes\/wp-json\/wp\/v2\/posts"}],"about":[{"href":"https:\/\/agora.xtec.cat\/esc-joaquimruyra-blanes\/wp-json\/wp\/v2\/types\/post"}],"author":[{"embeddable":true,"href":"https:\/\/agora.xtec.cat\/esc-joaquimruyra-blanes\/wp-json\/wp\/v2\/users\/11"}],"replies":[{"embeddable":true,"href":"https:\/\/agora.xtec.cat\/esc-joaquimruyra-blanes\/wp-json\/wp\/v2\/comments?post=16530"}],"version-history":[{"count":6,"href":"https:\/\/agora.xtec.cat\/esc-joaquimruyra-blanes\/wp-json\/wp\/v2\/posts\/16530\/revisions"}],"predecessor-version":[{"id":16536,"href":"https:\/\/agora.xtec.cat\/esc-joaquimruyra-blanes\/wp-json\/wp\/v2\/posts\/16530\/revisions\/16536"}],"wp:featuredmedia":[{"embeddable":true,"href":"https:\/\/agora.xtec.cat\/esc-joaquimruyra-blanes\/wp-json\/wp\/v2\/media\/16537"}],"wp:attachment":[{"href":"https:\/\/agora.xtec.cat\/esc-joaquimruyra-blanes\/wp-json\/wp\/v2\/media?parent=16530"}],"wp:term":[{"taxonomy":"category","embeddable":true,"href":"https:\/\/agora.xtec.cat\/esc-joaquimruyra-blanes\/wp-json\/wp\/v2\/categories?post=16530"},{"taxonomy":"post_tag","embeddable":true,"href":"https:\/\/agora.xtec.cat\/esc-joaquimruyra-blanes\/wp-json\/wp\/v2\/tags?post=16530"}],"curies":[{"name":"wp","href":"https:\/\/api.w.org\/{rel}","templated":true}]}}