{"id":16525,"date":"2023-10-11T13:16:41","date_gmt":"2023-10-11T11:16:41","guid":{"rendered":"https:\/\/agora.xtec.cat\/esc-joaquimruyra-blanes\/?p=16525"},"modified":"2023-10-11T13:17:12","modified_gmt":"2023-10-11T11:17:12","slug":"festa-del-dia-100","status":"publish","type":"post","link":"https:\/\/agora.xtec.cat\/esc-joaquimruyra-blanes\/general\/festa-del-dia-100\/","title":{"rendered":"FESTA DEL DIA 100"},"content":{"rendered":"<p><span style=\"font-weight: 400;\">A l\u2019escola ens hem proposat celebrar el dia 100, per\u00f2 qu\u00e8 \u00e9s aquest dia?<\/span><\/p>\n<p><span style=\"font-weight: 400;\">L&#8217;alumnat de cicle inicial va comptant els dies que passen des de l\u2019inici de curs.<\/span><\/p>\n<p><span style=\"font-weight: 400;\">Cada dia van col\u00b7locant un nombre a la graella del 100 i un llapis al pot, amb l\u2019objectiu de practicar el comptatge fins arribar a 100. D\u2019aquest<\/span><span style=\"font-weight: 400;\">a manera la graella representa les unitats i els pots les desenes.<\/span><\/p>\n<p>&nbsp;<\/p>\n<p><a href=\"https:\/\/agora.xtec.cat\/esc-joaquimruyra-blanes\/wp-content\/uploads\/usu757\/2023\/10\/IMG_0500d-rotated.jpg\"><img loading=\"lazy\" decoding=\"async\" class=\"alignnone size-full wp-image-16526\" src=\"https:\/\/agora.xtec.cat\/esc-joaquimruyra-blanes\/wp-content\/uploads\/usu757\/2023\/10\/IMG_0500d-rotated.jpg\" alt=\"\" width=\"480\" height=\"640\" srcset=\"https:\/\/agora.xtec.cat\/esc-joaquimruyra-blanes\/wp-content\/uploads\/usu757\/2023\/10\/IMG_0500d-rotated.jpg 480w, https:\/\/agora.xtec.cat\/esc-joaquimruyra-blanes\/wp-content\/uploads\/usu757\/2023\/10\/IMG_0500d-225x300.jpg 225w\" sizes=\"auto, (max-width: 480px) 100vw, 480px\" \/><\/a> <a href=\"https:\/\/agora.xtec.cat\/esc-joaquimruyra-blanes\/wp-content\/uploads\/usu757\/2023\/10\/IMG_0501.jpg\"><img loading=\"lazy\" decoding=\"async\" class=\"alignnone size-large wp-image-16527\" src=\"https:\/\/agora.xtec.cat\/esc-joaquimruyra-blanes\/wp-content\/uploads\/usu757\/2023\/10\/IMG_0501.jpg\" alt=\"\" width=\"640\" height=\"480\" srcset=\"https:\/\/agora.xtec.cat\/esc-joaquimruyra-blanes\/wp-content\/uploads\/usu757\/2023\/10\/IMG_0501.jpg 640w, https:\/\/agora.xtec.cat\/esc-joaquimruyra-blanes\/wp-content\/uploads\/usu757\/2023\/10\/IMG_0501-300x225.jpg 300w, https:\/\/agora.xtec.cat\/esc-joaquimruyra-blanes\/wp-content\/uploads\/usu757\/2023\/10\/IMG_0501-200x150.jpg 200w\" sizes=\"auto, (max-width: 640px) 100vw, 640px\" \/><\/a><\/p>\n<p><span style=\"font-weight: 400;\">Arribat aquell dia celebrarem el dia 100 amb una festassa!!!<\/span><\/p>\n","protected":false},"excerpt":{"rendered":"<p>A l\u2019escola ens hem proposat celebrar el dia 100, per\u00f2 qu\u00e8 \u00e9s aquest dia?<br \/>\nL&#8217;alumnat de cicle inicial va comptant els dies que passen des de l\u2019inici de curs.<br \/>\nCada dia van col\u00b7locant un nombre a la graella del 100 i un llapis al pot, amb l\u2019objectiu&hellip;  <a href=\"https:\/\/agora.xtec.cat\/esc-joaquimruyra-blanes\/general\/festa-del-dia-100\/\" title=\"Read FESTA DEL DIA 100\">Llegeix m\u00e9s\u00bb<\/a><\/p>\n","protected":false},"author":17,"featured_media":0,"comment_status":"closed","ping_status":"closed","sticky":false,"template":"","format":"standard","meta":{"_bbp_topic_count":0,"_bbp_reply_count":0,"_bbp_total_topic_count":0,"_bbp_total_reply_count":0,"_bbp_voice_count":0,"_bbp_anonymous_reply_count":0,"_bbp_topic_count_hidden":0,"_bbp_reply_count_hidden":0,"_bbp_forum_subforum_count":0,"footnotes":""},"categories":[1,4,39],"tags":[],"class_list":["post-16525","post","type-post","status-publish","format-standard","hentry","category-general","category-portada","category-primaria"],"post_mailing_queue_ids":[],"_links":{"self":[{"href":"https:\/\/agora.xtec.cat\/esc-joaquimruyra-blanes\/wp-json\/wp\/v2\/posts\/16525","targetHints":{"allow":["GET"]}}],"collection":[{"href":"https:\/\/agora.xtec.cat\/esc-joaquimruyra-blanes\/wp-json\/wp\/v2\/posts"}],"about":[{"href":"https:\/\/agora.xtec.cat\/esc-joaquimruyra-blanes\/wp-json\/wp\/v2\/types\/post"}],"author":[{"embeddable":true,"href":"https:\/\/agora.xtec.cat\/esc-joaquimruyra-blanes\/wp-json\/wp\/v2\/users\/17"}],"replies":[{"embeddable":true,"href":"https:\/\/agora.xtec.cat\/esc-joaquimruyra-blanes\/wp-json\/wp\/v2\/comments?post=16525"}],"version-history":[{"count":2,"href":"https:\/\/agora.xtec.cat\/esc-joaquimruyra-blanes\/wp-json\/wp\/v2\/posts\/16525\/revisions"}],"predecessor-version":[{"id":16538,"href":"https:\/\/agora.xtec.cat\/esc-joaquimruyra-blanes\/wp-json\/wp\/v2\/posts\/16525\/revisions\/16538"}],"wp:attachment":[{"href":"https:\/\/agora.xtec.cat\/esc-joaquimruyra-blanes\/wp-json\/wp\/v2\/media?parent=16525"}],"wp:term":[{"taxonomy":"category","embeddable":true,"href":"https:\/\/agora.xtec.cat\/esc-joaquimruyra-blanes\/wp-json\/wp\/v2\/categories?post=16525"},{"taxonomy":"post_tag","embeddable":true,"href":"https:\/\/agora.xtec.cat\/esc-joaquimruyra-blanes\/wp-json\/wp\/v2\/tags?post=16525"}],"curies":[{"name":"wp","href":"https:\/\/api.w.org\/{rel}","templated":true}]}}