{"id":16384,"date":"2023-06-27T10:20:40","date_gmt":"2023-06-27T08:20:40","guid":{"rendered":"https:\/\/agora.xtec.cat\/esc-joaquimruyra-blanes\/?p=16384"},"modified":"2023-06-27T10:20:40","modified_gmt":"2023-06-27T08:20:40","slug":"educacio-fisica-3r-trimestre","status":"publish","type":"post","link":"https:\/\/agora.xtec.cat\/esc-joaquimruyra-blanes\/general\/educacio-fisica-3r-trimestre\/","title":{"rendered":"Educaci\u00f3 F\u00edsica (3r trimestre)"},"content":{"rendered":"<p style=\"text-align: left;\"><span style=\"font-weight: 400;\">Aquest trimestre a Prim\u00e0ria\u00a0 ens hem centrat en l\u2019expressi\u00f3 corporal i la dansa, i tamb\u00e9 hem practicat jocs tradicionals al cicle mitj\u00e0 i jocs m\u00e9s\u00a0 preesportius als cursos superiors.<\/span><\/p>\n<p><span style=\"font-weight: 400;\">A m\u00e9s a m\u00e9s, a cinqu\u00e8 hem acabat Vela gaudint d\u2019un mat\u00ed de multiesports aqu\u00e0tics (Kayak, Paddle Surf gegant i Vela) i despr\u00e9s hem rebut un certificat per la realitzaci\u00f3 del curs. El temps i l\u2019estat de la mar ens van acompanyar en aquell dia. Va ser fant\u00e0stic!<\/span><\/p>\n<p><span style=\"font-weight: 400;\">Amb l\u2019alumnat de sis\u00e8 vam visitar La Ciutat Esportiva, on ens vam reunir amb altres escoles i vam con\u00e8ixer de primera m\u00e0 els esports que es poden realitzar a Blanes amb un tastet de les diferents entitats, a part de poder participar d\u2019una xerrada d&#8217;en Ra\u00fal S\u00e1nchez, protagonista del documental \u201c26 d\u2019abril\u201d.<\/span><\/p>\n<p><span style=\"font-weight: 400;\">I amb cinqu\u00e8 vam participar de la jornada a la platja <\/span><b><i>Mulla\u2019t per l\u2019esport<\/i><\/b> <span style=\"font-weight: 400;\">organitzada pel GTEF practicant diferents esports i jocs a la platja. Les activitats van ser un \u00e8xit i vam gaudir remullant-nos per atenuar la calor.<\/span><\/p>\n<p>Us deixem un recull d&#8217;imatges perqu\u00e8 veieu qu\u00e8 b\u00e9 ens ho hem passat!!<\/p>\n<p><iframe loading=\"lazy\" title=\"Ed.F\u00edsica (3r trimestre)\" width=\"500\" height=\"375\" src=\"https:\/\/www.youtube.com\/embed\/meBZdZCnnWs?feature=oembed\" frameborder=\"0\" allow=\"accelerometer; autoplay; clipboard-write; encrypted-media; gyroscope; picture-in-picture; web-share\" referrerpolicy=\"strict-origin-when-cross-origin\" allowfullscreen><\/iframe><\/p>\n<p>&nbsp;<\/p>\n","protected":false},"excerpt":{"rendered":"<p>Aquest trimestre a Prim\u00e0ria\u00a0 ens hem centrat en l\u2019expressi\u00f3 corporal i la dansa, i tamb\u00e9 hem practicat jocs tradicionals al cicle mitj\u00e0 i jocs m\u00e9s\u00a0 preesportius als cursos superiors.<br \/>\nA m\u00e9s a m\u00e9s, a cinqu\u00e8 hem acabat Vela gaudint d\u2019un mat\u00ed de multiesports aqu\u00e0tics (Kayak, Paddle&hellip;  <a href=\"https:\/\/agora.xtec.cat\/esc-joaquimruyra-blanes\/general\/educacio-fisica-3r-trimestre\/\" title=\"Read Educaci\u00f3 F\u00edsica (3r trimestre)\">Llegeix m\u00e9s\u00bb<\/a><\/p>\n","protected":false},"author":11,"featured_media":16390,"comment_status":"closed","ping_status":"closed","sticky":false,"template":"","format":"standard","meta":{"_bbp_topic_count":0,"_bbp_reply_count":0,"_bbp_total_topic_count":0,"_bbp_total_reply_count":0,"_bbp_voice_count":0,"_bbp_anonymous_reply_count":0,"_bbp_topic_count_hidden":0,"_bbp_reply_count_hidden":0,"_bbp_forum_subforum_count":0,"footnotes":""},"categories":[216,1,4,39],"tags":[],"class_list":["post-16384","post","type-post","status-publish","format-standard","has-post-thumbnail","hentry","category-curs-2022-2023","category-general","category-portada","category-primaria"],"post_mailing_queue_ids":[],"_links":{"self":[{"href":"https:\/\/agora.xtec.cat\/esc-joaquimruyra-blanes\/wp-json\/wp\/v2\/posts\/16384","targetHints":{"allow":["GET"]}}],"collection":[{"href":"https:\/\/agora.xtec.cat\/esc-joaquimruyra-blanes\/wp-json\/wp\/v2\/posts"}],"about":[{"href":"https:\/\/agora.xtec.cat\/esc-joaquimruyra-blanes\/wp-json\/wp\/v2\/types\/post"}],"author":[{"embeddable":true,"href":"https:\/\/agora.xtec.cat\/esc-joaquimruyra-blanes\/wp-json\/wp\/v2\/users\/11"}],"replies":[{"embeddable":true,"href":"https:\/\/agora.xtec.cat\/esc-joaquimruyra-blanes\/wp-json\/wp\/v2\/comments?post=16384"}],"version-history":[{"count":3,"href":"https:\/\/agora.xtec.cat\/esc-joaquimruyra-blanes\/wp-json\/wp\/v2\/posts\/16384\/revisions"}],"predecessor-version":[{"id":16389,"href":"https:\/\/agora.xtec.cat\/esc-joaquimruyra-blanes\/wp-json\/wp\/v2\/posts\/16384\/revisions\/16389"}],"wp:featuredmedia":[{"embeddable":true,"href":"https:\/\/agora.xtec.cat\/esc-joaquimruyra-blanes\/wp-json\/wp\/v2\/media\/16390"}],"wp:attachment":[{"href":"https:\/\/agora.xtec.cat\/esc-joaquimruyra-blanes\/wp-json\/wp\/v2\/media?parent=16384"}],"wp:term":[{"taxonomy":"category","embeddable":true,"href":"https:\/\/agora.xtec.cat\/esc-joaquimruyra-blanes\/wp-json\/wp\/v2\/categories?post=16384"},{"taxonomy":"post_tag","embeddable":true,"href":"https:\/\/agora.xtec.cat\/esc-joaquimruyra-blanes\/wp-json\/wp\/v2\/tags?post=16384"}],"curies":[{"name":"wp","href":"https:\/\/api.w.org\/{rel}","templated":true}]}}