{"id":16312,"date":"2023-06-16T14:04:31","date_gmt":"2023-06-16T12:04:31","guid":{"rendered":"https:\/\/agora.xtec.cat\/esc-joaquimruyra-blanes\/?p=16312"},"modified":"2023-06-16T14:04:31","modified_gmt":"2023-06-16T12:04:31","slug":"parlem-dels-vertebrats-al-cicle-inicial","status":"publish","type":"post","link":"https:\/\/agora.xtec.cat\/esc-joaquimruyra-blanes\/general\/parlem-dels-vertebrats-al-cicle-inicial\/","title":{"rendered":"Parlem dels vertebrats al cicle inicial"},"content":{"rendered":"<p>Benvolgudes fam\u00edlies,<\/p>\n<p>Segur que heu vist l\u2019\u00e0lbum d\u2019animals que han portat els vostres fills i filles a casa, oi? \u00c9s el treball del projecte que han realitzat a classe. Per\u00f2 tamb\u00e9 hem gravat uns videos d\u2019all\u00f2 m\u00e9s interessants utilitzant la pantalla croma.<br \/>\nEls voleu veure? Doncs tot seguit us els compartim.<br \/>\nJa veureu com els infants han apr\u00e8s \u00a0molt dels animals vertebrats.<\/p>\n<p>V\u00eddeos d\u2019alumnat de segon<\/p>\n<p><iframe loading=\"lazy\" title=\"Amfibis\" width=\"500\" height=\"281\" src=\"https:\/\/www.youtube.com\/embed\/Qs6ekaShaD8?feature=oembed\" frameborder=\"0\" allow=\"accelerometer; autoplay; clipboard-write; encrypted-media; gyroscope; picture-in-picture; web-share\" referrerpolicy=\"strict-origin-when-cross-origin\" allowfullscreen><\/iframe><\/p>\n<p><iframe loading=\"lazy\" title=\"R\u00c8PTILS\" width=\"500\" height=\"281\" src=\"https:\/\/www.youtube.com\/embed\/kUY8UPYwt4k?feature=oembed\" frameborder=\"0\" allow=\"accelerometer; autoplay; clipboard-write; encrypted-media; gyroscope; picture-in-picture; web-share\" referrerpolicy=\"strict-origin-when-cross-origin\" allowfullscreen><\/iframe><\/p>\n<p><iframe loading=\"lazy\" title=\"Les aus\" width=\"500\" height=\"281\" src=\"https:\/\/www.youtube.com\/embed\/60ISHPGcdEs?feature=oembed\" frameborder=\"0\" allow=\"accelerometer; autoplay; clipboard-write; encrypted-media; gyroscope; picture-in-picture; web-share\" referrerpolicy=\"strict-origin-when-cross-origin\" allowfullscreen><\/iframe><\/p>\n<p><iframe loading=\"lazy\" title=\"Els peixos\" width=\"500\" height=\"281\" src=\"https:\/\/www.youtube.com\/embed\/Qb2PaDmTLjQ?feature=oembed\" frameborder=\"0\" allow=\"accelerometer; autoplay; clipboard-write; encrypted-media; gyroscope; picture-in-picture; web-share\" referrerpolicy=\"strict-origin-when-cross-origin\" allowfullscreen><\/iframe><\/p>\n<p><iframe loading=\"lazy\" title=\"Els mam\u00edfers\" width=\"500\" height=\"281\" src=\"https:\/\/www.youtube.com\/embed\/sjw8TnBMjLU?feature=oembed\" frameborder=\"0\" allow=\"accelerometer; autoplay; clipboard-write; encrypted-media; gyroscope; picture-in-picture; web-share\" referrerpolicy=\"strict-origin-when-cross-origin\" allowfullscreen><\/iframe><\/p>\n<p>Videos d\u2019alumnat de primer<\/p>\n<p><iframe loading=\"lazy\" title=\"Aus 1r\" width=\"500\" height=\"281\" src=\"https:\/\/www.youtube.com\/embed\/9f0kTEdXf_Q?feature=oembed\" frameborder=\"0\" allow=\"accelerometer; autoplay; clipboard-write; encrypted-media; gyroscope; picture-in-picture; web-share\" referrerpolicy=\"strict-origin-when-cross-origin\" allowfullscreen><\/iframe><\/p>\n<p><iframe loading=\"lazy\" title=\"R\u00e8ptils 1r\" width=\"500\" height=\"281\" src=\"https:\/\/www.youtube.com\/embed\/QoHGWtJyneQ?feature=oembed\" frameborder=\"0\" allow=\"accelerometer; autoplay; clipboard-write; encrypted-media; gyroscope; picture-in-picture; web-share\" referrerpolicy=\"strict-origin-when-cross-origin\" allowfullscreen><\/iframe><\/p>\n<p><iframe loading=\"lazy\" title=\"Amfibis 1r\" width=\"500\" height=\"281\" src=\"https:\/\/www.youtube.com\/embed\/iKW2bJGy1rM?feature=oembed\" frameborder=\"0\" allow=\"accelerometer; autoplay; clipboard-write; encrypted-media; gyroscope; picture-in-picture; web-share\" referrerpolicy=\"strict-origin-when-cross-origin\" allowfullscreen><\/iframe><\/p>\n<p><iframe loading=\"lazy\" title=\"Els peixos 1r\" width=\"500\" height=\"281\" src=\"https:\/\/www.youtube.com\/embed\/myOZ1FfUsis?feature=oembed\" frameborder=\"0\" allow=\"accelerometer; autoplay; clipboard-write; encrypted-media; gyroscope; picture-in-picture; web-share\" referrerpolicy=\"strict-origin-when-cross-origin\" allowfullscreen><\/iframe><\/p>\n<p><iframe loading=\"lazy\" title=\"Els mam\u00edfers 1r\" width=\"500\" height=\"281\" src=\"https:\/\/www.youtube.com\/embed\/A9u5P0gGu2k?feature=oembed\" frameborder=\"0\" allow=\"accelerometer; autoplay; clipboard-write; encrypted-media; gyroscope; picture-in-picture; web-share\" referrerpolicy=\"strict-origin-when-cross-origin\" allowfullscreen><\/iframe><\/p>\n","protected":false},"excerpt":{"rendered":"<p>Benvolgudes fam\u00edlies,<br \/>\nSegur que heu vist l\u2019\u00e0lbum d\u2019animals que han portat els vostres fills i filles a casa, oi? \u00c9s el treball del projecte que han realitzat a classe. Per\u00f2 tamb\u00e9 hem gravat uns videos d\u2019all\u00f2 m\u00e9s interessants utilitzant la pantalla croma.<br \/>\nEls voleu veure? Doncs tot&hellip;  <a href=\"https:\/\/agora.xtec.cat\/esc-joaquimruyra-blanes\/general\/parlem-dels-vertebrats-al-cicle-inicial\/\" title=\"Read Parlem dels vertebrats al cicle inicial\">Llegeix m\u00e9s\u00bb<\/a><\/p>\n","protected":false},"author":20,"featured_media":16320,"comment_status":"closed","ping_status":"closed","sticky":false,"template":"","format":"standard","meta":{"_bbp_topic_count":0,"_bbp_reply_count":0,"_bbp_total_topic_count":0,"_bbp_total_reply_count":0,"_bbp_voice_count":0,"_bbp_anonymous_reply_count":0,"_bbp_topic_count_hidden":0,"_bbp_reply_count_hidden":0,"_bbp_forum_subforum_count":0,"footnotes":""},"categories":[23,216,1,155,4,39],"tags":[],"class_list":["post-16312","post","type-post","status-publish","format-standard","has-post-thumbnail","hentry","category-2n","category-curs-2022-2023","category-general","category-covid-19","category-portada","category-primaria"],"post_mailing_queue_ids":[],"_links":{"self":[{"href":"https:\/\/agora.xtec.cat\/esc-joaquimruyra-blanes\/wp-json\/wp\/v2\/posts\/16312","targetHints":{"allow":["GET"]}}],"collection":[{"href":"https:\/\/agora.xtec.cat\/esc-joaquimruyra-blanes\/wp-json\/wp\/v2\/posts"}],"about":[{"href":"https:\/\/agora.xtec.cat\/esc-joaquimruyra-blanes\/wp-json\/wp\/v2\/types\/post"}],"author":[{"embeddable":true,"href":"https:\/\/agora.xtec.cat\/esc-joaquimruyra-blanes\/wp-json\/wp\/v2\/users\/20"}],"replies":[{"embeddable":true,"href":"https:\/\/agora.xtec.cat\/esc-joaquimruyra-blanes\/wp-json\/wp\/v2\/comments?post=16312"}],"version-history":[{"count":3,"href":"https:\/\/agora.xtec.cat\/esc-joaquimruyra-blanes\/wp-json\/wp\/v2\/posts\/16312\/revisions"}],"predecessor-version":[{"id":16335,"href":"https:\/\/agora.xtec.cat\/esc-joaquimruyra-blanes\/wp-json\/wp\/v2\/posts\/16312\/revisions\/16335"}],"wp:featuredmedia":[{"embeddable":true,"href":"https:\/\/agora.xtec.cat\/esc-joaquimruyra-blanes\/wp-json\/wp\/v2\/media\/16320"}],"wp:attachment":[{"href":"https:\/\/agora.xtec.cat\/esc-joaquimruyra-blanes\/wp-json\/wp\/v2\/media?parent=16312"}],"wp:term":[{"taxonomy":"category","embeddable":true,"href":"https:\/\/agora.xtec.cat\/esc-joaquimruyra-blanes\/wp-json\/wp\/v2\/categories?post=16312"},{"taxonomy":"post_tag","embeddable":true,"href":"https:\/\/agora.xtec.cat\/esc-joaquimruyra-blanes\/wp-json\/wp\/v2\/tags?post=16312"}],"curies":[{"name":"wp","href":"https:\/\/api.w.org\/{rel}","templated":true}]}}