{"id":16251,"date":"2023-06-01T15:41:31","date_gmt":"2023-06-01T13:41:31","guid":{"rendered":"https:\/\/agora.xtec.cat\/esc-joaquimruyra-blanes\/?p=16251"},"modified":"2023-06-01T15:58:37","modified_gmt":"2023-06-01T13:58:37","slug":"sortida-a-palamos-cicle-inicial","status":"publish","type":"post","link":"https:\/\/agora.xtec.cat\/esc-joaquimruyra-blanes\/general\/sortida-a-palamos-cicle-inicial\/","title":{"rendered":"Sortida a Palam\u00f3s (Cicle Inicial)"},"content":{"rendered":"<p>Benvolgudes fam\u00edlies,<\/p>\n<p>El passat dimarts dia 30 de maig l&#8217;alumnat de cicle inicial vam anar d&#8217;excursi\u00f3 a Palam\u00f3s. El nostre objectiu era realitzar una sortida relacionada amb el projecte &#8220;Constru\u00efm un vaixell pirata&#8221; que hem iniciat sobre la flotabilitat dels vaixells.<\/p>\n<p>Ens va fer un dia fant\u00e0stic i vam gaudir de navegar per la badia de Palam\u00f3s. A m\u00e9s, l&#8217;alumnat va superar 4 proves per convertir-se en pirates.<\/p>\n<p>Us deixem un recull de<a href=\"https:\/\/drive.google.com\/file\/d\/1sLPqc84lnkpm8jxLP_RUSfXCr7bcQLxF\/view?usp=share_link\"> fotografies<\/a>.<\/p>\n<p>&nbsp;<\/p>\n","protected":false},"excerpt":{"rendered":"<p>Benvolgudes fam\u00edlies,<br \/>\nEl passat dimarts dia 30 de maig l&#8217;alumnat de cicle inicial vam anar d&#8217;excursi\u00f3 a Palam\u00f3s. El nostre objectiu era realitzar una sortida relacionada amb el projecte &#8220;Constru\u00efm un vaixell pirata&#8221; que hem iniciat sobre la flotabilitat dels vaixells.<br \/>\nEns va fer un dia fant\u00e0stic&hellip;  <a href=\"https:\/\/agora.xtec.cat\/esc-joaquimruyra-blanes\/general\/sortida-a-palamos-cicle-inicial\/\" title=\"Read Sortida a Palam\u00f3s (Cicle Inicial)\">Llegeix m\u00e9s\u00bb<\/a><\/p>\n","protected":false},"author":1,"featured_media":16254,"comment_status":"closed","ping_status":"closed","sticky":false,"template":"","format":"standard","meta":{"_bbp_topic_count":0,"_bbp_reply_count":0,"_bbp_total_topic_count":0,"_bbp_total_reply_count":0,"_bbp_voice_count":0,"_bbp_anonymous_reply_count":0,"_bbp_topic_count_hidden":0,"_bbp_reply_count_hidden":0,"_bbp_forum_subforum_count":0,"footnotes":""},"categories":[24,23,216,1,4,39],"tags":[],"class_list":["post-16251","post","type-post","status-publish","format-standard","has-post-thumbnail","hentry","category-1r","category-2n","category-curs-2022-2023","category-general","category-portada","category-primaria"],"post_mailing_queue_ids":[],"_links":{"self":[{"href":"https:\/\/agora.xtec.cat\/esc-joaquimruyra-blanes\/wp-json\/wp\/v2\/posts\/16251","targetHints":{"allow":["GET"]}}],"collection":[{"href":"https:\/\/agora.xtec.cat\/esc-joaquimruyra-blanes\/wp-json\/wp\/v2\/posts"}],"about":[{"href":"https:\/\/agora.xtec.cat\/esc-joaquimruyra-blanes\/wp-json\/wp\/v2\/types\/post"}],"author":[{"embeddable":true,"href":"https:\/\/agora.xtec.cat\/esc-joaquimruyra-blanes\/wp-json\/wp\/v2\/users\/1"}],"replies":[{"embeddable":true,"href":"https:\/\/agora.xtec.cat\/esc-joaquimruyra-blanes\/wp-json\/wp\/v2\/comments?post=16251"}],"version-history":[{"count":1,"href":"https:\/\/agora.xtec.cat\/esc-joaquimruyra-blanes\/wp-json\/wp\/v2\/posts\/16251\/revisions"}],"predecessor-version":[{"id":16252,"href":"https:\/\/agora.xtec.cat\/esc-joaquimruyra-blanes\/wp-json\/wp\/v2\/posts\/16251\/revisions\/16252"}],"wp:featuredmedia":[{"embeddable":true,"href":"https:\/\/agora.xtec.cat\/esc-joaquimruyra-blanes\/wp-json\/wp\/v2\/media\/16254"}],"wp:attachment":[{"href":"https:\/\/agora.xtec.cat\/esc-joaquimruyra-blanes\/wp-json\/wp\/v2\/media?parent=16251"}],"wp:term":[{"taxonomy":"category","embeddable":true,"href":"https:\/\/agora.xtec.cat\/esc-joaquimruyra-blanes\/wp-json\/wp\/v2\/categories?post=16251"},{"taxonomy":"post_tag","embeddable":true,"href":"https:\/\/agora.xtec.cat\/esc-joaquimruyra-blanes\/wp-json\/wp\/v2\/tags?post=16251"}],"curies":[{"name":"wp","href":"https:\/\/api.w.org\/{rel}","templated":true}]}}