{"id":16192,"date":"2023-05-24T15:03:47","date_gmt":"2023-05-24T13:03:47","guid":{"rendered":"https:\/\/agora.xtec.cat\/esc-joaquimruyra-blanes\/?p=16192"},"modified":"2023-05-24T15:03:47","modified_gmt":"2023-05-24T13:03:47","slug":"el-projecte-qui-es-qui-uneix-a-5e-i-i5","status":"publish","type":"post","link":"https:\/\/agora.xtec.cat\/esc-joaquimruyra-blanes\/general\/el-projecte-qui-es-qui-uneix-a-5e-i-i5\/","title":{"rendered":"El projecte QUI \u00c9S QUI uneix a 5\u00e8 i I5"},"content":{"rendered":"<p>Com \u00e9s de gratificant poder <strong>compartir moments<\/strong> <strong>entre alumnat de diferents cursos<\/strong>, i la trobada que hem realitzat entre 5\u00e8 i I5 n&#8217;\u00e9s una mostra.<\/p>\n<p>Les nenes i nens de 5\u00e8 hem estat elaborant un <strong>projecte de llengua catalana<\/strong>, QUI \u00c9S QUI, l&#8217;objectiu del qual era treballar el text instructiu a partir de la <strong>creaci\u00f3 d&#8217;un joc pels m\u00e9s petits d&#8217;I5.<\/strong> Aquest joc per\u00f2 havia de complir uns requisits: aprendre quelcom nou i\/o consolidar alguns aprenentatges d&#8217;aquell curs.<\/p>\n<p>Un cop dissenyat el joc i acabades les instruccions, i la seva pr\u00f2pia elaboraci\u00f3, l&#8217;alumnat de 5\u00e8 va fer un <strong>tastet dels jocs<\/strong> per comprovar la seva viabilitat. Aix\u00ed, cada equip va jugar al joc creat per un altre equip per finalment, avaluar-lo amb la din\u00e0mica<strong><em> 2 estrelles i 1 desig. <\/em><\/strong><\/p>\n<p>Despr\u00e9s d&#8217;acabar aquesta prova, ara s\u00ed, est\u00e0vem en condicions de <strong>jugar amb l&#8217;alumnat d&#8217;I5<\/strong>. Mireu, mireu com de b\u00e9 va anar l&#8217;experi\u00e8ncia&#8230;<\/p>\n<p><iframe loading=\"lazy\" title=\"JOCS 5\u00e8 i I5\" width=\"500\" height=\"281\" src=\"https:\/\/www.youtube.com\/embed\/hRz860qrcXo?feature=oembed\" frameborder=\"0\" allow=\"accelerometer; autoplay; clipboard-write; encrypted-media; gyroscope; picture-in-picture; web-share\" referrerpolicy=\"strict-origin-when-cross-origin\" allowfullscreen><\/iframe><\/p>\n","protected":false},"excerpt":{"rendered":"<p>Com \u00e9s de gratificant poder compartir moments entre alumnat de diferents cursos, i la trobada que hem realitzat entre 5\u00e8 i I5 n&#8217;\u00e9s una mostra.<br \/>\nLes nenes i nens de 5\u00e8 hem estat elaborant un projecte de llengua catalana, QUI \u00c9S QUI, l&#8217;objectiu del qual era&hellip;  <a href=\"https:\/\/agora.xtec.cat\/esc-joaquimruyra-blanes\/general\/el-projecte-qui-es-qui-uneix-a-5e-i-i5\/\" title=\"Read El projecte QUI \u00c9S QUI uneix a 5\u00e8 i I5\">Llegeix m\u00e9s\u00bb<\/a><\/p>\n","protected":false},"author":1,"featured_media":16248,"comment_status":"closed","ping_status":"closed","sticky":false,"template":"","format":"standard","meta":{"_bbp_topic_count":0,"_bbp_reply_count":0,"_bbp_total_topic_count":0,"_bbp_total_reply_count":0,"_bbp_voice_count":0,"_bbp_anonymous_reply_count":0,"_bbp_topic_count_hidden":0,"_bbp_reply_count_hidden":0,"_bbp_forum_subforum_count":0,"footnotes":""},"categories":[14,216,1,197,32,4,39],"tags":[],"class_list":["post-16192","post","type-post","status-publish","format-standard","has-post-thumbnail","hentry","category-5e","category-curs-2022-2023","category-general","category-p5","category-infantil","category-portada","category-primaria"],"post_mailing_queue_ids":[],"_links":{"self":[{"href":"https:\/\/agora.xtec.cat\/esc-joaquimruyra-blanes\/wp-json\/wp\/v2\/posts\/16192","targetHints":{"allow":["GET"]}}],"collection":[{"href":"https:\/\/agora.xtec.cat\/esc-joaquimruyra-blanes\/wp-json\/wp\/v2\/posts"}],"about":[{"href":"https:\/\/agora.xtec.cat\/esc-joaquimruyra-blanes\/wp-json\/wp\/v2\/types\/post"}],"author":[{"embeddable":true,"href":"https:\/\/agora.xtec.cat\/esc-joaquimruyra-blanes\/wp-json\/wp\/v2\/users\/1"}],"replies":[{"embeddable":true,"href":"https:\/\/agora.xtec.cat\/esc-joaquimruyra-blanes\/wp-json\/wp\/v2\/comments?post=16192"}],"version-history":[{"count":3,"href":"https:\/\/agora.xtec.cat\/esc-joaquimruyra-blanes\/wp-json\/wp\/v2\/posts\/16192\/revisions"}],"predecessor-version":[{"id":16247,"href":"https:\/\/agora.xtec.cat\/esc-joaquimruyra-blanes\/wp-json\/wp\/v2\/posts\/16192\/revisions\/16247"}],"wp:featuredmedia":[{"embeddable":true,"href":"https:\/\/agora.xtec.cat\/esc-joaquimruyra-blanes\/wp-json\/wp\/v2\/media\/16248"}],"wp:attachment":[{"href":"https:\/\/agora.xtec.cat\/esc-joaquimruyra-blanes\/wp-json\/wp\/v2\/media?parent=16192"}],"wp:term":[{"taxonomy":"category","embeddable":true,"href":"https:\/\/agora.xtec.cat\/esc-joaquimruyra-blanes\/wp-json\/wp\/v2\/categories?post=16192"},{"taxonomy":"post_tag","embeddable":true,"href":"https:\/\/agora.xtec.cat\/esc-joaquimruyra-blanes\/wp-json\/wp\/v2\/tags?post=16192"}],"curies":[{"name":"wp","href":"https:\/\/api.w.org\/{rel}","templated":true}]}}