{"id":16118,"date":"2023-05-10T13:18:07","date_gmt":"2023-05-10T11:18:07","guid":{"rendered":"https:\/\/agora.xtec.cat\/esc-joaquimruyra-blanes\/?p=16118"},"modified":"2023-05-10T13:18:07","modified_gmt":"2023-05-10T11:18:07","slug":"sortida-al-jardi-botanic-mar-i-murtra","status":"publish","type":"post","link":"https:\/\/agora.xtec.cat\/esc-joaquimruyra-blanes\/portada\/sortida-al-jardi-botanic-mar-i-murtra\/","title":{"rendered":"Sortida al jard\u00ed bot\u00e0nic &#8220;Mar i Murtra&#8221;"},"content":{"rendered":"<p>Benvolgudes fam\u00edlies,<\/p>\n<p>El passat divendres 5 de maig, els i les alumnes de 3r vam anar d&#8217;excursi\u00f3 al jard\u00ed bot\u00e0nic &#8220;Mar i Murtra&#8221; de Blanes.<\/p>\n<p>Quan vam arribar, vam esmorzar a la zona reservada per a menjar i, tot seguit, la S\u00edlvia, la nostra guia, ens va fer una visita guiada. Ens va explicar un munt de coses interessants sobre el jard\u00ed bot\u00e0nic com per exemple que hi ha m\u00e9s de 4.000 esp\u00e8cies de plantes diferents. Vam aprendre la difer\u00e8ncia entre arbres, arbustos i herbes. Tamb\u00e9 vam apreciar dues zones ben diferenciades dels jardins: la zona de dins de la p\u00e8rgola i la zona exterior. Vam passejar entre plataners (que vam descobrir que no s\u00f3n arbres, sin\u00f3 herbes), entre bamb\u00fas, a la vora d&#8217;un llac ple de nen\u00fafars, al costat de la murtra que dona nom al jard\u00ed i tamb\u00e9 vam veure hotels d&#8217;insectes.<\/p>\n<p>Finalment, la S\u00edlvia ens va proposar una activitat: plantar la nostra pr\u00f2pia planta en un petit pot i aix\u00ed poder endur-nos-la a casa.<\/p>\n<p>Va ser un dia fant\u00e0stic, on vam estar en contacte amb la natura i vam aprendre molt\u00edssim!<\/p>\n\n\t\t<style type=\"text\/css\">\n\t\t\t#gallery-1 {\n\t\t\t\tmargin: auto;\n\t\t\t}\n\t\t\t#gallery-1 .gallery-item {\n\t\t\t\tfloat: left;\n\t\t\t\tmargin-top: 10px;\n\t\t\t\ttext-align: center;\n\t\t\t\twidth: 33%;\n\t\t\t}\n\t\t\t#gallery-1 img {\n\t\t\t\tborder: 2px solid #cfcfcf;\n\t\t\t}\n\t\t\t#gallery-1 .gallery-caption {\n\t\t\t\tmargin-left: 0;\n\t\t\t}\n\t\t\t\/* see gallery_shortcode() in wp-includes\/media.php *\/\n\t\t<\/style>\n\t\t<div id='gallery-1' class='gallery galleryid-16118 gallery-columns-3 gallery-size-thumbnail'><dl class='gallery-item'>\n\t\t\t<dt class='gallery-icon landscape'>\n\t\t\t\t<a href='https:\/\/agora.xtec.cat\/esc-joaquimruyra-blanes\/portada\/sortida-al-jardi-botanic-mar-i-murtra\/attachment\/photo7-4\/'><img loading=\"lazy\" decoding=\"async\" width=\"150\" height=\"150\" src=\"https:\/\/agora.xtec.cat\/esc-joaquimruyra-blanes\/wp-content\/uploads\/usu757\/2023\/05\/Photo7-2-150x150.jpg\" class=\"attachment-thumbnail size-thumbnail\" alt=\"\" aria-describedby=\"gallery-1-16177\" \/><\/a>\n\t\t\t<\/dt>\n\t\t\t\t<dd class='wp-caption-text gallery-caption' id='gallery-1-16177'>\n\t\t\t\tLa S\u00edlvia ens dona la benvinguda.\n\t\t\t\t<\/dd><\/dl><dl class='gallery-item'>\n\t\t\t<dt class='gallery-icon portrait'>\n\t\t\t\t<a href='https:\/\/agora.xtec.cat\/esc-joaquimruyra-blanes\/portada\/sortida-al-jardi-botanic-mar-i-murtra\/attachment\/photo11-2\/'><img loading=\"lazy\" decoding=\"async\" width=\"150\" height=\"150\" src=\"https:\/\/agora.xtec.cat\/esc-joaquimruyra-blanes\/wp-content\/uploads\/usu757\/2023\/05\/Photo11-1-150x150.jpg\" class=\"attachment-thumbnail size-thumbnail\" alt=\"\" aria-describedby=\"gallery-1-16178\" \/><\/a>\n\t\t\t<\/dt>\n\t\t\t\t<dd class='wp-caption-text gallery-caption' id='gallery-1-16178'>\n\t\t\t\tComencem la ruta!\n\t\t\t\t<\/dd><\/dl><dl class='gallery-item'>\n\t\t\t<dt class='gallery-icon portrait'>\n\t\t\t\t<a href='https:\/\/agora.xtec.cat\/esc-joaquimruyra-blanes\/portada\/sortida-al-jardi-botanic-mar-i-murtra\/attachment\/photo5-3\/'><img loading=\"lazy\" decoding=\"async\" width=\"150\" height=\"150\" src=\"https:\/\/agora.xtec.cat\/esc-joaquimruyra-blanes\/wp-content\/uploads\/usu757\/2023\/05\/Photo5-1-150x150.jpg\" class=\"attachment-thumbnail size-thumbnail\" alt=\"\" aria-describedby=\"gallery-1-16175\" \/><\/a>\n\t\t\t<\/dt>\n\t\t\t\t<dd class='wp-caption-text gallery-caption' id='gallery-1-16175'>\n\t\t\t\tMireu quin plataner!\n\t\t\t\t<\/dd><\/dl><br style=\"clear: both\" \/><dl class='gallery-item'>\n\t\t\t<dt class='gallery-icon portrait'>\n\t\t\t\t<a href='https:\/\/agora.xtec.cat\/esc-joaquimruyra-blanes\/portada\/sortida-al-jardi-botanic-mar-i-murtra\/attachment\/photo4-4\/'><img loading=\"lazy\" decoding=\"async\" width=\"150\" height=\"150\" src=\"https:\/\/agora.xtec.cat\/esc-joaquimruyra-blanes\/wp-content\/uploads\/usu757\/2023\/05\/Photo4-2-150x150.jpg\" class=\"attachment-thumbnail size-thumbnail\" alt=\"\" aria-describedby=\"gallery-1-16174\" \/><\/a>\n\t\t\t<\/dt>\n\t\t\t\t<dd class='wp-caption-text gallery-caption' id='gallery-1-16174'>\n\t\t\t\tAqu\u00ed observem els bamb\u00fas.\n\t\t\t\t<\/dd><\/dl><dl class='gallery-item'>\n\t\t\t<dt class='gallery-icon portrait'>\n\t\t\t\t<a href='https:\/\/agora.xtec.cat\/esc-joaquimruyra-blanes\/portada\/sortida-al-jardi-botanic-mar-i-murtra\/attachment\/photo6-4\/'><img loading=\"lazy\" decoding=\"async\" width=\"150\" height=\"150\" src=\"https:\/\/agora.xtec.cat\/esc-joaquimruyra-blanes\/wp-content\/uploads\/usu757\/2023\/05\/Photo6-2-150x150.jpg\" class=\"attachment-thumbnail size-thumbnail\" alt=\"\" aria-describedby=\"gallery-1-16176\" \/><\/a>\n\t\t\t<\/dt>\n\t\t\t\t<dd class='wp-caption-text gallery-caption' id='gallery-1-16176'>\n\t\t\t\tFixeu-vos quin hotel d&#8217;insectes hi ha al jard\u00ed bot\u00e0nic!\n\t\t\t\t<\/dd><\/dl><dl class='gallery-item'>\n\t\t\t<dt class='gallery-icon portrait'>\n\t\t\t\t<a href='https:\/\/agora.xtec.cat\/esc-joaquimruyra-blanes\/portada\/sortida-al-jardi-botanic-mar-i-murtra\/attachment\/photo1-8\/'><img loading=\"lazy\" decoding=\"async\" width=\"150\" height=\"150\" src=\"https:\/\/agora.xtec.cat\/esc-joaquimruyra-blanes\/wp-content\/uploads\/usu757\/2023\/05\/Photo1-2-150x150.jpg\" class=\"attachment-thumbnail size-thumbnail\" alt=\"\" aria-describedby=\"gallery-1-16171\" \/><\/a>\n\t\t\t<\/dt>\n\t\t\t\t<dd class='wp-caption-text gallery-caption' id='gallery-1-16171'>\n\t\t\t\tPlantem la nostra crassa.\n\t\t\t\t<\/dd><\/dl><br style=\"clear: both\" \/><dl class='gallery-item'>\n\t\t\t<dt class='gallery-icon portrait'>\n\t\t\t\t<a href='https:\/\/agora.xtec.cat\/esc-joaquimruyra-blanes\/portada\/sortida-al-jardi-botanic-mar-i-murtra\/attachment\/photo3-4\/'><img loading=\"lazy\" decoding=\"async\" width=\"150\" height=\"150\" src=\"https:\/\/agora.xtec.cat\/esc-joaquimruyra-blanes\/wp-content\/uploads\/usu757\/2023\/05\/Photo3-2-150x150.jpg\" class=\"attachment-thumbnail size-thumbnail\" alt=\"\" aria-describedby=\"gallery-1-16173\" \/><\/a>\n\t\t\t<\/dt>\n\t\t\t\t<dd class='wp-caption-text gallery-caption' id='gallery-1-16173'>\n\t\t\t\tHem fet de jardiners i jardineres!\n\t\t\t\t<\/dd><\/dl><dl class='gallery-item'>\n\t\t\t<dt class='gallery-icon portrait'>\n\t\t\t\t<a href='https:\/\/agora.xtec.cat\/esc-joaquimruyra-blanes\/portada\/sortida-al-jardi-botanic-mar-i-murtra\/attachment\/photo2-5\/'><img loading=\"lazy\" decoding=\"async\" width=\"150\" height=\"150\" src=\"https:\/\/agora.xtec.cat\/esc-joaquimruyra-blanes\/wp-content\/uploads\/usu757\/2023\/05\/Photo2-2-150x150.jpg\" class=\"attachment-thumbnail size-thumbnail\" alt=\"\" aria-describedby=\"gallery-1-16172\" \/><\/a>\n\t\t\t<\/dt>\n\t\t\t\t<dd class='wp-caption-text gallery-caption' id='gallery-1-16172'>\n\t\t\t\tUna foto divertida per acabar b\u00e9 el dia!\n\t\t\t\t<\/dd><\/dl>\n\t\t\t<br style='clear: both' \/>\n\t\t<\/div>\n\n","protected":false},"excerpt":{"rendered":"<p>Benvolgudes fam\u00edlies,<br \/>\nEl passat divendres 5 de maig, els i les alumnes de 3r vam anar d&#8217;excursi\u00f3 al jard\u00ed bot\u00e0nic &#8220;Mar i Murtra&#8221; de Blanes.<br \/>\nQuan vam arribar, vam esmorzar a la zona reservada per a menjar i, tot seguit, la S\u00edlvia, la nostra guia, ens va&hellip;  <a href=\"https:\/\/agora.xtec.cat\/esc-joaquimruyra-blanes\/portada\/sortida-al-jardi-botanic-mar-i-murtra\/\" title=\"Read Sortida al jard\u00ed bot\u00e0nic &#8220;Mar i Murtra&#8221;\">Llegeix m\u00e9s\u00bb<\/a><\/p>\n","protected":false},"author":1,"featured_media":16168,"comment_status":"closed","ping_status":"closed","sticky":false,"template":"","format":"standard","meta":{"_bbp_topic_count":0,"_bbp_reply_count":0,"_bbp_total_topic_count":0,"_bbp_total_reply_count":0,"_bbp_voice_count":0,"_bbp_anonymous_reply_count":0,"_bbp_topic_count_hidden":0,"_bbp_reply_count_hidden":0,"_bbp_forum_subforum_count":0,"footnotes":""},"categories":[12,216,4],"tags":[],"class_list":["post-16118","post","type-post","status-publish","format-standard","has-post-thumbnail","hentry","category-3r","category-curs-2022-2023","category-portada"],"post_mailing_queue_ids":[],"_links":{"self":[{"href":"https:\/\/agora.xtec.cat\/esc-joaquimruyra-blanes\/wp-json\/wp\/v2\/posts\/16118","targetHints":{"allow":["GET"]}}],"collection":[{"href":"https:\/\/agora.xtec.cat\/esc-joaquimruyra-blanes\/wp-json\/wp\/v2\/posts"}],"about":[{"href":"https:\/\/agora.xtec.cat\/esc-joaquimruyra-blanes\/wp-json\/wp\/v2\/types\/post"}],"author":[{"embeddable":true,"href":"https:\/\/agora.xtec.cat\/esc-joaquimruyra-blanes\/wp-json\/wp\/v2\/users\/1"}],"replies":[{"embeddable":true,"href":"https:\/\/agora.xtec.cat\/esc-joaquimruyra-blanes\/wp-json\/wp\/v2\/comments?post=16118"}],"version-history":[{"count":3,"href":"https:\/\/agora.xtec.cat\/esc-joaquimruyra-blanes\/wp-json\/wp\/v2\/posts\/16118\/revisions"}],"predecessor-version":[{"id":16180,"href":"https:\/\/agora.xtec.cat\/esc-joaquimruyra-blanes\/wp-json\/wp\/v2\/posts\/16118\/revisions\/16180"}],"wp:featuredmedia":[{"embeddable":true,"href":"https:\/\/agora.xtec.cat\/esc-joaquimruyra-blanes\/wp-json\/wp\/v2\/media\/16168"}],"wp:attachment":[{"href":"https:\/\/agora.xtec.cat\/esc-joaquimruyra-blanes\/wp-json\/wp\/v2\/media?parent=16118"}],"wp:term":[{"taxonomy":"category","embeddable":true,"href":"https:\/\/agora.xtec.cat\/esc-joaquimruyra-blanes\/wp-json\/wp\/v2\/categories?post=16118"},{"taxonomy":"post_tag","embeddable":true,"href":"https:\/\/agora.xtec.cat\/esc-joaquimruyra-blanes\/wp-json\/wp\/v2\/tags?post=16118"}],"curies":[{"name":"wp","href":"https:\/\/api.w.org\/{rel}","templated":true}]}}