{"id":16106,"date":"2023-05-05T14:50:42","date_gmt":"2023-05-05T12:50:42","guid":{"rendered":"https:\/\/agora.xtec.cat\/esc-joaquimruyra-blanes\/?p=16106"},"modified":"2023-05-05T14:54:13","modified_gmt":"2023-05-05T12:54:13","slug":"musica-sensorial","status":"publish","type":"post","link":"https:\/\/agora.xtec.cat\/esc-joaquimruyra-blanes\/general\/musica-sensorial\/","title":{"rendered":"M\u00daSICA SENSORIAL"},"content":{"rendered":"<p>Benvolgudes fam\u00edlies,<\/p>\n<p>El passat dilluns 24 d&#8217;abril els nens i les nenes d&#8217;I3 vam passar-ho molt b\u00e9 realitzant una sessi\u00f3 de m\u00fasica sensorial a c\u00e0rrec de l&#8217;Alba Pagerols, mare de l&#8217;Irati. Agra\u00efm la seva disposici\u00f3, implicaci\u00f3 i col\u00b7laboraci\u00f3 per portar a terme l&#8217;activitat i proporcionar el material necessari per l&#8217;experi\u00e8ncia.<\/p>\n<p>L&#8217;alumnat va gaudir molt\u00edssim realitzant les diferents propostes, experimentant i manipulant amb els diversos materials i instruments.<\/p>\n<p>Va ser una experi\u00e8ncia molt gratificant i plena d&#8217;emocions.<\/p>\n<p>A continuaci\u00f3, us deixem un tastet de la sessi\u00f3.<\/p>\n<p>Desitgem que us agradi!<\/p>\n<p><iframe loading=\"lazy\" src=\"\/\/www.youtube.com\/embed\/oAKsk4VLN-s\" width=\"560\" height=\"314\" allowfullscreen=\"allowfullscreen\"><\/iframe><\/p>\n<p>&nbsp;<\/p>\n","protected":false},"excerpt":{"rendered":"<p>Benvolgudes fam\u00edlies,<br \/>\nEl passat dilluns 24 d&#8217;abril els nens i les nenes d&#8217;I3 vam passar-ho molt b\u00e9 realitzant una sessi\u00f3 de m\u00fasica sensorial a c\u00e0rrec de l&#8217;Alba Pagerols, mare de l&#8217;Irati. Agra\u00efm la seva disposici\u00f3, implicaci\u00f3 i col\u00b7laboraci\u00f3 per portar a terme l&#8217;activitat i proporcionar el&hellip;  <a href=\"https:\/\/agora.xtec.cat\/esc-joaquimruyra-blanes\/general\/musica-sensorial\/\" title=\"Read M\u00daSICA SENSORIAL\">Llegeix m\u00e9s\u00bb<\/a><\/p>\n","protected":false},"author":1,"featured_media":0,"comment_status":"closed","ping_status":"closed","sticky":false,"template":"","format":"standard","meta":{"_bbp_topic_count":0,"_bbp_reply_count":0,"_bbp_total_topic_count":0,"_bbp_total_reply_count":0,"_bbp_voice_count":0,"_bbp_anonymous_reply_count":0,"_bbp_topic_count_hidden":0,"_bbp_reply_count_hidden":0,"_bbp_forum_subforum_count":0,"footnotes":""},"categories":[216,1,195,32,4],"tags":[149,228,220],"class_list":["post-16106","post","type-post","status-publish","format-standard","hentry","category-curs-2022-2023","category-general","category-i3","category-infantil","category-portada","tag-educacio-infantil","tag-musica-sensorial","tag-p3"],"post_mailing_queue_ids":[],"_links":{"self":[{"href":"https:\/\/agora.xtec.cat\/esc-joaquimruyra-blanes\/wp-json\/wp\/v2\/posts\/16106","targetHints":{"allow":["GET"]}}],"collection":[{"href":"https:\/\/agora.xtec.cat\/esc-joaquimruyra-blanes\/wp-json\/wp\/v2\/posts"}],"about":[{"href":"https:\/\/agora.xtec.cat\/esc-joaquimruyra-blanes\/wp-json\/wp\/v2\/types\/post"}],"author":[{"embeddable":true,"href":"https:\/\/agora.xtec.cat\/esc-joaquimruyra-blanes\/wp-json\/wp\/v2\/users\/1"}],"replies":[{"embeddable":true,"href":"https:\/\/agora.xtec.cat\/esc-joaquimruyra-blanes\/wp-json\/wp\/v2\/comments?post=16106"}],"version-history":[{"count":3,"href":"https:\/\/agora.xtec.cat\/esc-joaquimruyra-blanes\/wp-json\/wp\/v2\/posts\/16106\/revisions"}],"predecessor-version":[{"id":16112,"href":"https:\/\/agora.xtec.cat\/esc-joaquimruyra-blanes\/wp-json\/wp\/v2\/posts\/16106\/revisions\/16112"}],"wp:attachment":[{"href":"https:\/\/agora.xtec.cat\/esc-joaquimruyra-blanes\/wp-json\/wp\/v2\/media?parent=16106"}],"wp:term":[{"taxonomy":"category","embeddable":true,"href":"https:\/\/agora.xtec.cat\/esc-joaquimruyra-blanes\/wp-json\/wp\/v2\/categories?post=16106"},{"taxonomy":"post_tag","embeddable":true,"href":"https:\/\/agora.xtec.cat\/esc-joaquimruyra-blanes\/wp-json\/wp\/v2\/tags?post=16106"}],"curies":[{"name":"wp","href":"https:\/\/api.w.org\/{rel}","templated":true}]}}