{"id":15963,"date":"2023-03-30T08:09:37","date_gmt":"2023-03-30T06:09:37","guid":{"rendered":"https:\/\/agora.xtec.cat\/esc-joaquimruyra-blanes\/?p=15963"},"modified":"2023-03-30T08:09:37","modified_gmt":"2023-03-30T06:09:37","slug":"el-mes-valuos-ho-portem-a-dins","status":"publish","type":"post","link":"https:\/\/agora.xtec.cat\/esc-joaquimruyra-blanes\/general\/el-mes-valuos-ho-portem-a-dins\/","title":{"rendered":"EL M\u00c9S VALU\u00d3S HO PORTEM A DINS"},"content":{"rendered":"<p>L&#8217;alumnat de 2n aquest trimestre ha estat treballant la prevenci\u00f3 del Bullying.<\/p>\n<p>Hem recordat quines s\u00f3n les 6 emocions b\u00e0siques, com recon\u00e8ixer-les en nosaltres mateixes i mateixos, i en les altres persones. Tamb\u00e9 hem parlat del qu\u00e8 cal fer davant d&#8217;una situaci\u00f3 de Bullying.<\/p>\n<p>En l\u00b4\u00faltima sessi\u00f3 hem parlat de l&#8217;autoestima, fent un s\u00edmil amb un globus: els globus inflats s\u00f3n molt divertits perqu\u00e8 ens permeten jugar, per\u00f2 el m\u00e9s valu\u00f3s no \u00e9s veu i \u00e9s a dins: l&#8217;aire que est\u00e0 al seu interior. I el mateix passa amb les persones, que el m\u00e9s valu\u00f3s ho portem dins. No obstant aix\u00f2, no solem aturar-nos a mirar el nostre interior i reflexionar en les coses bones que tenim, per aix\u00f2 hem dedicat la sessi\u00f3 a reflexionar i recuperar pensaments positius de nosaltres mateixos\/es.<\/p>\n<p>Us deixem un recull de fotos perqu\u00e8 veieu qu\u00e8 divertit i profit\u00f3s ha estat.<\/p>\n<p><iframe loading=\"lazy\" title=\"Sessi\u00f3 empatia\" width=\"500\" height=\"281\" src=\"https:\/\/www.youtube.com\/embed\/qf9liH5PGRQ?feature=oembed\" frameborder=\"0\" allow=\"accelerometer; autoplay; clipboard-write; encrypted-media; gyroscope; picture-in-picture; web-share\" referrerpolicy=\"strict-origin-when-cross-origin\" allowfullscreen><\/iframe><\/p>\n","protected":false},"excerpt":{"rendered":"<p>L&#8217;alumnat de 2n aquest trimestre ha estat treballant la prevenci\u00f3 del Bullying.<br \/>\nHem recordat quines s\u00f3n les 6 emocions b\u00e0siques, com recon\u00e8ixer-les en nosaltres mateixes i mateixos, i en les altres persones. Tamb\u00e9 hem parlat del qu\u00e8 cal fer davant d&#8217;una situaci\u00f3 de Bullying.<br \/>\nEn l\u00b4\u00faltima sessi\u00f3&hellip;  <a href=\"https:\/\/agora.xtec.cat\/esc-joaquimruyra-blanes\/general\/el-mes-valuos-ho-portem-a-dins\/\" title=\"Read EL M\u00c9S VALU\u00d3S HO PORTEM A DINS\">Llegeix m\u00e9s\u00bb<\/a><\/p>\n","protected":false},"author":1,"featured_media":15997,"comment_status":"open","ping_status":"closed","sticky":false,"template":"","format":"standard","meta":{"_bbp_topic_count":0,"_bbp_reply_count":0,"_bbp_total_topic_count":0,"_bbp_total_reply_count":0,"_bbp_voice_count":0,"_bbp_anonymous_reply_count":0,"_bbp_topic_count_hidden":0,"_bbp_reply_count_hidden":0,"_bbp_forum_subforum_count":0,"footnotes":""},"categories":[23,216,1,4,39],"tags":[],"class_list":["post-15963","post","type-post","status-publish","format-standard","has-post-thumbnail","hentry","category-2n","category-curs-2022-2023","category-general","category-portada","category-primaria"],"post_mailing_queue_ids":[],"_links":{"self":[{"href":"https:\/\/agora.xtec.cat\/esc-joaquimruyra-blanes\/wp-json\/wp\/v2\/posts\/15963","targetHints":{"allow":["GET"]}}],"collection":[{"href":"https:\/\/agora.xtec.cat\/esc-joaquimruyra-blanes\/wp-json\/wp\/v2\/posts"}],"about":[{"href":"https:\/\/agora.xtec.cat\/esc-joaquimruyra-blanes\/wp-json\/wp\/v2\/types\/post"}],"author":[{"embeddable":true,"href":"https:\/\/agora.xtec.cat\/esc-joaquimruyra-blanes\/wp-json\/wp\/v2\/users\/1"}],"replies":[{"embeddable":true,"href":"https:\/\/agora.xtec.cat\/esc-joaquimruyra-blanes\/wp-json\/wp\/v2\/comments?post=15963"}],"version-history":[{"count":3,"href":"https:\/\/agora.xtec.cat\/esc-joaquimruyra-blanes\/wp-json\/wp\/v2\/posts\/15963\/revisions"}],"predecessor-version":[{"id":15991,"href":"https:\/\/agora.xtec.cat\/esc-joaquimruyra-blanes\/wp-json\/wp\/v2\/posts\/15963\/revisions\/15991"}],"wp:featuredmedia":[{"embeddable":true,"href":"https:\/\/agora.xtec.cat\/esc-joaquimruyra-blanes\/wp-json\/wp\/v2\/media\/15997"}],"wp:attachment":[{"href":"https:\/\/agora.xtec.cat\/esc-joaquimruyra-blanes\/wp-json\/wp\/v2\/media?parent=15963"}],"wp:term":[{"taxonomy":"category","embeddable":true,"href":"https:\/\/agora.xtec.cat\/esc-joaquimruyra-blanes\/wp-json\/wp\/v2\/categories?post=15963"},{"taxonomy":"post_tag","embeddable":true,"href":"https:\/\/agora.xtec.cat\/esc-joaquimruyra-blanes\/wp-json\/wp\/v2\/tags?post=15963"}],"curies":[{"name":"wp","href":"https:\/\/api.w.org\/{rel}","templated":true}]}}