{"id":15917,"date":"2023-03-22T14:59:52","date_gmt":"2023-03-22T13:59:52","guid":{"rendered":"https:\/\/agora.xtec.cat\/esc-joaquimruyra-blanes\/?p=15917"},"modified":"2023-03-22T15:01:34","modified_gmt":"2023-03-22T14:01:34","slug":"sortida-local-cicle-inicial","status":"publish","type":"post","link":"https:\/\/agora.xtec.cat\/esc-joaquimruyra-blanes\/general\/sortida-local-cicle-inicial\/","title":{"rendered":"SORTIDA LOCAL CICLE INICIAL"},"content":{"rendered":"<p>El passat divendres dia 10 de mar\u00e7 els nens i nenes de 1r i 2n vam fer una sortida pel poble relacionada amb el projecte de &#8220;Blanes, t&#8217;estimo&#8221;.<\/p>\n<p>Vam visitar diferents indrets: Sa Palomera, l&#8217;est\u00e0tua de Carles Faust, el Frare Sadurn\u00ed dels ocells, el port i l&#8217;esgl\u00e9sia Santa Maria. De cada un vam resoldre un repte que ens va ajudar a aprendre m\u00e9s coses del nostre poble.<\/p>\n<p>Us deixem un recull de fotografies perqu\u00e8 pugueu veure com vam gaudir de la sortida \ud83d\ude00<\/p>\n<div style=\"width: 1920px;\" class=\"wp-video\"><!--[if lt IE 9]><script>document.createElement('video');<\/script><![endif]-->\n<video class=\"wp-video-shortcode\" id=\"video-15917-1\" width=\"1920\" height=\"1080\" preload=\"metadata\" controls=\"controls\"><source type=\"video\/mp4\" src=\"https:\/\/agora.xtec.cat\/esc-joaquimruyra-blanes\/wp-content\/uploads\/usu757\/2023\/03\/SORTIDA-BLANES-TESTIMO-10032023.mp4?_=1\" \/><a href=\"https:\/\/agora.xtec.cat\/esc-joaquimruyra-blanes\/wp-content\/uploads\/usu757\/2023\/03\/SORTIDA-BLANES-TESTIMO-10032023.mp4\">https:\/\/agora.xtec.cat\/esc-joaquimruyra-blanes\/wp-content\/uploads\/usu757\/2023\/03\/SORTIDA-BLANES-TESTIMO-10032023.mp4<\/a><\/video><\/div>\n","protected":false},"excerpt":{"rendered":"<p>El passat divendres dia 10 de mar\u00e7 els nens i nenes de 1r i 2n vam fer una sortida pel poble relacionada amb el projecte de &#8220;Blanes, t&#8217;estimo&#8221;.<br \/>\nVam visitar diferents indrets: Sa Palomera, l&#8217;est\u00e0tua de Carles Faust, el Frare Sadurn\u00ed dels ocells, el port i&hellip;  <a href=\"https:\/\/agora.xtec.cat\/esc-joaquimruyra-blanes\/general\/sortida-local-cicle-inicial\/\" title=\"Read SORTIDA LOCAL CICLE INICIAL\">Llegeix m\u00e9s\u00bb<\/a><\/p>\n","protected":false},"author":1,"featured_media":0,"comment_status":"closed","ping_status":"closed","sticky":false,"template":"","format":"standard","meta":{"_bbp_topic_count":0,"_bbp_reply_count":0,"_bbp_total_topic_count":0,"_bbp_total_reply_count":0,"_bbp_voice_count":0,"_bbp_anonymous_reply_count":0,"_bbp_topic_count_hidden":0,"_bbp_reply_count_hidden":0,"_bbp_forum_subforum_count":0,"footnotes":""},"categories":[24,23,216,1,4,39],"tags":[],"class_list":["post-15917","post","type-post","status-publish","format-standard","hentry","category-1r","category-2n","category-curs-2022-2023","category-general","category-portada","category-primaria"],"post_mailing_queue_ids":[],"_links":{"self":[{"href":"https:\/\/agora.xtec.cat\/esc-joaquimruyra-blanes\/wp-json\/wp\/v2\/posts\/15917","targetHints":{"allow":["GET"]}}],"collection":[{"href":"https:\/\/agora.xtec.cat\/esc-joaquimruyra-blanes\/wp-json\/wp\/v2\/posts"}],"about":[{"href":"https:\/\/agora.xtec.cat\/esc-joaquimruyra-blanes\/wp-json\/wp\/v2\/types\/post"}],"author":[{"embeddable":true,"href":"https:\/\/agora.xtec.cat\/esc-joaquimruyra-blanes\/wp-json\/wp\/v2\/users\/1"}],"replies":[{"embeddable":true,"href":"https:\/\/agora.xtec.cat\/esc-joaquimruyra-blanes\/wp-json\/wp\/v2\/comments?post=15917"}],"version-history":[{"count":3,"href":"https:\/\/agora.xtec.cat\/esc-joaquimruyra-blanes\/wp-json\/wp\/v2\/posts\/15917\/revisions"}],"predecessor-version":[{"id":15957,"href":"https:\/\/agora.xtec.cat\/esc-joaquimruyra-blanes\/wp-json\/wp\/v2\/posts\/15917\/revisions\/15957"}],"wp:attachment":[{"href":"https:\/\/agora.xtec.cat\/esc-joaquimruyra-blanes\/wp-json\/wp\/v2\/media?parent=15917"}],"wp:term":[{"taxonomy":"category","embeddable":true,"href":"https:\/\/agora.xtec.cat\/esc-joaquimruyra-blanes\/wp-json\/wp\/v2\/categories?post=15917"},{"taxonomy":"post_tag","embeddable":true,"href":"https:\/\/agora.xtec.cat\/esc-joaquimruyra-blanes\/wp-json\/wp\/v2\/tags?post=15917"}],"curies":[{"name":"wp","href":"https:\/\/api.w.org\/{rel}","templated":true}]}}