{"id":15754,"date":"2023-02-10T10:54:41","date_gmt":"2023-02-10T09:54:41","guid":{"rendered":"https:\/\/agora.xtec.cat\/esc-joaquimruyra-blanes\/?p=15754"},"modified":"2023-02-10T10:54:41","modified_gmt":"2023-02-10T09:54:41","slug":"renovem-la-biblioteca-de-lescola","status":"publish","type":"post","link":"https:\/\/agora.xtec.cat\/esc-joaquimruyra-blanes\/general\/renovem-la-biblioteca-de-lescola\/","title":{"rendered":"Renovem la BIBLIOTECA de l&#8217;escola!"},"content":{"rendered":"<p><strong>La biblioteca de l&#8217;escola est\u00e0 en proc\u00e9s de renovaci\u00f3!<\/strong><\/p>\n<p>En qu\u00e8 consistir\u00e0 aquesta renovaci\u00f3? Quatre fases:<\/p>\n<ul>\n<li>Fem <strong>esporga de llibres<\/strong>: Seleccionem aquells que estan en bon estat i s\u00f3n \u00fatils i actualitzats d&#8217;acord a la necessitat del nostre alumnat i donem de baixa aquells que no compleixen els requisits adequats per una biblioteca escolar.<\/li>\n<li>Ampliem el <strong>fons bibliogr\u00e0fic: <\/strong>Comprarem llibres nous gr\u00e0cies a una subvenci\u00f3 de la Diputaci\u00f3 de Girona.<\/li>\n<li><strong>Redissenyem l&#8217;espai<\/strong> per fer-lo m\u00e9s atractiu pel nostre alumnat i adequat als diferents usos i funcions d&#8217;una biblioteca moderna a partir de la creaci\u00f3 de racons (lectura lliure, lectura compartida, jocs de taula, zona de recerca d&#8217;informaci\u00f3, etc).<\/li>\n<li>Creem <strong>activitats i din\u00e0miques<\/strong> per realitzar a la biblioteca amb l&#8217;objectiu de fomentar la lectura entre l&#8217;alumnat.<\/li>\n<\/ul>\n<p>Per realitzar aquesta tasca de renovaci\u00f3, l&#8217;escola est\u00e0 comptant amb l&#8217;<strong>assessorament i orientaci\u00f3<\/strong> <strong>de la Gemma i la M\u00f2nica<\/strong>, directora i bibliotec\u00e0ria respectivament de la <strong>Biblioteca Comarcal de Blanes<\/strong>. Volem agrair molt\u00edssim a ambdues la seva implicaci\u00f3 i col\u00b7laboraci\u00f3 en assolir aquest prop\u00f2sit.<\/p>\n<p>Us anirem informant dels progressos i novetats!<\/p>\n\n\t\t<style type=\"text\/css\">\n\t\t\t#gallery-1 {\n\t\t\t\tmargin: auto;\n\t\t\t}\n\t\t\t#gallery-1 .gallery-item {\n\t\t\t\tfloat: left;\n\t\t\t\tmargin-top: 10px;\n\t\t\t\ttext-align: center;\n\t\t\t\twidth: 50%;\n\t\t\t}\n\t\t\t#gallery-1 img {\n\t\t\t\tborder: 2px solid #cfcfcf;\n\t\t\t}\n\t\t\t#gallery-1 .gallery-caption {\n\t\t\t\tmargin-left: 0;\n\t\t\t}\n\t\t\t\/* see gallery_shortcode() in wp-includes\/media.php *\/\n\t\t<\/style>\n\t\t<div id='gallery-1' class='gallery galleryid-15754 gallery-columns-2 gallery-size-full'><dl class='gallery-item'>\n\t\t\t<dt class='gallery-icon landscape'>\n\t\t\t\t<a href='https:\/\/agora.xtec.cat\/esc-joaquimruyra-blanes\/general\/renovem-la-biblioteca-de-lescola\/attachment\/1-47\/'><img loading=\"lazy\" decoding=\"async\" width=\"1080\" height=\"1080\" src=\"https:\/\/agora.xtec.cat\/esc-joaquimruyra-blanes\/wp-content\/uploads\/usu757\/2023\/02\/1-3.jpg\" class=\"attachment-full size-full\" alt=\"\" srcset=\"https:\/\/agora.xtec.cat\/esc-joaquimruyra-blanes\/wp-content\/uploads\/usu757\/2023\/02\/1-3.jpg 1080w, https:\/\/agora.xtec.cat\/esc-joaquimruyra-blanes\/wp-content\/uploads\/usu757\/2023\/02\/1-3-300x300.jpg 300w, https:\/\/agora.xtec.cat\/esc-joaquimruyra-blanes\/wp-content\/uploads\/usu757\/2023\/02\/1-3-1024x1024.jpg 1024w, https:\/\/agora.xtec.cat\/esc-joaquimruyra-blanes\/wp-content\/uploads\/usu757\/2023\/02\/1-3-150x150.jpg 150w, https:\/\/agora.xtec.cat\/esc-joaquimruyra-blanes\/wp-content\/uploads\/usu757\/2023\/02\/1-3-768x768.jpg 768w\" sizes=\"auto, (max-width: 1080px) 100vw, 1080px\" \/><\/a>\n\t\t\t<\/dt><\/dl><dl class='gallery-item'>\n\t\t\t<dt class='gallery-icon landscape'>\n\t\t\t\t<a href='https:\/\/agora.xtec.cat\/esc-joaquimruyra-blanes\/general\/renovem-la-biblioteca-de-lescola\/attachment\/2-47\/'><img loading=\"lazy\" decoding=\"async\" width=\"1080\" height=\"1080\" src=\"https:\/\/agora.xtec.cat\/esc-joaquimruyra-blanes\/wp-content\/uploads\/usu757\/2023\/02\/2-3.jpg\" class=\"attachment-full size-full\" alt=\"\" srcset=\"https:\/\/agora.xtec.cat\/esc-joaquimruyra-blanes\/wp-content\/uploads\/usu757\/2023\/02\/2-3.jpg 1080w, https:\/\/agora.xtec.cat\/esc-joaquimruyra-blanes\/wp-content\/uploads\/usu757\/2023\/02\/2-3-300x300.jpg 300w, https:\/\/agora.xtec.cat\/esc-joaquimruyra-blanes\/wp-content\/uploads\/usu757\/2023\/02\/2-3-1024x1024.jpg 1024w, https:\/\/agora.xtec.cat\/esc-joaquimruyra-blanes\/wp-content\/uploads\/usu757\/2023\/02\/2-3-150x150.jpg 150w, https:\/\/agora.xtec.cat\/esc-joaquimruyra-blanes\/wp-content\/uploads\/usu757\/2023\/02\/2-3-768x768.jpg 768w\" sizes=\"auto, (max-width: 1080px) 100vw, 1080px\" \/><\/a>\n\t\t\t<\/dt><\/dl><br style=\"clear: both\" \/><dl class='gallery-item'>\n\t\t\t<dt class='gallery-icon landscape'>\n\t\t\t\t<a href='https:\/\/agora.xtec.cat\/esc-joaquimruyra-blanes\/general\/renovem-la-biblioteca-de-lescola\/attachment\/3-44\/'><img loading=\"lazy\" decoding=\"async\" width=\"1080\" height=\"1080\" src=\"https:\/\/agora.xtec.cat\/esc-joaquimruyra-blanes\/wp-content\/uploads\/usu757\/2023\/02\/3-3.jpg\" class=\"attachment-full size-full\" alt=\"\" srcset=\"https:\/\/agora.xtec.cat\/esc-joaquimruyra-blanes\/wp-content\/uploads\/usu757\/2023\/02\/3-3.jpg 1080w, https:\/\/agora.xtec.cat\/esc-joaquimruyra-blanes\/wp-content\/uploads\/usu757\/2023\/02\/3-3-300x300.jpg 300w, https:\/\/agora.xtec.cat\/esc-joaquimruyra-blanes\/wp-content\/uploads\/usu757\/2023\/02\/3-3-1024x1024.jpg 1024w, https:\/\/agora.xtec.cat\/esc-joaquimruyra-blanes\/wp-content\/uploads\/usu757\/2023\/02\/3-3-150x150.jpg 150w, https:\/\/agora.xtec.cat\/esc-joaquimruyra-blanes\/wp-content\/uploads\/usu757\/2023\/02\/3-3-768x768.jpg 768w\" sizes=\"auto, (max-width: 1080px) 100vw, 1080px\" \/><\/a>\n\t\t\t<\/dt><\/dl>\n\t\t\t<br style='clear: both' \/>\n\t\t<\/div>\n\n","protected":false},"excerpt":{"rendered":"<p>La biblioteca de l&#8217;escola est\u00e0 en proc\u00e9s de renovaci\u00f3!<br \/>\nEn qu\u00e8 consistir\u00e0 aquesta renovaci\u00f3? Quatre fases:<\/p>\n<ul>\n<li>Fem esporga de llibres: Seleccionem aquells que estan en bon estat i s\u00f3n \u00fatils i actualitzats d&#8217;acord a la necessitat del nostre alumnat i donem de baixa aquells que no compleixen&hellip;  <a href=\"https:\/\/agora.xtec.cat\/esc-joaquimruyra-blanes\/general\/renovem-la-biblioteca-de-lescola\/\" title=\"Read Renovem la BIBLIOTECA de l&#8217;escola!\">Llegeix m\u00e9s\u00bb<\/a><br \/>\n","protected":false},"author":46,"featured_media":15755,"comment_status":"closed","ping_status":"closed","sticky":false,"template":"","format":"standard","meta":{"_bbp_topic_count":0,"_bbp_reply_count":0,"_bbp_total_topic_count":0,"_bbp_total_reply_count":0,"_bbp_voice_count":0,"_bbp_anonymous_reply_count":0,"_bbp_topic_count_hidden":0,"_bbp_reply_count_hidden":0,"_bbp_forum_subforum_count":0,"footnotes":""},"categories":[216,1,32,4,39],"tags":[],"class_list":["post-15754","post","type-post","status-publish","format-standard","has-post-thumbnail","hentry","category-curs-2022-2023","category-general","category-infantil","category-portada","category-primaria"],"post_mailing_queue_ids":[],"_links":{"self":[{"href":"https:\/\/agora.xtec.cat\/esc-joaquimruyra-blanes\/wp-json\/wp\/v2\/posts\/15754","targetHints":{"allow":["GET"]}}],"collection":[{"href":"https:\/\/agora.xtec.cat\/esc-joaquimruyra-blanes\/wp-json\/wp\/v2\/posts"}],"about":[{"href":"https:\/\/agora.xtec.cat\/esc-joaquimruyra-blanes\/wp-json\/wp\/v2\/types\/post"}],"author":[{"embeddable":true,"href":"https:\/\/agora.xtec.cat\/esc-joaquimruyra-blanes\/wp-json\/wp\/v2\/users\/46"}],"replies":[{"embeddable":true,"href":"https:\/\/agora.xtec.cat\/esc-joaquimruyra-blanes\/wp-json\/wp\/v2\/comments?post=15754"}],"version-history":[{"count":2,"href":"https:\/\/agora.xtec.cat\/esc-joaquimruyra-blanes\/wp-json\/wp\/v2\/posts\/15754\/revisions"}],"predecessor-version":[{"id":15759,"href":"https:\/\/agora.xtec.cat\/esc-joaquimruyra-blanes\/wp-json\/wp\/v2\/posts\/15754\/revisions\/15759"}],"wp:featuredmedia":[{"embeddable":true,"href":"https:\/\/agora.xtec.cat\/esc-joaquimruyra-blanes\/wp-json\/wp\/v2\/media\/15755"}],"wp:attachment":[{"href":"https:\/\/agora.xtec.cat\/esc-joaquimruyra-blanes\/wp-json\/wp\/v2\/media?parent=15754"}],"wp:term":[{"taxonomy":"category","embeddable":true,"href":"https:\/\/agora.xtec.cat\/esc-joaquimruyra-blanes\/wp-json\/wp\/v2\/categories?post=15754"},{"taxonomy":"post_tag","embeddable":true,"href":"https:\/\/agora.xtec.cat\/esc-joaquimruyra-blanes\/wp-json\/wp\/v2\/tags?post=15754"}],"curies":[{"name":"wp","href":"https:\/\/api.w.org\/{rel}","templated":true}]}}