{"id":15747,"date":"2023-02-08T11:20:01","date_gmt":"2023-02-08T10:20:01","guid":{"rendered":"https:\/\/agora.xtec.cat\/esc-joaquimruyra-blanes\/?p=15747"},"modified":"2023-02-08T11:20:01","modified_gmt":"2023-02-08T10:20:01","slug":"juguem-practiquem-aprenem-matematiques","status":"publish","type":"post","link":"https:\/\/agora.xtec.cat\/esc-joaquimruyra-blanes\/portada\/juguem-practiquem-aprenem-matematiques\/","title":{"rendered":"Juguem, practiquem, aprenem matem\u00e0tiques"},"content":{"rendered":"<p>A 5\u00e8 hem incl\u00f2s unes sessions de <strong>pr\u00e0ctica cooperativa<\/strong> per consolidar les operacions b\u00e0siques de <strong>matem\u00e0tiques,<\/strong> <strong>a partir del joc<\/strong>. Aix\u00ed, les sumes, les restes, les multiplicacions i les divisions les practiquem per equips en diferents racons. En un temps estipulat, cada equip practica l&#8217;operaci\u00f3 assignada a cada rac\u00f3 amb l&#8217;ajuda de les companyes i companys de cada grup, si \u00e9s necessari. Aquesta <strong>distribuci\u00f3 organitzativa<\/strong> permet:<\/p>\n<ul>\n<li>Aprendre a partir d&#8217;una pr\u00e0ctica motivadora (joc).<\/li>\n<li>Posar en pr\u00e0ctica l&#8217;ajuda m\u00fatua (els membres de cada grup s&#8217;ajuden entre ells\/es, en cas de necessitat).<\/li>\n<li>L&#8217;autoregulaci\u00f3 individual.<\/li>\n<li>Hi ha la pres\u00e8ncia de dues mestres a l&#8217;aula, la qual cosa possibilita una atenci\u00f3 m\u00e9s personalitzada.<\/li>\n<\/ul>\n<p>Tant l&#8217;alumnat (que aix\u00ed ens ho va fer saber), com les mestres estem <strong>molt satisfetes de l&#8217;experi\u00e8ncia d&#8217;aprenentatge<\/strong>. Repetirem!<\/p>\n\n\t\t<style type=\"text\/css\">\n\t\t\t#gallery-1 {\n\t\t\t\tmargin: auto;\n\t\t\t}\n\t\t\t#gallery-1 .gallery-item {\n\t\t\t\tfloat: left;\n\t\t\t\tmargin-top: 10px;\n\t\t\t\ttext-align: center;\n\t\t\t\twidth: 100%;\n\t\t\t}\n\t\t\t#gallery-1 img {\n\t\t\t\tborder: 2px solid #cfcfcf;\n\t\t\t}\n\t\t\t#gallery-1 .gallery-caption {\n\t\t\t\tmargin-left: 0;\n\t\t\t}\n\t\t\t\/* see gallery_shortcode() in wp-includes\/media.php *\/\n\t\t<\/style>\n\t\t<div id='gallery-1' class='gallery galleryid-15747 gallery-columns-1 gallery-size-full'><dl class='gallery-item'>\n\t\t\t<dt class='gallery-icon landscape'>\n\t\t\t\t<a href='https:\/\/agora.xtec.cat\/esc-joaquimruyra-blanes\/portada\/juguem-practiquem-aprenem-matematiques\/attachment\/1-46\/'><img loading=\"lazy\" decoding=\"async\" width=\"2000\" height=\"1600\" src=\"https:\/\/agora.xtec.cat\/esc-joaquimruyra-blanes\/wp-content\/uploads\/usu757\/2023\/02\/1-2.jpg\" class=\"attachment-full size-full\" alt=\"\" srcset=\"https:\/\/agora.xtec.cat\/esc-joaquimruyra-blanes\/wp-content\/uploads\/usu757\/2023\/02\/1-2.jpg 2000w, https:\/\/agora.xtec.cat\/esc-joaquimruyra-blanes\/wp-content\/uploads\/usu757\/2023\/02\/1-2-300x240.jpg 300w, https:\/\/agora.xtec.cat\/esc-joaquimruyra-blanes\/wp-content\/uploads\/usu757\/2023\/02\/1-2-1024x819.jpg 1024w, https:\/\/agora.xtec.cat\/esc-joaquimruyra-blanes\/wp-content\/uploads\/usu757\/2023\/02\/1-2-768x614.jpg 768w, https:\/\/agora.xtec.cat\/esc-joaquimruyra-blanes\/wp-content\/uploads\/usu757\/2023\/02\/1-2-1536x1229.jpg 1536w\" sizes=\"auto, (max-width: 2000px) 100vw, 2000px\" \/><\/a>\n\t\t\t<\/dt><\/dl><br style=\"clear: both\" \/><dl class='gallery-item'>\n\t\t\t<dt class='gallery-icon landscape'>\n\t\t\t\t<a href='https:\/\/agora.xtec.cat\/esc-joaquimruyra-blanes\/portada\/juguem-practiquem-aprenem-matematiques\/attachment\/2-46\/'><img loading=\"lazy\" decoding=\"async\" width=\"2000\" height=\"1600\" src=\"https:\/\/agora.xtec.cat\/esc-joaquimruyra-blanes\/wp-content\/uploads\/usu757\/2023\/02\/2-2.jpg\" class=\"attachment-full size-full\" alt=\"\" srcset=\"https:\/\/agora.xtec.cat\/esc-joaquimruyra-blanes\/wp-content\/uploads\/usu757\/2023\/02\/2-2.jpg 2000w, https:\/\/agora.xtec.cat\/esc-joaquimruyra-blanes\/wp-content\/uploads\/usu757\/2023\/02\/2-2-300x240.jpg 300w, https:\/\/agora.xtec.cat\/esc-joaquimruyra-blanes\/wp-content\/uploads\/usu757\/2023\/02\/2-2-1024x819.jpg 1024w, https:\/\/agora.xtec.cat\/esc-joaquimruyra-blanes\/wp-content\/uploads\/usu757\/2023\/02\/2-2-768x614.jpg 768w, https:\/\/agora.xtec.cat\/esc-joaquimruyra-blanes\/wp-content\/uploads\/usu757\/2023\/02\/2-2-1536x1229.jpg 1536w\" sizes=\"auto, (max-width: 2000px) 100vw, 2000px\" \/><\/a>\n\t\t\t<\/dt><\/dl><br style=\"clear: both\" \/><dl class='gallery-item'>\n\t\t\t<dt class='gallery-icon landscape'>\n\t\t\t\t<a href='https:\/\/agora.xtec.cat\/esc-joaquimruyra-blanes\/portada\/juguem-practiquem-aprenem-matematiques\/attachment\/3-43\/'><img loading=\"lazy\" decoding=\"async\" width=\"2000\" height=\"1600\" src=\"https:\/\/agora.xtec.cat\/esc-joaquimruyra-blanes\/wp-content\/uploads\/usu757\/2023\/02\/3-2.jpg\" class=\"attachment-full size-full\" alt=\"\" srcset=\"https:\/\/agora.xtec.cat\/esc-joaquimruyra-blanes\/wp-content\/uploads\/usu757\/2023\/02\/3-2.jpg 2000w, https:\/\/agora.xtec.cat\/esc-joaquimruyra-blanes\/wp-content\/uploads\/usu757\/2023\/02\/3-2-300x240.jpg 300w, https:\/\/agora.xtec.cat\/esc-joaquimruyra-blanes\/wp-content\/uploads\/usu757\/2023\/02\/3-2-1024x819.jpg 1024w, https:\/\/agora.xtec.cat\/esc-joaquimruyra-blanes\/wp-content\/uploads\/usu757\/2023\/02\/3-2-768x614.jpg 768w, https:\/\/agora.xtec.cat\/esc-joaquimruyra-blanes\/wp-content\/uploads\/usu757\/2023\/02\/3-2-1536x1229.jpg 1536w\" sizes=\"auto, (max-width: 2000px) 100vw, 2000px\" \/><\/a>\n\t\t\t<\/dt><\/dl><br style=\"clear: both\" \/>\n\t\t<\/div>\n\n","protected":false},"excerpt":{"rendered":"<p>A 5\u00e8 hem incl\u00f2s unes sessions de pr\u00e0ctica cooperativa per consolidar les operacions b\u00e0siques de matem\u00e0tiques, a partir del joc. Aix\u00ed, les sumes, les restes, les multiplicacions i les divisions les practiquem per equips en diferents racons. En un temps estipulat, cada equip practica l&#8217;operaci\u00f3&hellip;  <a href=\"https:\/\/agora.xtec.cat\/esc-joaquimruyra-blanes\/portada\/juguem-practiquem-aprenem-matematiques\/\" title=\"Read Juguem, practiquem, aprenem matem\u00e0tiques\">Llegeix m\u00e9s\u00bb<\/a><\/p>\n","protected":false},"author":46,"featured_media":15748,"comment_status":"closed","ping_status":"closed","sticky":false,"template":"","format":"standard","meta":{"_bbp_topic_count":0,"_bbp_reply_count":0,"_bbp_total_topic_count":0,"_bbp_total_reply_count":0,"_bbp_voice_count":0,"_bbp_anonymous_reply_count":0,"_bbp_topic_count_hidden":0,"_bbp_reply_count_hidden":0,"_bbp_forum_subforum_count":0,"footnotes":""},"categories":[14,216,4,39],"tags":[],"class_list":["post-15747","post","type-post","status-publish","format-standard","has-post-thumbnail","hentry","category-5e","category-curs-2022-2023","category-portada","category-primaria"],"post_mailing_queue_ids":[],"_links":{"self":[{"href":"https:\/\/agora.xtec.cat\/esc-joaquimruyra-blanes\/wp-json\/wp\/v2\/posts\/15747","targetHints":{"allow":["GET"]}}],"collection":[{"href":"https:\/\/agora.xtec.cat\/esc-joaquimruyra-blanes\/wp-json\/wp\/v2\/posts"}],"about":[{"href":"https:\/\/agora.xtec.cat\/esc-joaquimruyra-blanes\/wp-json\/wp\/v2\/types\/post"}],"author":[{"embeddable":true,"href":"https:\/\/agora.xtec.cat\/esc-joaquimruyra-blanes\/wp-json\/wp\/v2\/users\/46"}],"replies":[{"embeddable":true,"href":"https:\/\/agora.xtec.cat\/esc-joaquimruyra-blanes\/wp-json\/wp\/v2\/comments?post=15747"}],"version-history":[{"count":2,"href":"https:\/\/agora.xtec.cat\/esc-joaquimruyra-blanes\/wp-json\/wp\/v2\/posts\/15747\/revisions"}],"predecessor-version":[{"id":15753,"href":"https:\/\/agora.xtec.cat\/esc-joaquimruyra-blanes\/wp-json\/wp\/v2\/posts\/15747\/revisions\/15753"}],"wp:featuredmedia":[{"embeddable":true,"href":"https:\/\/agora.xtec.cat\/esc-joaquimruyra-blanes\/wp-json\/wp\/v2\/media\/15748"}],"wp:attachment":[{"href":"https:\/\/agora.xtec.cat\/esc-joaquimruyra-blanes\/wp-json\/wp\/v2\/media?parent=15747"}],"wp:term":[{"taxonomy":"category","embeddable":true,"href":"https:\/\/agora.xtec.cat\/esc-joaquimruyra-blanes\/wp-json\/wp\/v2\/categories?post=15747"},{"taxonomy":"post_tag","embeddable":true,"href":"https:\/\/agora.xtec.cat\/esc-joaquimruyra-blanes\/wp-json\/wp\/v2\/tags?post=15747"}],"curies":[{"name":"wp","href":"https:\/\/api.w.org\/{rel}","templated":true}]}}