{"id":15596,"date":"2022-12-21T12:31:43","date_gmt":"2022-12-21T11:31:43","guid":{"rendered":"https:\/\/agora.xtec.cat\/esc-joaquimruyra-blanes\/?p=15596"},"modified":"2022-12-21T12:31:43","modified_gmt":"2022-12-21T11:31:43","slug":"ens-visiten-els-patges-reials","status":"publish","type":"post","link":"https:\/\/agora.xtec.cat\/esc-joaquimruyra-blanes\/general\/ens-visiten-els-patges-reials\/","title":{"rendered":"Ens visiten els patges reials!"},"content":{"rendered":"<p>Hola fam\u00edlies!<\/p>\n<p>Quins \u00faltims dies m\u00e9s emocionants! Tenim moltes coses a explicar-vos. Avui ens han visitat els patges reials. Ha estat fant\u00e0stic! Els hem pogut tocar, abra\u00e7ar, donar petons&#8230; Hem aprofitat l&#8217;ocasi\u00f3 per donar-los les cartes amb tot el que demanem als reis. Ens han dit que donaran els nostres missatges als reis mags i les nostres cartes.<\/p>\n<p>A cicle inicial i mitj\u00e0 hem fet cagar el ti\u00f3. Ens ha cagat molt\u00edssim. Ens han encantat tots els llibres i jocs. Els aprofitarem per jugar al pati!<\/p>\n<p>Us deixem un v\u00eddeo i algunes imatges d&#8217;aquest dia tan especial.<\/p>\n<p><iframe loading=\"lazy\" title=\"Caguem el ti\u00f3 i ens visiten els patges reials\" width=\"500\" height=\"281\" src=\"https:\/\/www.youtube.com\/embed\/klFO3BEG-Bg?feature=oembed\" frameborder=\"0\" allow=\"accelerometer; autoplay; clipboard-write; encrypted-media; gyroscope; picture-in-picture; web-share\" referrerpolicy=\"strict-origin-when-cross-origin\" allowfullscreen><\/iframe><\/p>\n<p>Ens acomiadem dels companys\/es i de les mestres de l&#8217;escola.<\/p>\n<p>Esperem que gaudiu les vacances en fam\u00edlia i ens retrobem al gener.<\/p>\n<p>BONES FESTES!<\/p>\n","protected":false},"excerpt":{"rendered":"<p>Hola fam\u00edlies!<br \/>\nQuins \u00faltims dies m\u00e9s emocionants! Tenim moltes coses a explicar-vos. Avui ens han visitat els patges reials. Ha estat fant\u00e0stic! Els hem pogut tocar, abra\u00e7ar, donar petons&#8230; Hem aprofitat l&#8217;ocasi\u00f3 per donar-los les cartes amb tot el que demanem als reis. Ens han dit&hellip;  <a href=\"https:\/\/agora.xtec.cat\/esc-joaquimruyra-blanes\/general\/ens-visiten-els-patges-reials\/\" title=\"Read Ens visiten els patges reials!\">Llegeix m\u00e9s\u00bb<\/a><\/p>\n","protected":false},"author":40,"featured_media":15604,"comment_status":"closed","ping_status":"closed","sticky":false,"template":"","format":"standard","meta":{"_bbp_topic_count":0,"_bbp_reply_count":0,"_bbp_total_topic_count":0,"_bbp_total_reply_count":0,"_bbp_voice_count":0,"_bbp_anonymous_reply_count":0,"_bbp_topic_count_hidden":0,"_bbp_reply_count_hidden":0,"_bbp_forum_subforum_count":0,"footnotes":""},"categories":[7,216,1,32,4,39],"tags":[],"class_list":["post-15596","post","type-post","status-publish","format-standard","has-post-thumbnail","hentry","category-ampa","category-curs-2022-2023","category-general","category-infantil","category-portada","category-primaria"],"post_mailing_queue_ids":[],"_links":{"self":[{"href":"https:\/\/agora.xtec.cat\/esc-joaquimruyra-blanes\/wp-json\/wp\/v2\/posts\/15596","targetHints":{"allow":["GET"]}}],"collection":[{"href":"https:\/\/agora.xtec.cat\/esc-joaquimruyra-blanes\/wp-json\/wp\/v2\/posts"}],"about":[{"href":"https:\/\/agora.xtec.cat\/esc-joaquimruyra-blanes\/wp-json\/wp\/v2\/types\/post"}],"author":[{"embeddable":true,"href":"https:\/\/agora.xtec.cat\/esc-joaquimruyra-blanes\/wp-json\/wp\/v2\/users\/40"}],"replies":[{"embeddable":true,"href":"https:\/\/agora.xtec.cat\/esc-joaquimruyra-blanes\/wp-json\/wp\/v2\/comments?post=15596"}],"version-history":[{"count":3,"href":"https:\/\/agora.xtec.cat\/esc-joaquimruyra-blanes\/wp-json\/wp\/v2\/posts\/15596\/revisions"}],"predecessor-version":[{"id":15603,"href":"https:\/\/agora.xtec.cat\/esc-joaquimruyra-blanes\/wp-json\/wp\/v2\/posts\/15596\/revisions\/15603"}],"wp:featuredmedia":[{"embeddable":true,"href":"https:\/\/agora.xtec.cat\/esc-joaquimruyra-blanes\/wp-json\/wp\/v2\/media\/15604"}],"wp:attachment":[{"href":"https:\/\/agora.xtec.cat\/esc-joaquimruyra-blanes\/wp-json\/wp\/v2\/media?parent=15596"}],"wp:term":[{"taxonomy":"category","embeddable":true,"href":"https:\/\/agora.xtec.cat\/esc-joaquimruyra-blanes\/wp-json\/wp\/v2\/categories?post=15596"},{"taxonomy":"post_tag","embeddable":true,"href":"https:\/\/agora.xtec.cat\/esc-joaquimruyra-blanes\/wp-json\/wp\/v2\/tags?post=15596"}],"curies":[{"name":"wp","href":"https:\/\/api.w.org\/{rel}","templated":true}]}}