{"id":15524,"date":"2022-12-13T14:55:28","date_gmt":"2022-12-13T13:55:28","guid":{"rendered":"https:\/\/agora.xtec.cat\/esc-joaquimruyra-blanes\/?p=15524"},"modified":"2022-12-13T14:55:28","modified_gmt":"2022-12-13T13:55:28","slug":"infantil-anem-a-la-platja-2","status":"publish","type":"post","link":"https:\/\/agora.xtec.cat\/esc-joaquimruyra-blanes\/general\/infantil-anem-a-la-platja-2\/","title":{"rendered":"INFANTIL ANEM A LA PLATJA!!"},"content":{"rendered":"<p>Benvolgudes fam\u00edlies,<\/p>\n<p>El dimarts 29 de novembre a la tarda, els nens i nenes d&#8217;infantil vam poder gaudir d&#8217;una tarda de platja.<\/p>\n<p>Ens ho vam passar d&#8217;all\u00f2 m\u00e9s b\u00e9, compartint jocs, troballes i moltes i moltes rialles.<\/p>\n<p>Animeu-vos a veure com s&#8217;ho van passar els vostres fills i filles!!<\/p>\n<p><iframe loading=\"lazy\" title=\"ANEM A LA PLATJA\" width=\"500\" height=\"281\" src=\"https:\/\/www.youtube.com\/embed\/gLF8mGarbgc?feature=oembed\" frameborder=\"0\" allow=\"accelerometer; autoplay; clipboard-write; encrypted-media; gyroscope; picture-in-picture; web-share\" referrerpolicy=\"strict-origin-when-cross-origin\" allowfullscreen><\/iframe><\/p>\n","protected":false},"excerpt":{"rendered":"<p>Benvolgudes fam\u00edlies,<br \/>\nEl dimarts 29 de novembre a la tarda, els nens i nenes d&#8217;infantil vam poder gaudir d&#8217;una tarda de platja.<br \/>\nEns ho vam passar d&#8217;all\u00f2 m\u00e9s b\u00e9, compartint jocs, troballes i moltes i moltes rialles.<br \/>\nAnimeu-vos a veure com s&#8217;ho van passar els vostres fills i&hellip;  <a href=\"https:\/\/agora.xtec.cat\/esc-joaquimruyra-blanes\/general\/infantil-anem-a-la-platja-2\/\" title=\"Read INFANTIL ANEM A LA PLATJA!!\">Llegeix m\u00e9s\u00bb<\/a><\/p>\n","protected":false},"author":1,"featured_media":15529,"comment_status":"closed","ping_status":"closed","sticky":false,"template":"","format":"standard","meta":{"_bbp_topic_count":0,"_bbp_reply_count":0,"_bbp_total_topic_count":0,"_bbp_total_reply_count":0,"_bbp_voice_count":0,"_bbp_anonymous_reply_count":0,"_bbp_topic_count_hidden":0,"_bbp_reply_count_hidden":0,"_bbp_forum_subforum_count":0,"footnotes":""},"categories":[216,1,195,196,197,32,4],"tags":[],"class_list":["post-15524","post","type-post","status-publish","format-standard","has-post-thumbnail","hentry","category-curs-2022-2023","category-general","category-i3","category-p4","category-p5","category-infantil","category-portada"],"post_mailing_queue_ids":[],"_links":{"self":[{"href":"https:\/\/agora.xtec.cat\/esc-joaquimruyra-blanes\/wp-json\/wp\/v2\/posts\/15524","targetHints":{"allow":["GET"]}}],"collection":[{"href":"https:\/\/agora.xtec.cat\/esc-joaquimruyra-blanes\/wp-json\/wp\/v2\/posts"}],"about":[{"href":"https:\/\/agora.xtec.cat\/esc-joaquimruyra-blanes\/wp-json\/wp\/v2\/types\/post"}],"author":[{"embeddable":true,"href":"https:\/\/agora.xtec.cat\/esc-joaquimruyra-blanes\/wp-json\/wp\/v2\/users\/1"}],"replies":[{"embeddable":true,"href":"https:\/\/agora.xtec.cat\/esc-joaquimruyra-blanes\/wp-json\/wp\/v2\/comments?post=15524"}],"version-history":[{"count":2,"href":"https:\/\/agora.xtec.cat\/esc-joaquimruyra-blanes\/wp-json\/wp\/v2\/posts\/15524\/revisions"}],"predecessor-version":[{"id":15528,"href":"https:\/\/agora.xtec.cat\/esc-joaquimruyra-blanes\/wp-json\/wp\/v2\/posts\/15524\/revisions\/15528"}],"wp:featuredmedia":[{"embeddable":true,"href":"https:\/\/agora.xtec.cat\/esc-joaquimruyra-blanes\/wp-json\/wp\/v2\/media\/15529"}],"wp:attachment":[{"href":"https:\/\/agora.xtec.cat\/esc-joaquimruyra-blanes\/wp-json\/wp\/v2\/media?parent=15524"}],"wp:term":[{"taxonomy":"category","embeddable":true,"href":"https:\/\/agora.xtec.cat\/esc-joaquimruyra-blanes\/wp-json\/wp\/v2\/categories?post=15524"},{"taxonomy":"post_tag","embeddable":true,"href":"https:\/\/agora.xtec.cat\/esc-joaquimruyra-blanes\/wp-json\/wp\/v2\/tags?post=15524"}],"curies":[{"name":"wp","href":"https:\/\/api.w.org\/{rel}","templated":true}]}}